{"id":10735,"date":"2026-08-31T15:07:09","date_gmt":"2026-08-31T12:07:09","guid":{"rendered":"https:\/\/avrupaubkdental.com\/was-verursacht-gelbe-zaehne-worauf-sollten-wir-achten-um-die-zahnfarbe-zu-erhalten\/"},"modified":"2026-08-31T15:07:10","modified_gmt":"2026-08-31T12:07:10","slug":"was-verursacht-gelbe-zaehne-worauf-sollten-wir-achten-um-die-zahnfarbe-zu-erhalten","status":"publish","type":"post","link":"https:\/\/avrupaubkdental.com\/de\/was-verursacht-gelbe-zaehne-worauf-sollten-wir-achten-um-die-zahnfarbe-zu-erhalten\/","title":{"rendered":"Was verursacht gelbe Z\u00e4hne? Worauf sollten wir achten, um die Zahnfarbe zu erhalten?"},"content":{"rendered":"\t\t<div data-elementor-type=\"wp-post\" data-elementor-id=\"10735\" class=\"elementor elementor-10735 elementor-10701\">\n\t\t\t\t\t\t<div class=\"elementor-inner\">\n\t\t\t\t<div class=\"elementor-section-wrap\">\n\t\t\t\t\t\t\t\t\t<section class=\"elementor-section elementor-top-section elementor-element elementor-element-39e762a elementor-section-boxed elementor-section-height-default elementor-section-height-default\" data-id=\"39e762a\" data-element_type=\"section\">\n\t\t\t\t\t\t\t<div class=\"elementor-background-overlay\"><\/div>\n\t\t\t\t\t\t\t<div class=\"elementor-container elementor-column-gap-default\">\n\t\t\t\t\t\t\t<div class=\"elementor-row\">\n\t\t\t\t\t<div class=\"aux-parallax-section elementor-column elementor-col-100 elementor-top-column elementor-element elementor-element-64c7dc4\" data-id=\"64c7dc4\" data-element_type=\"column\" data-settings=\"{&quot;background_background&quot;:&quot;classic&quot;}\">\n\t\t\t<div class=\"elementor-column-wrap elementor-element-populated\">\n\t\t\t\t\t<div class=\"elementor-background-overlay\"><\/div>\n\t\t\t\t\t\t\t<div class=\"elementor-widget-wrap\">\n\t\t\t\t\t\t<div class=\"elementor-element elementor-element-5c52044 elementor-widget elementor-widget-heading\" data-id=\"5c52044\" data-element_type=\"widget\" data-widget_type=\"heading.default\">\n\t\t\t\t<div class=\"elementor-widget-container\">\n\t\t\t<h1 class=\"elementor-heading-title elementor-size-default\">Was verursacht gelbe Z\u00e4hne? Worauf sollten wir achten, um die Zahnfarbe zu erhalten?<\/h1>\t\t<\/div>\n\t\t\t\t<\/div>\n\t\t\t\t\t\t<\/div>\n\t\t\t\t\t<\/div>\n\t\t<\/div>\n\t\t\t\t\t\t\t\t<\/div>\n\t\t\t\t\t<\/div>\n\t\t<\/section>\n\t\t\t\t<section class=\"elementor-section elementor-top-section elementor-element elementor-element-d8125aa elementor-section-boxed elementor-section-height-default elementor-section-height-default\" data-id=\"d8125aa\" data-element_type=\"section\">\n\t\t\t\t\t\t<div class=\"elementor-container elementor-column-gap-default\">\n\t\t\t\t\t\t\t<div class=\"elementor-row\">\n\t\t\t\t\t<div class=\"aux-parallax-section elementor-column elementor-col-50 elementor-top-column elementor-element elementor-element-3383e47\" data-id=\"3383e47\" data-element_type=\"column\">\n\t\t\t<div class=\"elementor-column-wrap elementor-element-populated\">\n\t\t\t\t\t\t\t<div class=\"elementor-widget-wrap\">\n\t\t\t\t\t\t<div class=\"elementor-element elementor-element-4b88edd elementor-widget elementor-widget-text-editor\" data-id=\"4b88edd\" data-element_type=\"widget\" data-widget_type=\"text-editor.default\">\n\t\t\t\t<div class=\"elementor-widget-container\">\n\t\t\t\t\t\t\t\t<div class=\"elementor-text-editor elementor-clearfix\">\n\t\t\t\t<p class=\"p1\">Die Zahnfarbe spielt eine wichtige Rolle f\u00fcr ein gesundes und \u00e4sthetisch ansprechendes L\u00e4cheln. Es kommt jedoch h\u00e4ufig vor, dass Z\u00e4hne mit der Zeit ihre urspr\u00fcngliche wei\u00dfe Farbe verlieren und gelblicher erscheinen.<\/p>\n\t\t\t\t\t<\/div>\n\t\t\t\t\t\t<\/div>\n\t\t\t\t<\/div>\n\t\t\t\t\t\t<\/div>\n\t\t\t\t\t<\/div>\n\t\t<\/div>\n\t\t\t\t<div class=\"aux-parallax-section elementor-column elementor-col-50 elementor-top-column elementor-element elementor-element-837243a\" data-id=\"837243a\" data-element_type=\"column\">\n\t\t\t<div class=\"elementor-column-wrap elementor-element-populated\">\n\t\t\t\t\t\t\t<div class=\"elementor-widget-wrap\">\n\t\t\t\t\t\t<div class=\"elementor-element elementor-element-cfb0b4b elementor-widget elementor-widget-text-editor\" data-id=\"cfb0b4b\" data-element_type=\"widget\" data-widget_type=\"text-editor.default\">\n\t\t\t\t<div class=\"elementor-widget-container\">\n\t\t\t\t\t\t\t\t<div class=\"elementor-text-editor elementor-clearfix\">\n\t\t\t\t<p class=\"p1\">Viele Faktoren, von der Ern\u00e4hrung bis zur Mundhygiene, k\u00f6nnen die Zahnfarbe ver\u00e4ndern. In diesem Artikel erl\u00e4utert UBK Dental in Europa die Ursachen gelber Z\u00e4hne, Gewohnheiten, die die Zahnfarbe beeinflussen, und gibt Tipps f\u00fcr ein ges\u00fcnderes Aussehen.<\/p>\n\t\t\t\t\t<\/div>\n\t\t\t\t\t\t<\/div>\n\t\t\t\t<\/div>\n\t\t\t\t\t\t<\/div>\n\t\t\t\t\t<\/div>\n\t\t<\/div>\n\t\t\t\t\t\t\t\t<\/div>\n\t\t\t\t\t<\/div>\n\t\t<\/section>\n\t\t\t\t<section class=\"elementor-section elementor-top-section elementor-element elementor-element-643b4ef elementor-section-boxed elementor-section-height-default elementor-section-height-default\" data-id=\"643b4ef\" data-element_type=\"section\" data-settings=\"{&quot;background_background&quot;:&quot;classic&quot;}\">\n\t\t\t\t\t\t<div class=\"elementor-container elementor-column-gap-default\">\n\t\t\t\t\t\t\t<div class=\"elementor-row\">\n\t\t\t\t\t<div class=\"aux-parallax-section elementor-column elementor-col-66 elementor-top-column elementor-element elementor-element-5ec8e10\" data-id=\"5ec8e10\" data-element_type=\"column\" data-settings=\"{&quot;background_background&quot;:&quot;classic&quot;}\">\n\t\t\t<div class=\"elementor-column-wrap elementor-element-populated\">\n\t\t\t\t\t\t\t<div class=\"elementor-widget-wrap\">\n\t\t\t\t\t\t<div class=\"elementor-element elementor-element-d9ee89e elementor-widget elementor-widget-heading\" data-id=\"d9ee89e\" data-element_type=\"widget\" data-widget_type=\"heading.default\">\n\t\t\t\t<div class=\"elementor-widget-container\">\n\t\t\t<h2 class=\"elementor-heading-title elementor-size-default\">Warum verf\u00e4rben sich Z\u00e4hne gelb?<\/h2>\t\t<\/div>\n\t\t\t\t<\/div>\n\t\t\t\t<div class=\"elementor-element elementor-element-245e2d8 elementor-widget elementor-widget-text-editor\" data-id=\"245e2d8\" data-element_type=\"widget\" data-widget_type=\"text-editor.default\">\n\t\t\t\t<div class=\"elementor-widget-container\">\n\t\t\t\t\t\t\t\t<div class=\"elementor-text-editor elementor-clearfix\">\n\t\t\t\t<p class=\"p1\">Die Zahnfarbe kann von Person zu Person variieren. Im Laufe der Zeit k\u00f6nnen jedoch Verf\u00e4rbungen und Ver\u00e4nderungen der Zahnstruktur zu einem gelblichen Erscheinungsbild f\u00fchren. H\u00e4ufiger Konsum farbiger Getr\u00e4nke wie Tee und Kaffee kann die Zahnoberfl\u00e4che verf\u00e4rben. Auch Tabakprodukte z\u00e4hlen zu den wesentlichen Faktoren, die die Zahnfarbe negativ beeinflussen. Mit zunehmendem Alter k\u00f6nnen nat\u00fcrliche Ver\u00e4nderungen des Zahnschmelzes dazu f\u00fchren, dass die darunterliegende, gelblichere Dentinschicht st\u00e4rker hervortritt.<\/p>\n\t\t\t\t\t<\/div>\n\t\t\t\t\t\t<\/div>\n\t\t\t\t<\/div>\n\t\t\t\t<div class=\"elementor-element elementor-element-71b2a47 elementor-widget elementor-widget-heading\" data-id=\"71b2a47\" data-element_type=\"widget\" data-widget_type=\"heading.default\">\n\t\t\t\t<div class=\"elementor-widget-container\">\n\t\t\t<h2 class=\"elementor-heading-title elementor-size-default\">Beeinflussen Ern\u00e4hrungsgewohnheiten die Zahnfarbe?<\/h2>\t\t<\/div>\n\t\t\t\t<\/div>\n\t\t\t\t<div class=\"elementor-element elementor-element-ee51d4d elementor-widget elementor-widget-text-editor\" data-id=\"ee51d4d\" data-element_type=\"widget\" data-widget_type=\"text-editor.default\">\n\t\t\t\t<div class=\"elementor-widget-container\">\n\t\t\t\t\t\t\t\t<div class=\"elementor-text-editor elementor-clearfix\">\n\t\t\t\t<p class=\"p1\">Einige Nahrungsmittel und Getr\u00e4nke, die wir tags\u00fcber zu uns nehmen, k\u00f6nnen die Verf\u00e4rbung der Z\u00e4hne beeinflussen. Der h\u00e4ufige Konsum von Kaffee, Tee und einigen dunklen Lebensmitteln kann mit der Zeit zu oberfl\u00e4chlichen Verf\u00e4rbungen f\u00fchren. Das Sp\u00fclen des Mundes mit Wasser nach dem Verzehr dieser Produkte und die regelm\u00e4\u00dfige Mundpflege k\u00f6nnen dabei helfen, oberfl\u00e4chliche Verf\u00e4rbungen unter Kontrolle zu halten.<\/p>\n\t\t\t\t\t<\/div>\n\t\t\t\t\t\t<\/div>\n\t\t\t\t<\/div>\n\t\t\t\t\t\t<\/div>\n\t\t\t\t\t<\/div>\n\t\t<\/div>\n\t\t\t\t<div class=\"aux-parallax-section elementor-column elementor-col-33 elementor-top-column elementor-element elementor-element-21709a2\" data-id=\"21709a2\" data-element_type=\"column\">\n\t\t\t<div class=\"elementor-column-wrap elementor-element-populated\">\n\t\t\t\t\t\t\t<div class=\"elementor-widget-wrap\">\n\t\t\t\t\t\t<div class=\"elementor-element elementor-element-8397b3d elementor-widget elementor-widget-image\" data-id=\"8397b3d\" data-element_type=\"widget\" data-widget_type=\"image.default\">\n\t\t\t\t<div class=\"elementor-widget-container\">\n\t\t\t\t\t\t\t\t<div class=\"elementor-image\">\n\t\t\t\t\t\t\t\t\t\t\t\t<img loading=\"lazy\" decoding=\"async\" width=\"1080\" height=\"1350\" src=\"https:\/\/avrupaubkdental.com\/wp-content\/uploads\/2026\/08\/dis-eti-kanamasi-neden-olur-ne-zaman-dis-ekimine1.jpg\" class=\"attachment-full size-full wp-image-10671\" alt=\"\" \/>\t\t\t\t\t\t\t\t\t\t\t\t\t\t<\/div>\n\t\t\t\t\t\t<\/div>\n\t\t\t\t<\/div>\n\t\t\t\t\t\t<\/div>\n\t\t\t\t\t<\/div>\n\t\t<\/div>\n\t\t\t\t\t\t\t\t<\/div>\n\t\t\t\t\t<\/div>\n\t\t<\/section>\n\t\t\t\t<section class=\"elementor-section elementor-top-section elementor-element elementor-element-44f28db elementor-section-boxed elementor-section-height-default elementor-section-height-default\" data-id=\"44f28db\" data-element_type=\"section\" data-settings=\"{&quot;background_background&quot;:&quot;classic&quot;}\">\n\t\t\t\t\t\t<div class=\"elementor-container elementor-column-gap-default\">\n\t\t\t\t\t\t\t<div class=\"elementor-row\">\n\t\t\t\t\t<div class=\"aux-parallax-section elementor-column elementor-col-33 elementor-top-column elementor-element elementor-element-dc2b9e4\" data-id=\"dc2b9e4\" data-element_type=\"column\">\n\t\t\t<div class=\"elementor-column-wrap elementor-element-populated\">\n\t\t\t\t\t\t\t<div class=\"elementor-widget-wrap\">\n\t\t\t\t\t\t<div class=\"elementor-element elementor-element-7e3f69c elementor-widget elementor-widget-image\" data-id=\"7e3f69c\" data-element_type=\"widget\" data-widget_type=\"image.default\">\n\t\t\t\t<div class=\"elementor-widget-container\">\n\t\t\t\t\t\t\t\t<div class=\"elementor-image\">\n\t\t\t\t\t\t\t\t\t\t\t\t<img loading=\"lazy\" decoding=\"async\" width=\"1080\" height=\"1350\" src=\"https:\/\/avrupaubkdental.com\/wp-content\/uploads\/2026\/08\/dis-eti-kanamasi-neden-olur-ne-zaman-dis-ekimine2.jpg\" class=\"attachment-full size-full wp-image-10677\" alt=\"\" \/>\t\t\t\t\t\t\t\t\t\t\t\t\t\t<\/div>\n\t\t\t\t\t\t<\/div>\n\t\t\t\t<\/div>\n\t\t\t\t\t\t<\/div>\n\t\t\t\t\t<\/div>\n\t\t<\/div>\n\t\t\t\t<div class=\"aux-parallax-section elementor-column elementor-col-66 elementor-top-column elementor-element elementor-element-b683173\" data-id=\"b683173\" data-element_type=\"column\">\n\t\t\t<div class=\"elementor-column-wrap elementor-element-populated\">\n\t\t\t\t\t\t\t<div class=\"elementor-widget-wrap\">\n\t\t\t\t\t\t<div class=\"elementor-element elementor-element-31806d5 elementor-widget elementor-widget-heading\" data-id=\"31806d5\" data-element_type=\"widget\" data-widget_type=\"heading.default\">\n\t\t\t\t<div class=\"elementor-widget-container\">\n\t\t\t<h2 class=\"elementor-heading-title elementor-size-default\">Die Bedeutung der Mundpflege<\/h2>\t\t<\/div>\n\t\t\t\t<\/div>\n\t\t\t\t<div class=\"elementor-element elementor-element-6c4de11 elementor-widget elementor-widget-text-editor\" data-id=\"6c4de11\" data-element_type=\"widget\" data-widget_type=\"text-editor.default\">\n\t\t\t\t<div class=\"elementor-widget-container\">\n\t\t\t\t\t\t\t\t<div class=\"elementor-text-editor elementor-clearfix\">\n\t\t\t\t<p class=\"p1\">Unregelm\u00e4\u00dfiges Z\u00e4hneputzen kann zur Ansammlung von Zahnbelag f\u00fchren. Dies beeintr\u00e4chtigt nicht nur die Mund- und Zahngesundheit, sondern auch das Aussehen der Z\u00e4hne. Zweimal t\u00e4gliches Z\u00e4hneputzen mit der richtigen Technik und regelm\u00e4\u00dfige Zahnzwischenraumreinigung tragen zur Mundhygiene bei. Zu starkes Putzen, um die Z\u00e4hne aufzuhellen, ist jedoch nicht zielf\u00fchrend. Hartes und unkontrolliertes Putzen kann Zahnschmelz und Zahnfleisch sch\u00e4digen.<\/p>\n\t\t\t\t\t<\/div>\n\t\t\t\t\t\t<\/div>\n\t\t\t\t<\/div>\n\t\t\t\t<div class=\"elementor-element elementor-element-dd66dd7 elementor-widget elementor-widget-heading\" data-id=\"dd66dd7\" data-element_type=\"widget\" data-widget_type=\"heading.default\">\n\t\t\t\t<div class=\"elementor-widget-container\">\n\t\t\t<h2 class=\"elementor-heading-title elementor-size-default\">Zahnstein und Oberfl\u00e4chenflecken<\/h2>\t\t<\/div>\n\t\t\t\t<\/div>\n\t\t\t\t<div class=\"elementor-element elementor-element-6c3bac8 elementor-widget elementor-widget-text-editor\" data-id=\"6c3bac8\" data-element_type=\"widget\" data-widget_type=\"text-editor.default\">\n\t\t\t\t<div class=\"elementor-widget-container\">\n\t\t\t\t\t\t\t\t<div class=\"elementor-text-editor elementor-clearfix\">\n\t\t\t\t<p class=\"p1\">Zahnbelag, der sich auf der Zahnoberfl\u00e4che ansammelt, kann mit der Zeit aush\u00e4rten und zu Zahnstein werden. Zahnstein kann dazu f\u00fchren, dass die Z\u00e4hne dunkler erscheinen oder ungleichm\u00e4\u00dfig verf\u00e4rbt sind. Eine professionelle Zahnsteinentfernung und Politur kann bei geeigneten Patienten einige oberfl\u00e4chliche Verf\u00e4rbungen beseitigen. F\u00fcr Ver\u00e4nderungen der nat\u00fcrlichen Zahnfarbe sind jedoch unter Umst\u00e4nden andere Behandlungen erforderlich.<\/p>\n\t\t\t\t\t<\/div>\n\t\t\t\t\t\t<\/div>\n\t\t\t\t<\/div>\n\t\t\t\t\t\t<\/div>\n\t\t\t\t\t<\/div>\n\t\t<\/div>\n\t\t\t\t\t\t\t\t<\/div>\n\t\t\t\t\t<\/div>\n\t\t<\/section>\n\t\t\t\t<section class=\"elementor-section elementor-top-section elementor-element elementor-element-b04339a elementor-section-boxed elementor-section-height-default elementor-section-height-default\" data-id=\"b04339a\" data-element_type=\"section\" data-settings=\"{&quot;background_background&quot;:&quot;classic&quot;}\">\n\t\t\t\t\t\t<div class=\"elementor-container elementor-column-gap-default\">\n\t\t\t\t\t\t\t<div class=\"elementor-row\">\n\t\t\t\t\t<div class=\"aux-parallax-section elementor-column elementor-col-66 elementor-top-column elementor-element elementor-element-01e8ac0\" data-id=\"01e8ac0\" data-element_type=\"column\" data-settings=\"{&quot;background_background&quot;:&quot;classic&quot;}\">\n\t\t\t<div class=\"elementor-column-wrap elementor-element-populated\">\n\t\t\t\t\t\t\t<div class=\"elementor-widget-wrap\">\n\t\t\t\t\t\t<div class=\"elementor-element elementor-element-d9ecbed elementor-widget elementor-widget-heading\" data-id=\"d9ecbed\" data-element_type=\"widget\" data-widget_type=\"heading.default\">\n\t\t\t\t<div class=\"elementor-widget-container\">\n\t\t\t<h2 class=\"elementor-heading-title elementor-size-default\">Was ist professionelle Zahnaufhellung?<\/h2>\t\t<\/div>\n\t\t\t\t<\/div>\n\t\t\t\t<div class=\"elementor-element elementor-element-16d09d9 elementor-widget elementor-widget-text-editor\" data-id=\"16d09d9\" data-element_type=\"widget\" data-widget_type=\"text-editor.default\">\n\t\t\t\t<div class=\"elementor-widget-container\">\n\t\t\t\t\t\t\t\t<div class=\"elementor-text-editor elementor-clearfix\">\n\t\t\t\t<p class=\"p1\">Wer mit der Farbe seiner Z\u00e4hne unzufrieden ist, kann nach einer Untersuchung beim Zahnarzt eine professionelle Zahnaufhellung in Erw\u00e4gung ziehen. Ob eine Aufhellung geeignet ist, h\u00e4ngt vom individuellen Zahn- und Zahnfleischzustand, vorhandenen F\u00fcllungen und der Ursache der Verf\u00e4rbung ab. Daher ist es wichtig, dass der Zahnarzt die passende Methode festlegt. Ergebnisse und Behandlungsplan k\u00f6nnen von Patient zu Patient variieren.<\/p>\n\t\t\t\t\t<\/div>\n\t\t\t\t\t\t<\/div>\n\t\t\t\t<\/div>\n\t\t\t\t<div class=\"elementor-element elementor-element-91b5a18 elementor-widget elementor-widget-heading\" data-id=\"91b5a18\" data-element_type=\"widget\" data-widget_type=\"heading.default\">\n\t\t\t\t<div class=\"elementor-widget-container\">\n\t\t\t<h2 class=\"elementor-heading-title elementor-size-default\">Was kann man tun, um die wei\u00dfe Farbe der Z\u00e4hne zu erhalten?<\/h2>\t\t<\/div>\n\t\t\t\t<\/div>\n\t\t\t\t<div class=\"elementor-element elementor-element-02ee664 elementor-widget elementor-widget-text-editor\" data-id=\"02ee664\" data-element_type=\"widget\" data-widget_type=\"text-editor.default\">\n\t\t\t\t<div class=\"elementor-widget-container\">\n\t\t\t\t\t\t\t\t<div class=\"elementor-text-editor elementor-clearfix\">\n\t\t\t\t<p class=\"p1\">Regelm\u00e4\u00dfige Mundpflege ist unerl\u00e4sslich f\u00fcr den Erhalt der Zahnfarbe und die allgemeine Mundgesundheit. Es ist wichtig, den Konsum von Getr\u00e4nken, die zu Zahnverf\u00e4rbungen beitragen k\u00f6nnen, wie Tee und Kaffee, einzuschr\u00e4nken, Tabakprodukte zu meiden und regelm\u00e4\u00dfig zur zahn\u00e4rztlichen Kontrolle zu gehen. Unkontrollierte Aufhellungsmethoden mit Natron, Zitrone oder \u00e4hnlichen Produkten aus dem Internet sollten vermieden werden. Scheuernde oder s\u00e4urehaltige Substanzen k\u00f6nnen den Zahnschmelz sch\u00e4digen.<\/p>\n\t\t\t\t\t<\/div>\n\t\t\t\t\t\t<\/div>\n\t\t\t\t<\/div>\n\t\t\t\t\t\t<\/div>\n\t\t\t\t\t<\/div>\n\t\t<\/div>\n\t\t\t\t<div class=\"aux-parallax-section elementor-column elementor-col-33 elementor-top-column elementor-element elementor-element-20f72f2\" data-id=\"20f72f2\" data-element_type=\"column\">\n\t\t\t<div class=\"elementor-column-wrap elementor-element-populated\">\n\t\t\t\t\t\t\t<div class=\"elementor-widget-wrap\">\n\t\t\t\t\t\t<div class=\"elementor-element elementor-element-b025211 elementor-widget elementor-widget-image\" data-id=\"b025211\" data-element_type=\"widget\" data-widget_type=\"image.default\">\n\t\t\t\t<div class=\"elementor-widget-container\">\n\t\t\t\t\t\t\t\t<div class=\"elementor-image\">\n\t\t\t\t\t\t\t\t\t\t\t\t<img loading=\"lazy\" decoding=\"async\" width=\"1080\" height=\"1350\" src=\"https:\/\/avrupaubkdental.com\/wp-content\/uploads\/2026\/08\/dis-eti-kanamasi-neden-olur-ne-zaman-dis-ekimine3.jpg\" class=\"attachment-full size-full wp-image-10683\" alt=\"\" \/>\t\t\t\t\t\t\t\t\t\t\t\t\t\t<\/div>\n\t\t\t\t\t\t<\/div>\n\t\t\t\t<\/div>\n\t\t\t\t\t\t<\/div>\n\t\t\t\t\t<\/div>\n\t\t<\/div>\n\t\t\t\t\t\t\t\t<\/div>\n\t\t\t\t\t<\/div>\n\t\t<\/section>\n\t\t\t\t<section class=\"elementor-section elementor-top-section elementor-element elementor-element-33d9791 elementor-section-boxed elementor-section-height-default elementor-section-height-default\" data-id=\"33d9791\" data-element_type=\"section\">\n\t\t\t\t\t\t\t<div class=\"elementor-background-overlay\"><\/div>\n\t\t\t\t\t\t\t<div class=\"elementor-container elementor-column-gap-default\">\n\t\t\t\t\t\t\t<div class=\"elementor-row\">\n\t\t\t\t\t<div class=\"aux-parallax-section elementor-column elementor-col-100 elementor-top-column elementor-element elementor-element-f41da64\" data-id=\"f41da64\" data-element_type=\"column\">\n\t\t\t<div class=\"elementor-column-wrap elementor-element-populated\">\n\t\t\t\t\t\t\t<div class=\"elementor-widget-wrap\">\n\t\t\t\t\t\t<div class=\"elementor-element elementor-element-44ec201 elementor-widget elementor-widget-spacer\" data-id=\"44ec201\" data-element_type=\"widget\" data-widget_type=\"spacer.default\">\n\t\t\t\t<div class=\"elementor-widget-container\">\n\t\t\t\t\t<div class=\"elementor-spacer\">\n\t\t\t<div class=\"elementor-spacer-inner\"><\/div>\n\t\t<\/div>\n\t\t\t\t<\/div>\n\t\t\t\t<\/div>\n\t\t\t\t<div class=\"elementor-element elementor-element-4488dcd elementor-widget elementor-widget-spacer\" data-id=\"4488dcd\" data-element_type=\"widget\" data-widget_type=\"spacer.default\">\n\t\t\t\t<div class=\"elementor-widget-container\">\n\t\t\t\t\t<div class=\"elementor-spacer\">\n\t\t\t<div class=\"elementor-spacer-inner\"><\/div>\n\t\t<\/div>\n\t\t\t\t<\/div>\n\t\t\t\t<\/div>\n\t\t\t\t\t\t<\/div>\n\t\t\t\t\t<\/div>\n\t\t<\/div>\n\t\t\t\t\t\t\t\t<\/div>\n\t\t\t\t\t<\/div>\n\t\t<\/section>\n\t\t\t\t\t\t\t\t\t<\/div>\n\t\t\t<\/div>\n\t\t\t\t\t<\/div>\n\t\t","protected":false},"excerpt":{"rendered":"<p>Was verursacht gelbe Z\u00e4hne? Worauf sollten wir achten, um die Zahnfarbe zu erhalten? Die Zahnfarbe spielt eine wichtige Rolle f\u00fcr ein gesundes und \u00e4sthetisch ansprechendes L\u00e4cheln. Es kommt jedoch h\u00e4ufig vor, dass Z\u00e4hne mit der Zeit ihre urspr\u00fcngliche wei\u00dfe Farbe verlieren und gelblicher erscheinen. Viele Faktoren, von der Ern\u00e4hrung bis zur Mundhygiene, k\u00f6nnen die Zahnfarbe [&hellip;]<\/p>\n","protected":false},"author":1,"featured_media":10723,"comment_status":"open","ping_status":"open","sticky":false,"template":"elementor_header_footer","format":"standard","meta":{"_joinchat":[],"footnotes":""},"categories":[9],"tags":[],"class_list":["post-10735","post","type-post","status-publish","format-standard","has-post-thumbnail","hentry","category-unkategorisiert"],"yoast_head":"<!-- This site is optimized with the Yoast SEO plugin v28.2 - https:\/\/yoast.com\/product\/yoast-seo-wordpress\/ -->\n<title>Was verursacht gelbe Z\u00e4hne? Worauf sollten wir achten, um die Zahnfarbe zu erhalten? - Avrupa UBK Dental Bayrampa\u015fa<\/title>\n<meta name=\"robots\" content=\"index, follow, max-snippet:-1, max-image-preview:large, max-video-preview:-1\" \/>\n<link rel=\"canonical\" href=\"https:\/\/avrupaubkdental.com\/de\/was-verursacht-gelbe-zaehne-worauf-sollten-wir-achten-um-die-zahnfarbe-zu-erhalten\/\" \/>\n<meta property=\"og:locale\" content=\"de_DE\" \/>\n<meta property=\"og:type\" content=\"article\" \/>\n<meta property=\"og:title\" content=\"Was verursacht gelbe Z\u00e4hne? Worauf sollten wir achten, um die Zahnfarbe zu erhalten? - Avrupa UBK Dental Bayrampa\u015fa\" \/>\n<meta property=\"og:description\" content=\"Was verursacht gelbe Z\u00e4hne? Worauf sollten wir achten, um die Zahnfarbe zu erhalten? Die Zahnfarbe spielt eine wichtige Rolle f\u00fcr ein gesundes und \u00e4sthetisch ansprechendes L\u00e4cheln. Es kommt jedoch h\u00e4ufig vor, dass Z\u00e4hne mit der Zeit ihre urspr\u00fcngliche wei\u00dfe Farbe verlieren und gelblicher erscheinen. Viele Faktoren, von der Ern\u00e4hrung bis zur Mundhygiene, k\u00f6nnen die Zahnfarbe [&hellip;]\" \/>\n<meta property=\"og:url\" content=\"https:\/\/avrupaubkdental.com\/de\/was-verursacht-gelbe-zaehne-worauf-sollten-wir-achten-um-die-zahnfarbe-zu-erhalten\/\" \/>\n<meta property=\"og:site_name\" content=\"Avrupa UBK Dental Bayrampa\u015fa\" \/>\n<meta property=\"article:published_time\" content=\"2026-08-31T12:07:09+00:00\" \/>\n<meta property=\"article:modified_time\" content=\"2026-08-31T12:07:10+00:00\" \/>\n<meta property=\"og:image\" content=\"https:\/\/avrupaubkdental.com\/wp-content\/uploads\/2026\/08\/dislerde-sararma-neden-olur-dis-rengini-korumak-icin-nelere-dikkat-edilmeli.jpg\" \/>\n\t<meta property=\"og:image:width\" content=\"1660\" \/>\n\t<meta property=\"og:image:height\" content=\"1080\" \/>\n\t<meta property=\"og:image:type\" content=\"image\/jpeg\" \/>\n<meta name=\"author\" content=\"burak\" \/>\n<meta name=\"twitter:card\" content=\"summary_large_image\" \/>\n<meta name=\"twitter:label1\" content=\"Verfasst von\" \/>\n\t<meta name=\"twitter:data1\" content=\"burak\" \/>\n\t<meta name=\"twitter:label2\" content=\"Gesch\u00e4tzte Lesezeit\" \/>\n\t<meta name=\"twitter:data2\" content=\"3\u00a0Minuten\" \/>\n<script type=\"application\/ld+json\" class=\"yoast-schema-graph\">{\"@context\":\"https:\\\/\\\/schema.org\",\"@graph\":[{\"@type\":\"Article\",\"@id\":\"https:\\\/\\\/avrupaubkdental.com\\\/de\\\/was-verursacht-gelbe-zaehne-worauf-sollten-wir-achten-um-die-zahnfarbe-zu-erhalten\\\/#article\",\"isPartOf\":{\"@id\":\"https:\\\/\\\/avrupaubkdental.com\\\/de\\\/was-verursacht-gelbe-zaehne-worauf-sollten-wir-achten-um-die-zahnfarbe-zu-erhalten\\\/\"},\"author\":{\"name\":\"burak\",\"@id\":\"https:\\\/\\\/avrupaubkdental.com\\\/de\\\/#\\\/schema\\\/person\\\/76c7a1c48e922f069d538d16be02e02e\"},\"headline\":\"Was verursacht gelbe Z\u00e4hne? Worauf sollten wir achten, um die Zahnfarbe zu erhalten?\",\"datePublished\":\"2026-08-31T12:07:09+00:00\",\"dateModified\":\"2026-08-31T12:07:10+00:00\",\"mainEntityOfPage\":{\"@id\":\"https:\\\/\\\/avrupaubkdental.com\\\/de\\\/was-verursacht-gelbe-zaehne-worauf-sollten-wir-achten-um-die-zahnfarbe-zu-erhalten\\\/\"},\"wordCount\":569,\"commentCount\":0,\"publisher\":{\"@id\":\"https:\\\/\\\/avrupaubkdental.com\\\/de\\\/#organization\"},\"image\":{\"@id\":\"https:\\\/\\\/avrupaubkdental.com\\\/de\\\/was-verursacht-gelbe-zaehne-worauf-sollten-wir-achten-um-die-zahnfarbe-zu-erhalten\\\/#primaryimage\"},\"thumbnailUrl\":\"https:\\\/\\\/avrupaubkdental.com\\\/wp-content\\\/uploads\\\/2026\\\/08\\\/dislerde-sararma-neden-olur-dis-rengini-korumak-icin-nelere-dikkat-edilmeli.jpg\",\"articleSection\":[\"Unkategorisiert\"],\"inLanguage\":\"de\",\"potentialAction\":[{\"@type\":\"CommentAction\",\"name\":\"Comment\",\"target\":[\"https:\\\/\\\/avrupaubkdental.com\\\/de\\\/was-verursacht-gelbe-zaehne-worauf-sollten-wir-achten-um-die-zahnfarbe-zu-erhalten\\\/#respond\"]}]},{\"@type\":\"WebPage\",\"@id\":\"https:\\\/\\\/avrupaubkdental.com\\\/de\\\/was-verursacht-gelbe-zaehne-worauf-sollten-wir-achten-um-die-zahnfarbe-zu-erhalten\\\/\",\"url\":\"https:\\\/\\\/avrupaubkdental.com\\\/de\\\/was-verursacht-gelbe-zaehne-worauf-sollten-wir-achten-um-die-zahnfarbe-zu-erhalten\\\/\",\"name\":\"Was verursacht gelbe Z\u00e4hne? Worauf sollten wir achten, um die Zahnfarbe zu erhalten? - Avrupa UBK Dental Bayrampa\u015fa\",\"isPartOf\":{\"@id\":\"https:\\\/\\\/avrupaubkdental.com\\\/de\\\/#website\"},\"primaryImageOfPage\":{\"@id\":\"https:\\\/\\\/avrupaubkdental.com\\\/de\\\/was-verursacht-gelbe-zaehne-worauf-sollten-wir-achten-um-die-zahnfarbe-zu-erhalten\\\/#primaryimage\"},\"image\":{\"@id\":\"https:\\\/\\\/avrupaubkdental.com\\\/de\\\/was-verursacht-gelbe-zaehne-worauf-sollten-wir-achten-um-die-zahnfarbe-zu-erhalten\\\/#primaryimage\"},\"thumbnailUrl\":\"https:\\\/\\\/avrupaubkdental.com\\\/wp-content\\\/uploads\\\/2026\\\/08\\\/dislerde-sararma-neden-olur-dis-rengini-korumak-icin-nelere-dikkat-edilmeli.jpg\",\"datePublished\":\"2026-08-31T12:07:09+00:00\",\"dateModified\":\"2026-08-31T12:07:10+00:00\",\"breadcrumb\":{\"@id\":\"https:\\\/\\\/avrupaubkdental.com\\\/de\\\/was-verursacht-gelbe-zaehne-worauf-sollten-wir-achten-um-die-zahnfarbe-zu-erhalten\\\/#breadcrumb\"},\"inLanguage\":\"de\",\"potentialAction\":[{\"@type\":\"ReadAction\",\"target\":[\"https:\\\/\\\/avrupaubkdental.com\\\/de\\\/was-verursacht-gelbe-zaehne-worauf-sollten-wir-achten-um-die-zahnfarbe-zu-erhalten\\\/\"]}]},{\"@type\":\"ImageObject\",\"inLanguage\":\"de\",\"@id\":\"https:\\\/\\\/avrupaubkdental.com\\\/de\\\/was-verursacht-gelbe-zaehne-worauf-sollten-wir-achten-um-die-zahnfarbe-zu-erhalten\\\/#primaryimage\",\"url\":\"https:\\\/\\\/avrupaubkdental.com\\\/wp-content\\\/uploads\\\/2026\\\/08\\\/dislerde-sararma-neden-olur-dis-rengini-korumak-icin-nelere-dikkat-edilmeli.jpg\",\"contentUrl\":\"https:\\\/\\\/avrupaubkdental.com\\\/wp-content\\\/uploads\\\/2026\\\/08\\\/dislerde-sararma-neden-olur-dis-rengini-korumak-icin-nelere-dikkat-edilmeli.jpg\",\"width\":1660,\"height\":1080},{\"@type\":\"BreadcrumbList\",\"@id\":\"https:\\\/\\\/avrupaubkdental.com\\\/de\\\/was-verursacht-gelbe-zaehne-worauf-sollten-wir-achten-um-die-zahnfarbe-zu-erhalten\\\/#breadcrumb\",\"itemListElement\":[{\"@type\":\"ListItem\",\"position\":1,\"name\":\"Home\",\"item\":\"https:\\\/\\\/avrupaubkdental.com\\\/de\\\/\"},{\"@type\":\"ListItem\",\"position\":2,\"name\":\"Was verursacht gelbe Z\u00e4hne? Worauf sollten wir achten, um die Zahnfarbe zu erhalten?\"}]},{\"@type\":\"WebSite\",\"@id\":\"https:\\\/\\\/avrupaubkdental.com\\\/de\\\/#website\",\"url\":\"https:\\\/\\\/avrupaubkdental.com\\\/de\\\/\",\"name\":\"Avrupa UBK Dental\",\"description\":\"\",\"publisher\":{\"@id\":\"https:\\\/\\\/avrupaubkdental.com\\\/de\\\/#organization\"},\"potentialAction\":[{\"@type\":\"SearchAction\",\"target\":{\"@type\":\"EntryPoint\",\"urlTemplate\":\"https:\\\/\\\/avrupaubkdental.com\\\/de\\\/?s={search_term_string}\"},\"query-input\":{\"@type\":\"PropertyValueSpecification\",\"valueRequired\":true,\"valueName\":\"search_term_string\"}}],\"inLanguage\":\"de\"},{\"@type\":\"Organization\",\"@id\":\"https:\\\/\\\/avrupaubkdental.com\\\/de\\\/#organization\",\"name\":\"Avrupa UBK Dental\",\"url\":\"https:\\\/\\\/avrupaubkdental.com\\\/de\\\/\",\"logo\":{\"@type\":\"ImageObject\",\"inLanguage\":\"de\",\"@id\":\"https:\\\/\\\/avrupaubkdental.com\\\/de\\\/#\\\/schema\\\/logo\\\/image\\\/\",\"url\":\"https:\\\/\\\/avrupaubkdental.com\\\/wp-content\\\/uploads\\\/2023\\\/09\\\/cropped-AVR.-DIK-DUZ-SATIR-PNG.png\",\"contentUrl\":\"https:\\\/\\\/avrupaubkdental.com\\\/wp-content\\\/uploads\\\/2023\\\/09\\\/cropped-AVR.-DIK-DUZ-SATIR-PNG.png\",\"width\":150,\"height\":150,\"caption\":\"Avrupa UBK Dental\"},\"image\":{\"@id\":\"https:\\\/\\\/avrupaubkdental.com\\\/de\\\/#\\\/schema\\\/logo\\\/image\\\/\"},\"sameAs\":[\"https:\\\/\\\/www.instagram.com\\\/avrupaubkdental\\\/\"]},{\"@type\":\"Person\",\"@id\":\"https:\\\/\\\/avrupaubkdental.com\\\/de\\\/#\\\/schema\\\/person\\\/76c7a1c48e922f069d538d16be02e02e\",\"name\":\"burak\",\"image\":{\"@type\":\"ImageObject\",\"inLanguage\":\"de\",\"@id\":\"https:\\\/\\\/secure.gravatar.com\\\/avatar\\\/f746707d3bcfbee87fcc797fe3676d9f7bdbc2fe5ebae5f99c9cb63cc0378230?s=96&d=mm&r=g\",\"url\":\"https:\\\/\\\/secure.gravatar.com\\\/avatar\\\/f746707d3bcfbee87fcc797fe3676d9f7bdbc2fe5ebae5f99c9cb63cc0378230?s=96&d=mm&r=g\",\"contentUrl\":\"https:\\\/\\\/secure.gravatar.com\\\/avatar\\\/f746707d3bcfbee87fcc797fe3676d9f7bdbc2fe5ebae5f99c9cb63cc0378230?s=96&d=mm&r=g\",\"caption\":\"burak\"},\"sameAs\":[\"http:\\\/\\\/avrupaubkdental.com\"],\"url\":\"https:\\\/\\\/avrupaubkdental.com\\\/de\\\/author\\\/burak\\\/\"}]}<\/script>\n<!-- \/ Yoast SEO plugin. -->","yoast_head_json":{"title":"Was verursacht gelbe Z\u00e4hne? Worauf sollten wir achten, um die Zahnfarbe zu erhalten? - Avrupa UBK Dental Bayrampa\u015fa","robots":{"index":"index","follow":"follow","max-snippet":"max-snippet:-1","max-image-preview":"max-image-preview:large","max-video-preview":"max-video-preview:-1"},"canonical":"https:\/\/avrupaubkdental.com\/de\/was-verursacht-gelbe-zaehne-worauf-sollten-wir-achten-um-die-zahnfarbe-zu-erhalten\/","og_locale":"de_DE","og_type":"article","og_title":"Was verursacht gelbe Z\u00e4hne? Worauf sollten wir achten, um die Zahnfarbe zu erhalten? - Avrupa UBK Dental Bayrampa\u015fa","og_description":"Was verursacht gelbe Z\u00e4hne? Worauf sollten wir achten, um die Zahnfarbe zu erhalten? Die Zahnfarbe spielt eine wichtige Rolle f\u00fcr ein gesundes und \u00e4sthetisch ansprechendes L\u00e4cheln. Es kommt jedoch h\u00e4ufig vor, dass Z\u00e4hne mit der Zeit ihre urspr\u00fcngliche wei\u00dfe Farbe verlieren und gelblicher erscheinen. Viele Faktoren, von der Ern\u00e4hrung bis zur Mundhygiene, k\u00f6nnen die Zahnfarbe [&hellip;]","og_url":"https:\/\/avrupaubkdental.com\/de\/was-verursacht-gelbe-zaehne-worauf-sollten-wir-achten-um-die-zahnfarbe-zu-erhalten\/","og_site_name":"Avrupa UBK Dental Bayrampa\u015fa","article_published_time":"2026-08-31T12:07:09+00:00","article_modified_time":"2026-08-31T12:07:10+00:00","og_image":[{"width":1660,"height":1080,"url":"https:\/\/avrupaubkdental.com\/wp-content\/uploads\/2026\/08\/dislerde-sararma-neden-olur-dis-rengini-korumak-icin-nelere-dikkat-edilmeli.jpg","type":"image\/jpeg"}],"author":"burak","twitter_card":"summary_large_image","twitter_misc":{"Verfasst von":"burak","Gesch\u00e4tzte Lesezeit":"3\u00a0Minuten"},"schema":{"@context":"https:\/\/schema.org","@graph":[{"@type":"Article","@id":"https:\/\/avrupaubkdental.com\/de\/was-verursacht-gelbe-zaehne-worauf-sollten-wir-achten-um-die-zahnfarbe-zu-erhalten\/#article","isPartOf":{"@id":"https:\/\/avrupaubkdental.com\/de\/was-verursacht-gelbe-zaehne-worauf-sollten-wir-achten-um-die-zahnfarbe-zu-erhalten\/"},"author":{"name":"burak","@id":"https:\/\/avrupaubkdental.com\/de\/#\/schema\/person\/76c7a1c48e922f069d538d16be02e02e"},"headline":"Was verursacht gelbe Z\u00e4hne? Worauf sollten wir achten, um die Zahnfarbe zu erhalten?","datePublished":"2026-08-31T12:07:09+00:00","dateModified":"2026-08-31T12:07:10+00:00","mainEntityOfPage":{"@id":"https:\/\/avrupaubkdental.com\/de\/was-verursacht-gelbe-zaehne-worauf-sollten-wir-achten-um-die-zahnfarbe-zu-erhalten\/"},"wordCount":569,"commentCount":0,"publisher":{"@id":"https:\/\/avrupaubkdental.com\/de\/#organization"},"image":{"@id":"https:\/\/avrupaubkdental.com\/de\/was-verursacht-gelbe-zaehne-worauf-sollten-wir-achten-um-die-zahnfarbe-zu-erhalten\/#primaryimage"},"thumbnailUrl":"https:\/\/avrupaubkdental.com\/wp-content\/uploads\/2026\/08\/dislerde-sararma-neden-olur-dis-rengini-korumak-icin-nelere-dikkat-edilmeli.jpg","articleSection":["Unkategorisiert"],"inLanguage":"de","potentialAction":[{"@type":"CommentAction","name":"Comment","target":["https:\/\/avrupaubkdental.com\/de\/was-verursacht-gelbe-zaehne-worauf-sollten-wir-achten-um-die-zahnfarbe-zu-erhalten\/#respond"]}]},{"@type":"WebPage","@id":"https:\/\/avrupaubkdental.com\/de\/was-verursacht-gelbe-zaehne-worauf-sollten-wir-achten-um-die-zahnfarbe-zu-erhalten\/","url":"https:\/\/avrupaubkdental.com\/de\/was-verursacht-gelbe-zaehne-worauf-sollten-wir-achten-um-die-zahnfarbe-zu-erhalten\/","name":"Was verursacht gelbe Z\u00e4hne? Worauf sollten wir achten, um die Zahnfarbe zu erhalten? - Avrupa UBK Dental Bayrampa\u015fa","isPartOf":{"@id":"https:\/\/avrupaubkdental.com\/de\/#website"},"primaryImageOfPage":{"@id":"https:\/\/avrupaubkdental.com\/de\/was-verursacht-gelbe-zaehne-worauf-sollten-wir-achten-um-die-zahnfarbe-zu-erhalten\/#primaryimage"},"image":{"@id":"https:\/\/avrupaubkdental.com\/de\/was-verursacht-gelbe-zaehne-worauf-sollten-wir-achten-um-die-zahnfarbe-zu-erhalten\/#primaryimage"},"thumbnailUrl":"https:\/\/avrupaubkdental.com\/wp-content\/uploads\/2026\/08\/dislerde-sararma-neden-olur-dis-rengini-korumak-icin-nelere-dikkat-edilmeli.jpg","datePublished":"2026-08-31T12:07:09+00:00","dateModified":"2026-08-31T12:07:10+00:00","breadcrumb":{"@id":"https:\/\/avrupaubkdental.com\/de\/was-verursacht-gelbe-zaehne-worauf-sollten-wir-achten-um-die-zahnfarbe-zu-erhalten\/#breadcrumb"},"inLanguage":"de","potentialAction":[{"@type":"ReadAction","target":["https:\/\/avrupaubkdental.com\/de\/was-verursacht-gelbe-zaehne-worauf-sollten-wir-achten-um-die-zahnfarbe-zu-erhalten\/"]}]},{"@type":"ImageObject","inLanguage":"de","@id":"https:\/\/avrupaubkdental.com\/de\/was-verursacht-gelbe-zaehne-worauf-sollten-wir-achten-um-die-zahnfarbe-zu-erhalten\/#primaryimage","url":"https:\/\/avrupaubkdental.com\/wp-content\/uploads\/2026\/08\/dislerde-sararma-neden-olur-dis-rengini-korumak-icin-nelere-dikkat-edilmeli.jpg","contentUrl":"https:\/\/avrupaubkdental.com\/wp-content\/uploads\/2026\/08\/dislerde-sararma-neden-olur-dis-rengini-korumak-icin-nelere-dikkat-edilmeli.jpg","width":1660,"height":1080},{"@type":"BreadcrumbList","@id":"https:\/\/avrupaubkdental.com\/de\/was-verursacht-gelbe-zaehne-worauf-sollten-wir-achten-um-die-zahnfarbe-zu-erhalten\/#breadcrumb","itemListElement":[{"@type":"ListItem","position":1,"name":"Home","item":"https:\/\/avrupaubkdental.com\/de\/"},{"@type":"ListItem","position":2,"name":"Was verursacht gelbe Z\u00e4hne? Worauf sollten wir achten, um die Zahnfarbe zu erhalten?"}]},{"@type":"WebSite","@id":"https:\/\/avrupaubkdental.com\/de\/#website","url":"https:\/\/avrupaubkdental.com\/de\/","name":"Avrupa UBK Dental","description":"","publisher":{"@id":"https:\/\/avrupaubkdental.com\/de\/#organization"},"potentialAction":[{"@type":"SearchAction","target":{"@type":"EntryPoint","urlTemplate":"https:\/\/avrupaubkdental.com\/de\/?s={search_term_string}"},"query-input":{"@type":"PropertyValueSpecification","valueRequired":true,"valueName":"search_term_string"}}],"inLanguage":"de"},{"@type":"Organization","@id":"https:\/\/avrupaubkdental.com\/de\/#organization","name":"Avrupa UBK Dental","url":"https:\/\/avrupaubkdental.com\/de\/","logo":{"@type":"ImageObject","inLanguage":"de","@id":"https:\/\/avrupaubkdental.com\/de\/#\/schema\/logo\/image\/","url":"https:\/\/avrupaubkdental.com\/wp-content\/uploads\/2023\/09\/cropped-AVR.-DIK-DUZ-SATIR-PNG.png","contentUrl":"https:\/\/avrupaubkdental.com\/wp-content\/uploads\/2023\/09\/cropped-AVR.-DIK-DUZ-SATIR-PNG.png","width":150,"height":150,"caption":"Avrupa UBK Dental"},"image":{"@id":"https:\/\/avrupaubkdental.com\/de\/#\/schema\/logo\/image\/"},"sameAs":["https:\/\/www.instagram.com\/avrupaubkdental\/"]},{"@type":"Person","@id":"https:\/\/avrupaubkdental.com\/de\/#\/schema\/person\/76c7a1c48e922f069d538d16be02e02e","name":"burak","image":{"@type":"ImageObject","inLanguage":"de","@id":"https:\/\/secure.gravatar.com\/avatar\/f746707d3bcfbee87fcc797fe3676d9f7bdbc2fe5ebae5f99c9cb63cc0378230?s=96&d=mm&r=g","url":"https:\/\/secure.gravatar.com\/avatar\/f746707d3bcfbee87fcc797fe3676d9f7bdbc2fe5ebae5f99c9cb63cc0378230?s=96&d=mm&r=g","contentUrl":"https:\/\/secure.gravatar.com\/avatar\/f746707d3bcfbee87fcc797fe3676d9f7bdbc2fe5ebae5f99c9cb63cc0378230?s=96&d=mm&r=g","caption":"burak"},"sameAs":["http:\/\/avrupaubkdental.com"],"url":"https:\/\/avrupaubkdental.com\/de\/author\/burak\/"}]}},"_links":{"self":[{"href":"https:\/\/avrupaubkdental.com\/de\/wp-json\/wp\/v2\/posts\/10735","targetHints":{"allow":["GET"]}}],"collection":[{"href":"https:\/\/avrupaubkdental.com\/de\/wp-json\/wp\/v2\/posts"}],"about":[{"href":"https:\/\/avrupaubkdental.com\/de\/wp-json\/wp\/v2\/types\/post"}],"author":[{"embeddable":true,"href":"https:\/\/avrupaubkdental.com\/de\/wp-json\/wp\/v2\/users\/1"}],"replies":[{"embeddable":true,"href":"https:\/\/avrupaubkdental.com\/de\/wp-json\/wp\/v2\/comments?post=10735"}],"version-history":[{"count":1,"href":"https:\/\/avrupaubkdental.com\/de\/wp-json\/wp\/v2\/posts\/10735\/revisions"}],"predecessor-version":[{"id":10736,"href":"https:\/\/avrupaubkdental.com\/de\/wp-json\/wp\/v2\/posts\/10735\/revisions\/10736"}],"wp:featuredmedia":[{"embeddable":true,"href":"https:\/\/avrupaubkdental.com\/de\/wp-json\/wp\/v2\/media\/10723"}],"wp:attachment":[{"href":"https:\/\/avrupaubkdental.com\/de\/wp-json\/wp\/v2\/media?parent=10735"}],"wp:term":[{"taxonomy":"category","embeddable":true,"href":"https:\/\/avrupaubkdental.com\/de\/wp-json\/wp\/v2\/categories?post=10735"},{"taxonomy":"post_tag","embeddable":true,"href":"https:\/\/avrupaubkdental.com\/de\/wp-json\/wp\/v2\/tags?post=10735"}],"curies":[{"name":"wp","href":"https:\/\/api.w.org\/{rel}","templated":true}]}}