{"id":4444,"date":"2024-01-29T10:20:14","date_gmt":"2024-01-29T10:20:14","guid":{"rendered":"https:\/\/avrupaubkdental.com\/2024\/01\/29\/beziehung-zwischen-mund-und-nasengesundheit-gesundheit-der-atemwege-und-der-zaehne\/"},"modified":"2024-01-29T10:20:16","modified_gmt":"2024-01-29T10:20:16","slug":"beziehung-zwischen-mund-und-nasengesundheit-gesundheit-der-atemwege-und-der-zaehne","status":"publish","type":"post","link":"https:\/\/avrupaubkdental.com\/de\/beziehung-zwischen-mund-und-nasengesundheit-gesundheit-der-atemwege-und-der-zaehne\/","title":{"rendered":"Beziehung zwischen Mund- und Nasengesundheit: Gesundheit der Atemwege und der Z\u00e4hne"},"content":{"rendered":"\t\t<div data-elementor-type=\"wp-post\" data-elementor-id=\"4444\" class=\"elementor elementor-4444 elementor-4384\">\n\t\t\t\t\t\t<div class=\"elementor-inner\">\n\t\t\t\t<div class=\"elementor-section-wrap\">\n\t\t\t\t\t\t\t\t\t<section class=\"elementor-section elementor-top-section elementor-element elementor-element-39e762a elementor-section-boxed elementor-section-height-default elementor-section-height-default\" data-id=\"39e762a\" data-element_type=\"section\">\n\t\t\t\t\t\t\t<div class=\"elementor-background-overlay\"><\/div>\n\t\t\t\t\t\t\t<div class=\"elementor-container elementor-column-gap-default\">\n\t\t\t\t\t\t\t<div class=\"elementor-row\">\n\t\t\t\t\t<div class=\"aux-parallax-section elementor-column elementor-col-100 elementor-top-column elementor-element elementor-element-64c7dc4\" data-id=\"64c7dc4\" data-element_type=\"column\" data-settings=\"{&quot;background_background&quot;:&quot;classic&quot;}\">\n\t\t\t<div class=\"elementor-column-wrap elementor-element-populated\">\n\t\t\t\t\t<div class=\"elementor-background-overlay\"><\/div>\n\t\t\t\t\t\t\t<div class=\"elementor-widget-wrap\">\n\t\t\t\t\t\t<div class=\"elementor-element elementor-element-5c52044 elementor-widget elementor-widget-heading\" data-id=\"5c52044\" data-element_type=\"widget\" data-widget_type=\"heading.default\">\n\t\t\t\t<div class=\"elementor-widget-container\">\n\t\t\t<h1 class=\"elementor-heading-title elementor-size-default\">Beziehung zwischen Mund- und Nasengesundheit: Gesundheit der Atemwege und der Z\u00e4hne<\/h1>\t\t<\/div>\n\t\t\t\t<\/div>\n\t\t\t\t\t\t<\/div>\n\t\t\t\t\t<\/div>\n\t\t<\/div>\n\t\t\t\t\t\t\t\t<\/div>\n\t\t\t\t\t<\/div>\n\t\t<\/section>\n\t\t\t\t<section class=\"elementor-section elementor-top-section elementor-element elementor-element-d8125aa elementor-section-boxed elementor-section-height-default elementor-section-height-default\" data-id=\"d8125aa\" data-element_type=\"section\">\n\t\t\t\t\t\t<div class=\"elementor-container elementor-column-gap-default\">\n\t\t\t\t\t\t\t<div class=\"elementor-row\">\n\t\t\t\t\t<div class=\"aux-parallax-section elementor-column elementor-col-50 elementor-top-column elementor-element elementor-element-3383e47\" data-id=\"3383e47\" data-element_type=\"column\">\n\t\t\t<div class=\"elementor-column-wrap elementor-element-populated\">\n\t\t\t\t\t\t\t<div class=\"elementor-widget-wrap\">\n\t\t\t\t\t\t<div class=\"elementor-element elementor-element-4b88edd elementor-widget elementor-widget-text-editor\" data-id=\"4b88edd\" data-element_type=\"widget\" data-widget_type=\"text-editor.default\">\n\t\t\t\t<div class=\"elementor-widget-container\">\n\t\t\t\t\t\t\t\t<div class=\"elementor-text-editor elementor-clearfix\">\n\t\t\t\t<p>Wussten Sie, dass ein gesundes L\u00e4cheln nicht nur aus wei\u00dfen Z\u00e4hnen besteht? Ihre Mundgesundheit h\u00e4ngt nicht nur eng mit dem Zustand Ihrer Z\u00e4hne zusammen, sondern auch mit Ihrer Nasengesundheit.<\/p>\n\t\t\t\t\t<\/div>\n\t\t\t\t\t\t<\/div>\n\t\t\t\t<\/div>\n\t\t\t\t\t\t<\/div>\n\t\t\t\t\t<\/div>\n\t\t<\/div>\n\t\t\t\t<div class=\"aux-parallax-section elementor-column elementor-col-50 elementor-top-column elementor-element elementor-element-837243a\" data-id=\"837243a\" data-element_type=\"column\">\n\t\t\t<div class=\"elementor-column-wrap elementor-element-populated\">\n\t\t\t\t\t\t\t<div class=\"elementor-widget-wrap\">\n\t\t\t\t\t\t<div class=\"elementor-element elementor-element-cfb0b4b elementor-widget elementor-widget-text-editor\" data-id=\"cfb0b4b\" data-element_type=\"widget\" data-widget_type=\"text-editor.default\">\n\t\t\t\t<div class=\"elementor-widget-container\">\n\t\t\t\t\t\t\t\t<div class=\"elementor-text-editor elementor-clearfix\">\n\t\t\t\t<p>In diesem Artikel werden wir die Auswirkungen der Atmung auf die Zahngesundheit untersuchen und die wichtigen Zusammenh\u00e4nge zwischen Mund- und Nasengesundheit beleuchten.<\/p>\n\t\t\t\t\t<\/div>\n\t\t\t\t\t\t<\/div>\n\t\t\t\t<\/div>\n\t\t\t\t\t\t<\/div>\n\t\t\t\t\t<\/div>\n\t\t<\/div>\n\t\t\t\t\t\t\t\t<\/div>\n\t\t\t\t\t<\/div>\n\t\t<\/section>\n\t\t\t\t<section class=\"elementor-section elementor-top-section elementor-element elementor-element-643b4ef elementor-section-boxed elementor-section-height-default elementor-section-height-default\" data-id=\"643b4ef\" data-element_type=\"section\" data-settings=\"{&quot;background_background&quot;:&quot;classic&quot;}\">\n\t\t\t\t\t\t<div class=\"elementor-container elementor-column-gap-default\">\n\t\t\t\t\t\t\t<div class=\"elementor-row\">\n\t\t\t\t\t<div class=\"aux-parallax-section elementor-column elementor-col-66 elementor-top-column elementor-element elementor-element-5ec8e10\" data-id=\"5ec8e10\" data-element_type=\"column\" data-settings=\"{&quot;background_background&quot;:&quot;classic&quot;}\">\n\t\t\t<div class=\"elementor-column-wrap elementor-element-populated\">\n\t\t\t\t\t\t\t<div class=\"elementor-widget-wrap\">\n\t\t\t\t\t\t<div class=\"elementor-element elementor-element-d9ee89e elementor-widget elementor-widget-heading\" data-id=\"d9ee89e\" data-element_type=\"widget\" data-widget_type=\"heading.default\">\n\t\t\t\t<div class=\"elementor-widget-container\">\n\t\t\t<h2 class=\"elementor-heading-title elementor-size-default\">1. anatomie von mund und nase:<\/h2>\t\t<\/div>\n\t\t\t\t<\/div>\n\t\t\t\t<div class=\"elementor-element elementor-element-245e2d8 elementor-widget elementor-widget-text-editor\" data-id=\"245e2d8\" data-element_type=\"widget\" data-widget_type=\"text-editor.default\">\n\t\t\t\t<div class=\"elementor-widget-container\">\n\t\t\t\t\t\t\t\t<div class=\"elementor-text-editor elementor-clearfix\">\n\t\t\t\t<p>Mund und Nase sind wichtige Bestandteile des Atmungssystems. Der Mund ist eine alternative M\u00f6glichkeit der Atmung und der Nahrungsaufnahme. Die Nase hat wichtige Funktionen wie Reinigung, Erw\u00e4rmung und Befeuchtung der Luft. Die ausgewogene Zusammenarbeit zwischen diesen beiden Systemen spielt eine entscheidende Rolle bei der Erhaltung der allgemeinen Gesundheit.<\/p>\n\t\t\t\t\t<\/div>\n\t\t\t\t\t\t<\/div>\n\t\t\t\t<\/div>\n\t\t\t\t<div class=\"elementor-element elementor-element-9acd2b8 elementor-widget elementor-widget-text-editor\" data-id=\"9acd2b8\" data-element_type=\"widget\" data-widget_type=\"text-editor.default\">\n\t\t\t\t<div class=\"elementor-widget-container\">\n\t\t\t\t\t\t\t\t<div class=\"elementor-text-editor elementor-clearfix\">\n\t\t\t\t<p>All diese Symptome geben Hinweise darauf, dass Ihr Zahn schmerzen k\u00f6nnte. In diesem Rahmen k\u00f6nnen Sie erfolgreiche Ergebnisse erzielen, indem Sie die von Ihrem Arzt empfohlenen Behandlungen anwenden. Nach der Behandlung werden Sie die Schmerzen in Ihren Z\u00e4hnen loswerden und eine ges\u00fcndere Zahnstruktur haben.<\/p>\n\t\t\t\t\t<\/div>\n\t\t\t\t\t\t<\/div>\n\t\t\t\t<\/div>\n\t\t\t\t<div class=\"elementor-element elementor-element-c883515 elementor-widget elementor-widget-heading\" data-id=\"c883515\" data-element_type=\"widget\" data-widget_type=\"heading.default\">\n\t\t\t\t<div class=\"elementor-widget-container\">\n\t\t\t<h2 class=\"elementor-heading-title elementor-size-default\">2) Nasenatmung und Zahngesundheit:<\/h2>\t\t<\/div>\n\t\t\t\t<\/div>\n\t\t\t\t<div class=\"elementor-element elementor-element-a187cec elementor-widget elementor-widget-text-editor\" data-id=\"a187cec\" data-element_type=\"widget\" data-widget_type=\"text-editor.default\">\n\t\t\t\t<div class=\"elementor-widget-container\">\n\t\t\t\t\t\t\t\t<div class=\"elementor-text-editor elementor-clearfix\">\n\t\t\t\t<p>Die Nasenatmung ist wichtig f\u00fcr eine gesunde Entwicklung der Z\u00e4hne und des Kiefers. Die Nasenatmung kann sich positiver auf die Kieferentwicklung auswirken als die Mundatmung. Dar\u00fcber hinaus kann die Nasenatmung dazu beitragen, dass sich die Z\u00e4hne richtig setzen.<\/p>\n\t\t\t\t\t<\/div>\n\t\t\t\t\t\t<\/div>\n\t\t\t\t<\/div>\n\t\t\t\t\t\t<\/div>\n\t\t\t\t\t<\/div>\n\t\t<\/div>\n\t\t\t\t<div class=\"aux-parallax-section elementor-column elementor-col-33 elementor-top-column elementor-element elementor-element-21709a2\" data-id=\"21709a2\" data-element_type=\"column\">\n\t\t\t<div class=\"elementor-column-wrap elementor-element-populated\">\n\t\t\t\t\t\t\t<div class=\"elementor-widget-wrap\">\n\t\t\t\t\t\t<div class=\"elementor-element elementor-element-8397b3d elementor-widget elementor-widget-image\" data-id=\"8397b3d\" data-element_type=\"widget\" data-widget_type=\"image.default\">\n\t\t\t\t<div class=\"elementor-widget-container\">\n\t\t\t\t\t\t\t\t<div class=\"elementor-image\">\n\t\t\t\t\t\t\t\t\t\t\t\t<img decoding=\"async\" width=\"1080\" height=\"1350\" src=\"https:\/\/avrupaubkdental.com\/wp-content\/uploads\/2024\/01\/agiz-ve-dis-sagligi-1.jpg\" class=\"attachment-full size-full wp-image-4395\" alt=\"\" srcset=\"https:\/\/avrupaubkdental.com\/wp-content\/uploads\/2024\/01\/agiz-ve-dis-sagligi-1.jpg 1080w, https:\/\/avrupaubkdental.com\/wp-content\/uploads\/2024\/01\/agiz-ve-dis-sagligi-1-200x250.jpg 200w\" sizes=\"(max-width: 1080px) 100vw, 1080px\" \/>\t\t\t\t\t\t\t\t\t\t\t\t\t\t<\/div>\n\t\t\t\t\t\t<\/div>\n\t\t\t\t<\/div>\n\t\t\t\t\t\t<\/div>\n\t\t\t\t\t<\/div>\n\t\t<\/div>\n\t\t\t\t\t\t\t\t<\/div>\n\t\t\t\t\t<\/div>\n\t\t<\/section>\n\t\t\t\t<section class=\"elementor-section elementor-top-section elementor-element elementor-element-44f28db elementor-section-boxed elementor-section-height-default elementor-section-height-default\" data-id=\"44f28db\" data-element_type=\"section\" data-settings=\"{&quot;background_background&quot;:&quot;classic&quot;}\">\n\t\t\t\t\t\t<div class=\"elementor-container elementor-column-gap-default\">\n\t\t\t\t\t\t\t<div class=\"elementor-row\">\n\t\t\t\t\t<div class=\"aux-parallax-section elementor-column elementor-col-33 elementor-top-column elementor-element elementor-element-dc2b9e4\" data-id=\"dc2b9e4\" data-element_type=\"column\">\n\t\t\t<div class=\"elementor-column-wrap elementor-element-populated\">\n\t\t\t\t\t\t\t<div class=\"elementor-widget-wrap\">\n\t\t\t\t\t\t<div class=\"elementor-element elementor-element-7e3f69c elementor-widget elementor-widget-image\" data-id=\"7e3f69c\" data-element_type=\"widget\" data-widget_type=\"image.default\">\n\t\t\t\t<div class=\"elementor-widget-container\">\n\t\t\t\t\t\t\t\t<div class=\"elementor-image\">\n\t\t\t\t\t\t\t\t\t\t\t\t<img decoding=\"async\" width=\"1080\" height=\"1350\" src=\"https:\/\/avrupaubkdental.com\/wp-content\/uploads\/2024\/01\/agiz-ve-dis-sagligi-2.jpg\" class=\"attachment-full size-full wp-image-4400\" alt=\"\" srcset=\"https:\/\/avrupaubkdental.com\/wp-content\/uploads\/2024\/01\/agiz-ve-dis-sagligi-2.jpg 1080w, https:\/\/avrupaubkdental.com\/wp-content\/uploads\/2024\/01\/agiz-ve-dis-sagligi-2-200x250.jpg 200w\" sizes=\"(max-width: 1080px) 100vw, 1080px\" \/>\t\t\t\t\t\t\t\t\t\t\t\t\t\t<\/div>\n\t\t\t\t\t\t<\/div>\n\t\t\t\t<\/div>\n\t\t\t\t\t\t<\/div>\n\t\t\t\t\t<\/div>\n\t\t<\/div>\n\t\t\t\t<div class=\"aux-parallax-section elementor-column elementor-col-66 elementor-top-column elementor-element elementor-element-b683173\" data-id=\"b683173\" data-element_type=\"column\">\n\t\t\t<div class=\"elementor-column-wrap elementor-element-populated\">\n\t\t\t\t\t\t\t<div class=\"elementor-widget-wrap\">\n\t\t\t\t\t\t<div class=\"elementor-element elementor-element-ffb00da elementor-widget elementor-widget-heading\" data-id=\"ffb00da\" data-element_type=\"widget\" data-widget_type=\"heading.default\">\n\t\t\t\t<div class=\"elementor-widget-container\">\n\t\t\t<h2 class=\"elementor-heading-title elementor-size-default\">3) Mundatmung und Zahngesundheitsprobleme:<\/h2>\t\t<\/div>\n\t\t\t\t<\/div>\n\t\t\t\t<div class=\"elementor-element elementor-element-7750b48 elementor-widget elementor-widget-text-editor\" data-id=\"7750b48\" data-element_type=\"widget\" data-widget_type=\"text-editor.default\">\n\t\t\t\t<div class=\"elementor-widget-container\">\n\t\t\t\t\t\t\t\t<div class=\"elementor-text-editor elementor-clearfix\">\n\t\t\t\t<p>Mundatmung kann zu verschiedenen Zahngesundheitsproblemen f\u00fchren. Zahnkaries, Zahnfleischerkrankungen und Mundtrockenheit sind h\u00e4ufige Probleme bei Mundatmern. Mundtrockenheit kann zu einer verminderten Speichelproduktion f\u00fchren und die Entstehung von Karies beg\u00fcnstigen.<\/p>\n\t\t\t\t\t<\/div>\n\t\t\t\t\t\t<\/div>\n\t\t\t\t<\/div>\n\t\t\t\t<div class=\"elementor-element elementor-element-ba13d60 elementor-widget elementor-widget-heading\" data-id=\"ba13d60\" data-element_type=\"widget\" data-widget_type=\"heading.default\">\n\t\t\t\t<div class=\"elementor-widget-container\">\n\t\t\t<h2 class=\"elementor-heading-title elementor-size-default\">4. die Beziehung zwischen Schlafapnoe und Zahngesundheit:<\/h2>\t\t<\/div>\n\t\t\t\t<\/div>\n\t\t\t\t<div class=\"elementor-element elementor-element-5cff8e8 elementor-widget elementor-widget-text-editor\" data-id=\"5cff8e8\" data-element_type=\"widget\" data-widget_type=\"text-editor.default\">\n\t\t\t\t<div class=\"elementor-widget-container\">\n\t\t\t\t\t\t\t\t<div class=\"elementor-text-editor elementor-clearfix\">\n\t\t\t\t<p>Schlafapnoe ist ein Zustand, bei dem der Schlaf aufgrund von Atemproblemen unterbrochen wird. Dieser Zustand tritt h\u00e4ufiger bei Mundatmern auf. Schlafapnoe kann zu Problemen wie Z\u00e4hneknirschen (Bruxismus) und damit zur Abnutzung der Z\u00e4hne f\u00fchren.<\/p>\n\t\t\t\t\t<\/div>\n\t\t\t\t\t\t<\/div>\n\t\t\t\t<\/div>\n\t\t\t\t<div class=\"elementor-element elementor-element-3f6566f elementor-widget elementor-widget-heading\" data-id=\"3f6566f\" data-element_type=\"widget\" data-widget_type=\"heading.default\">\n\t\t\t\t<div class=\"elementor-widget-container\">\n\t\t\t<h2 class=\"elementor-heading-title elementor-size-default\">5. die Atemgewohnheiten und die Zahnbewegungen:<\/h2>\t\t<\/div>\n\t\t\t\t<\/div>\n\t\t\t\t<div class=\"elementor-element elementor-element-fc2acf0 elementor-widget elementor-widget-text-editor\" data-id=\"fc2acf0\" data-element_type=\"widget\" data-widget_type=\"text-editor.default\">\n\t\t\t\t<div class=\"elementor-widget-container\">\n\t\t\t\t\t\t\t\t<div class=\"elementor-text-editor elementor-clearfix\">\n\t\t\t\t<p>Die Mundatmung kann zu falschen Zungenpositionen und Atemgewohnheiten f\u00fchren. Dies kann zu kieferorthop\u00e4dischen Problemen f\u00fchren, da die Zahn- und Kieferstrukturen beeintr\u00e4chtigt werden.<\/p>\n\t\t\t\t\t<\/div>\n\t\t\t\t\t\t<\/div>\n\t\t\t\t<\/div>\n\t\t\t\t\t\t<\/div>\n\t\t\t\t\t<\/div>\n\t\t<\/div>\n\t\t\t\t\t\t\t\t<\/div>\n\t\t\t\t\t<\/div>\n\t\t<\/section>\n\t\t\t\t<section class=\"elementor-section elementor-top-section elementor-element elementor-element-50242c9 elementor-section-boxed elementor-section-height-default elementor-section-height-default\" data-id=\"50242c9\" data-element_type=\"section\" data-settings=\"{&quot;background_background&quot;:&quot;classic&quot;}\">\n\t\t\t\t\t\t<div class=\"elementor-container elementor-column-gap-default\">\n\t\t\t\t\t\t\t<div class=\"elementor-row\">\n\t\t\t\t\t<div class=\"aux-parallax-section elementor-column elementor-col-66 elementor-top-column elementor-element elementor-element-78b93fb\" data-id=\"78b93fb\" data-element_type=\"column\" data-settings=\"{&quot;background_background&quot;:&quot;classic&quot;}\">\n\t\t\t<div class=\"elementor-column-wrap elementor-element-populated\">\n\t\t\t\t\t\t\t<div class=\"elementor-widget-wrap\">\n\t\t\t\t\t\t<div class=\"elementor-element elementor-element-5a602ef elementor-widget elementor-widget-heading\" data-id=\"5a602ef\" data-element_type=\"widget\" data-widget_type=\"heading.default\">\n\t\t\t\t<div class=\"elementor-widget-container\">\n\t\t\t<h2 class=\"elementor-heading-title elementor-size-default\">6. atem\u00fcbungen und Zahngesundheit:<\/h2>\t\t<\/div>\n\t\t\t\t<\/div>\n\t\t\t\t<div class=\"elementor-element elementor-element-f7c57d4 elementor-widget elementor-widget-text-editor\" data-id=\"f7c57d4\" data-element_type=\"widget\" data-widget_type=\"text-editor.default\">\n\t\t\t\t<div class=\"elementor-widget-container\">\n\t\t\t\t\t\t\t\t<div class=\"elementor-text-editor elementor-clearfix\">\n\t\t\t\t<p>Atem\u00fcbungen, die die Nasenatmung f\u00f6rdern, k\u00f6nnen sich positiv auf die Zahngesundheit auswirken. Diese \u00dcbungen k\u00f6nnen die Zungen- und Gesichtsmuskeln st\u00e4rken und die Atmung in den richtigen Kanal lenken.<\/p>\n<p>Diese komplexe Beziehung zwischen Mund- und Nasengesundheit ist wichtig f\u00fcr die allgemeine Gesundheit und ein gesundes L\u00e4cheln. Regelm\u00e4\u00dfige zahn\u00e4rztliche Untersuchungen, die Beurteilung der Atemgewohnheiten und ein fr\u00fchzeitiges Eingreifen bei Atemproblemen sind wichtig f\u00fcr einen gesunden Mund und die allgemeine Gesundheit.<\/p>\n<p>Wir w\u00fcnschen Ihnen einen gesunden Tag!<\/p>\n\t\t\t\t\t<\/div>\n\t\t\t\t\t\t<\/div>\n\t\t\t\t<\/div>\n\t\t\t\t\t\t<\/div>\n\t\t\t\t\t<\/div>\n\t\t<\/div>\n\t\t\t\t<div class=\"aux-parallax-section elementor-column elementor-col-33 elementor-top-column elementor-element elementor-element-0c9d5ba\" data-id=\"0c9d5ba\" data-element_type=\"column\">\n\t\t\t<div class=\"elementor-column-wrap elementor-element-populated\">\n\t\t\t\t\t\t\t<div class=\"elementor-widget-wrap\">\n\t\t\t\t\t\t<div class=\"elementor-element elementor-element-c683c27 elementor-widget elementor-widget-image\" data-id=\"c683c27\" data-element_type=\"widget\" data-widget_type=\"image.default\">\n\t\t\t\t<div class=\"elementor-widget-container\">\n\t\t\t\t\t\t\t\t<div class=\"elementor-image\">\n\t\t\t\t\t\t\t\t\t\t\t\t<img decoding=\"async\" width=\"1080\" height=\"1350\" src=\"https:\/\/avrupaubkdental.com\/wp-content\/uploads\/2024\/01\/agiz-ve-dis-sagligi-3.jpg\" class=\"attachment-full size-full wp-image-4405\" alt=\"\" srcset=\"https:\/\/avrupaubkdental.com\/wp-content\/uploads\/2024\/01\/agiz-ve-dis-sagligi-3.jpg 1080w, https:\/\/avrupaubkdental.com\/wp-content\/uploads\/2024\/01\/agiz-ve-dis-sagligi-3-200x250.jpg 200w\" sizes=\"(max-width: 1080px) 100vw, 1080px\" \/>\t\t\t\t\t\t\t\t\t\t\t\t\t\t<\/div>\n\t\t\t\t\t\t<\/div>\n\t\t\t\t<\/div>\n\t\t\t\t\t\t<\/div>\n\t\t\t\t\t<\/div>\n\t\t<\/div>\n\t\t\t\t\t\t\t\t<\/div>\n\t\t\t\t\t<\/div>\n\t\t<\/section>\n\t\t\t\t<section class=\"elementor-section elementor-top-section elementor-element elementor-element-33d9791 elementor-section-boxed elementor-section-height-default elementor-section-height-default\" data-id=\"33d9791\" data-element_type=\"section\">\n\t\t\t\t\t\t\t<div class=\"elementor-background-overlay\"><\/div>\n\t\t\t\t\t\t\t<div class=\"elementor-container elementor-column-gap-default\">\n\t\t\t\t\t\t\t<div class=\"elementor-row\">\n\t\t\t\t\t<div class=\"aux-parallax-section elementor-column elementor-col-100 elementor-top-column elementor-element elementor-element-f41da64\" data-id=\"f41da64\" data-element_type=\"column\">\n\t\t\t<div class=\"elementor-column-wrap elementor-element-populated\">\n\t\t\t\t\t\t\t<div class=\"elementor-widget-wrap\">\n\t\t\t\t\t\t<div class=\"elementor-element elementor-element-44ec201 elementor-widget elementor-widget-spacer\" data-id=\"44ec201\" data-element_type=\"widget\" data-widget_type=\"spacer.default\">\n\t\t\t\t<div class=\"elementor-widget-container\">\n\t\t\t\t\t<div class=\"elementor-spacer\">\n\t\t\t<div class=\"elementor-spacer-inner\"><\/div>\n\t\t<\/div>\n\t\t\t\t<\/div>\n\t\t\t\t<\/div>\n\t\t\t\t<div class=\"elementor-element elementor-element-4488dcd elementor-widget elementor-widget-spacer\" data-id=\"4488dcd\" data-element_type=\"widget\" data-widget_type=\"spacer.default\">\n\t\t\t\t<div class=\"elementor-widget-container\">\n\t\t\t\t\t<div class=\"elementor-spacer\">\n\t\t\t<div class=\"elementor-spacer-inner\"><\/div>\n\t\t<\/div>\n\t\t\t\t<\/div>\n\t\t\t\t<\/div>\n\t\t\t\t\t\t<\/div>\n\t\t\t\t\t<\/div>\n\t\t<\/div>\n\t\t\t\t\t\t\t\t<\/div>\n\t\t\t\t\t<\/div>\n\t\t<\/section>\n\t\t\t\t\t\t\t\t\t<\/div>\n\t\t\t<\/div>\n\t\t\t\t\t<\/div>\n\t\t","protected":false},"excerpt":{"rendered":"<p>Beziehung zwischen Mund- und Nasengesundheit: Gesundheit der Atemwege und der Z\u00e4hne Wussten Sie, dass ein gesundes L\u00e4cheln nicht nur aus wei\u00dfen Z\u00e4hnen besteht? Ihre Mundgesundheit h\u00e4ngt nicht nur eng mit dem Zustand Ihrer Z\u00e4hne zusammen, sondern auch mit Ihrer Nasengesundheit. In diesem Artikel werden wir die Auswirkungen der Atmung auf die Zahngesundheit untersuchen und die [&hellip;]<\/p>\n","protected":false},"author":1,"featured_media":4388,"comment_status":"open","ping_status":"open","sticky":false,"template":"elementor_header_footer","format":"standard","meta":{"_joinchat":[],"footnotes":""},"categories":[9],"tags":[],"class_list":["post-4444","post","type-post","status-publish","format-standard","has-post-thumbnail","hentry","category-unkategorisiert"],"yoast_head":"<!-- This site is optimized with the Yoast SEO plugin v27.4 - https:\/\/yoast.com\/product\/yoast-seo-wordpress\/ -->\n<title>Beziehung zwischen Mund- und Nasengesundheit: Gesundheit der Atemwege und der Z\u00e4hne - Avrupa UBK Dental Bayrampa\u015fa<\/title>\n<meta name=\"robots\" content=\"index, follow, max-snippet:-1, max-image-preview:large, max-video-preview:-1\" \/>\n<link rel=\"canonical\" href=\"https:\/\/avrupaubkdental.com\/de\/beziehung-zwischen-mund-und-nasengesundheit-gesundheit-der-atemwege-und-der-zaehne\/\" \/>\n<meta property=\"og:locale\" content=\"de_DE\" \/>\n<meta property=\"og:type\" content=\"article\" \/>\n<meta property=\"og:title\" content=\"Beziehung zwischen Mund- und Nasengesundheit: Gesundheit der Atemwege und der Z\u00e4hne - Avrupa UBK Dental Bayrampa\u015fa\" \/>\n<meta property=\"og:description\" content=\"Beziehung zwischen Mund- und Nasengesundheit: Gesundheit der Atemwege und der Z\u00e4hne Wussten Sie, dass ein gesundes L\u00e4cheln nicht nur aus wei\u00dfen Z\u00e4hnen besteht? Ihre Mundgesundheit h\u00e4ngt nicht nur eng mit dem Zustand Ihrer Z\u00e4hne zusammen, sondern auch mit Ihrer Nasengesundheit. In diesem Artikel werden wir die Auswirkungen der Atmung auf die Zahngesundheit untersuchen und die [&hellip;]\" \/>\n<meta property=\"og:url\" content=\"https:\/\/avrupaubkdental.com\/de\/beziehung-zwischen-mund-und-nasengesundheit-gesundheit-der-atemwege-und-der-zaehne\/\" \/>\n<meta property=\"og:site_name\" content=\"Avrupa UBK Dental Bayrampa\u015fa\" \/>\n<meta property=\"article:published_time\" content=\"2024-01-29T10:20:14+00:00\" \/>\n<meta property=\"article:modified_time\" content=\"2024-01-29T10:20:16+00:00\" \/>\n<meta property=\"og:image\" content=\"https:\/\/avrupaubkdental.com\/wp-content\/uploads\/2024\/01\/agiz-ve-dis-sagligi.jpg\" \/>\n\t<meta property=\"og:image:width\" content=\"1660\" \/>\n\t<meta property=\"og:image:height\" content=\"1080\" \/>\n\t<meta property=\"og:image:type\" content=\"image\/jpeg\" \/>\n<meta name=\"author\" content=\"burak\" \/>\n<meta name=\"twitter:card\" content=\"summary_large_image\" \/>\n<meta name=\"twitter:label1\" content=\"Verfasst von\" \/>\n\t<meta name=\"twitter:data1\" content=\"burak\" \/>\n\t<meta name=\"twitter:label2\" content=\"Gesch\u00e4tzte Lesezeit\" \/>\n\t<meta name=\"twitter:data2\" content=\"2\u00a0Minuten\" \/>\n<script type=\"application\/ld+json\" class=\"yoast-schema-graph\">{\"@context\":\"https:\\\/\\\/schema.org\",\"@graph\":[{\"@type\":\"Article\",\"@id\":\"https:\\\/\\\/avrupaubkdental.com\\\/de\\\/beziehung-zwischen-mund-und-nasengesundheit-gesundheit-der-atemwege-und-der-zaehne\\\/#article\",\"isPartOf\":{\"@id\":\"https:\\\/\\\/avrupaubkdental.com\\\/de\\\/beziehung-zwischen-mund-und-nasengesundheit-gesundheit-der-atemwege-und-der-zaehne\\\/\"},\"author\":{\"name\":\"burak\",\"@id\":\"https:\\\/\\\/avrupaubkdental.com\\\/de\\\/#\\\/schema\\\/person\\\/76c7a1c48e922f069d538d16be02e02e\"},\"headline\":\"Beziehung zwischen Mund- und Nasengesundheit: Gesundheit der Atemwege und der Z\u00e4hne\",\"datePublished\":\"2024-01-29T10:20:14+00:00\",\"dateModified\":\"2024-01-29T10:20:16+00:00\",\"mainEntityOfPage\":{\"@id\":\"https:\\\/\\\/avrupaubkdental.com\\\/de\\\/beziehung-zwischen-mund-und-nasengesundheit-gesundheit-der-atemwege-und-der-zaehne\\\/\"},\"wordCount\":429,\"commentCount\":0,\"publisher\":{\"@id\":\"https:\\\/\\\/avrupaubkdental.com\\\/de\\\/#organization\"},\"image\":{\"@id\":\"https:\\\/\\\/avrupaubkdental.com\\\/de\\\/beziehung-zwischen-mund-und-nasengesundheit-gesundheit-der-atemwege-und-der-zaehne\\\/#primaryimage\"},\"thumbnailUrl\":\"https:\\\/\\\/avrupaubkdental.com\\\/wp-content\\\/uploads\\\/2024\\\/01\\\/agiz-ve-dis-sagligi.jpg\",\"articleSection\":[\"Unkategorisiert\"],\"inLanguage\":\"de\",\"potentialAction\":[{\"@type\":\"CommentAction\",\"name\":\"Comment\",\"target\":[\"https:\\\/\\\/avrupaubkdental.com\\\/de\\\/beziehung-zwischen-mund-und-nasengesundheit-gesundheit-der-atemwege-und-der-zaehne\\\/#respond\"]}]},{\"@type\":\"WebPage\",\"@id\":\"https:\\\/\\\/avrupaubkdental.com\\\/de\\\/beziehung-zwischen-mund-und-nasengesundheit-gesundheit-der-atemwege-und-der-zaehne\\\/\",\"url\":\"https:\\\/\\\/avrupaubkdental.com\\\/de\\\/beziehung-zwischen-mund-und-nasengesundheit-gesundheit-der-atemwege-und-der-zaehne\\\/\",\"name\":\"Beziehung zwischen Mund- und Nasengesundheit: Gesundheit der Atemwege und der Z\u00e4hne - Avrupa UBK Dental Bayrampa\u015fa\",\"isPartOf\":{\"@id\":\"https:\\\/\\\/avrupaubkdental.com\\\/de\\\/#website\"},\"primaryImageOfPage\":{\"@id\":\"https:\\\/\\\/avrupaubkdental.com\\\/de\\\/beziehung-zwischen-mund-und-nasengesundheit-gesundheit-der-atemwege-und-der-zaehne\\\/#primaryimage\"},\"image\":{\"@id\":\"https:\\\/\\\/avrupaubkdental.com\\\/de\\\/beziehung-zwischen-mund-und-nasengesundheit-gesundheit-der-atemwege-und-der-zaehne\\\/#primaryimage\"},\"thumbnailUrl\":\"https:\\\/\\\/avrupaubkdental.com\\\/wp-content\\\/uploads\\\/2024\\\/01\\\/agiz-ve-dis-sagligi.jpg\",\"datePublished\":\"2024-01-29T10:20:14+00:00\",\"dateModified\":\"2024-01-29T10:20:16+00:00\",\"breadcrumb\":{\"@id\":\"https:\\\/\\\/avrupaubkdental.com\\\/de\\\/beziehung-zwischen-mund-und-nasengesundheit-gesundheit-der-atemwege-und-der-zaehne\\\/#breadcrumb\"},\"inLanguage\":\"de\",\"potentialAction\":[{\"@type\":\"ReadAction\",\"target\":[\"https:\\\/\\\/avrupaubkdental.com\\\/de\\\/beziehung-zwischen-mund-und-nasengesundheit-gesundheit-der-atemwege-und-der-zaehne\\\/\"]}]},{\"@type\":\"ImageObject\",\"inLanguage\":\"de\",\"@id\":\"https:\\\/\\\/avrupaubkdental.com\\\/de\\\/beziehung-zwischen-mund-und-nasengesundheit-gesundheit-der-atemwege-und-der-zaehne\\\/#primaryimage\",\"url\":\"https:\\\/\\\/avrupaubkdental.com\\\/wp-content\\\/uploads\\\/2024\\\/01\\\/agiz-ve-dis-sagligi.jpg\",\"contentUrl\":\"https:\\\/\\\/avrupaubkdental.com\\\/wp-content\\\/uploads\\\/2024\\\/01\\\/agiz-ve-dis-sagligi.jpg\",\"width\":1660,\"height\":1080},{\"@type\":\"BreadcrumbList\",\"@id\":\"https:\\\/\\\/avrupaubkdental.com\\\/de\\\/beziehung-zwischen-mund-und-nasengesundheit-gesundheit-der-atemwege-und-der-zaehne\\\/#breadcrumb\",\"itemListElement\":[{\"@type\":\"ListItem\",\"position\":1,\"name\":\"Home\",\"item\":\"https:\\\/\\\/avrupaubkdental.com\\\/de\\\/\"},{\"@type\":\"ListItem\",\"position\":2,\"name\":\"Beziehung zwischen Mund- und Nasengesundheit: Gesundheit der Atemwege und der Z\u00e4hne\"}]},{\"@type\":\"WebSite\",\"@id\":\"https:\\\/\\\/avrupaubkdental.com\\\/de\\\/#website\",\"url\":\"https:\\\/\\\/avrupaubkdental.com\\\/de\\\/\",\"name\":\"Avrupa UBK Dental\",\"description\":\"\",\"publisher\":{\"@id\":\"https:\\\/\\\/avrupaubkdental.com\\\/de\\\/#organization\"},\"potentialAction\":[{\"@type\":\"SearchAction\",\"target\":{\"@type\":\"EntryPoint\",\"urlTemplate\":\"https:\\\/\\\/avrupaubkdental.com\\\/de\\\/?s={search_term_string}\"},\"query-input\":{\"@type\":\"PropertyValueSpecification\",\"valueRequired\":true,\"valueName\":\"search_term_string\"}}],\"inLanguage\":\"de\"},{\"@type\":\"Organization\",\"@id\":\"https:\\\/\\\/avrupaubkdental.com\\\/de\\\/#organization\",\"name\":\"Avrupa UBK Dental\",\"url\":\"https:\\\/\\\/avrupaubkdental.com\\\/de\\\/\",\"logo\":{\"@type\":\"ImageObject\",\"inLanguage\":\"de\",\"@id\":\"https:\\\/\\\/avrupaubkdental.com\\\/de\\\/#\\\/schema\\\/logo\\\/image\\\/\",\"url\":\"https:\\\/\\\/avrupaubkdental.com\\\/wp-content\\\/uploads\\\/2023\\\/09\\\/cropped-AVR.-DIK-DUZ-SATIR-PNG.png\",\"contentUrl\":\"https:\\\/\\\/avrupaubkdental.com\\\/wp-content\\\/uploads\\\/2023\\\/09\\\/cropped-AVR.-DIK-DUZ-SATIR-PNG.png\",\"width\":150,\"height\":150,\"caption\":\"Avrupa UBK Dental\"},\"image\":{\"@id\":\"https:\\\/\\\/avrupaubkdental.com\\\/de\\\/#\\\/schema\\\/logo\\\/image\\\/\"},\"sameAs\":[\"https:\\\/\\\/www.instagram.com\\\/avrupaubkdental\\\/\"]},{\"@type\":\"Person\",\"@id\":\"https:\\\/\\\/avrupaubkdental.com\\\/de\\\/#\\\/schema\\\/person\\\/76c7a1c48e922f069d538d16be02e02e\",\"name\":\"burak\",\"image\":{\"@type\":\"ImageObject\",\"inLanguage\":\"de\",\"@id\":\"https:\\\/\\\/secure.gravatar.com\\\/avatar\\\/f746707d3bcfbee87fcc797fe3676d9f7bdbc2fe5ebae5f99c9cb63cc0378230?s=96&d=mm&r=g\",\"url\":\"https:\\\/\\\/secure.gravatar.com\\\/avatar\\\/f746707d3bcfbee87fcc797fe3676d9f7bdbc2fe5ebae5f99c9cb63cc0378230?s=96&d=mm&r=g\",\"contentUrl\":\"https:\\\/\\\/secure.gravatar.com\\\/avatar\\\/f746707d3bcfbee87fcc797fe3676d9f7bdbc2fe5ebae5f99c9cb63cc0378230?s=96&d=mm&r=g\",\"caption\":\"burak\"},\"sameAs\":[\"http:\\\/\\\/avrupaubkdental.com\"],\"url\":\"https:\\\/\\\/avrupaubkdental.com\\\/de\\\/author\\\/burak\\\/\"}]}<\/script>\n<!-- \/ Yoast SEO plugin. -->","yoast_head_json":{"title":"Beziehung zwischen Mund- und Nasengesundheit: Gesundheit der Atemwege und der Z\u00e4hne - Avrupa UBK Dental Bayrampa\u015fa","robots":{"index":"index","follow":"follow","max-snippet":"max-snippet:-1","max-image-preview":"max-image-preview:large","max-video-preview":"max-video-preview:-1"},"canonical":"https:\/\/avrupaubkdental.com\/de\/beziehung-zwischen-mund-und-nasengesundheit-gesundheit-der-atemwege-und-der-zaehne\/","og_locale":"de_DE","og_type":"article","og_title":"Beziehung zwischen Mund- und Nasengesundheit: Gesundheit der Atemwege und der Z\u00e4hne - Avrupa UBK Dental Bayrampa\u015fa","og_description":"Beziehung zwischen Mund- und Nasengesundheit: Gesundheit der Atemwege und der Z\u00e4hne Wussten Sie, dass ein gesundes L\u00e4cheln nicht nur aus wei\u00dfen Z\u00e4hnen besteht? Ihre Mundgesundheit h\u00e4ngt nicht nur eng mit dem Zustand Ihrer Z\u00e4hne zusammen, sondern auch mit Ihrer Nasengesundheit. In diesem Artikel werden wir die Auswirkungen der Atmung auf die Zahngesundheit untersuchen und die [&hellip;]","og_url":"https:\/\/avrupaubkdental.com\/de\/beziehung-zwischen-mund-und-nasengesundheit-gesundheit-der-atemwege-und-der-zaehne\/","og_site_name":"Avrupa UBK Dental Bayrampa\u015fa","article_published_time":"2024-01-29T10:20:14+00:00","article_modified_time":"2024-01-29T10:20:16+00:00","og_image":[{"width":1660,"height":1080,"url":"https:\/\/avrupaubkdental.com\/wp-content\/uploads\/2024\/01\/agiz-ve-dis-sagligi.jpg","type":"image\/jpeg"}],"author":"burak","twitter_card":"summary_large_image","twitter_misc":{"Verfasst von":"burak","Gesch\u00e4tzte Lesezeit":"2\u00a0Minuten"},"schema":{"@context":"https:\/\/schema.org","@graph":[{"@type":"Article","@id":"https:\/\/avrupaubkdental.com\/de\/beziehung-zwischen-mund-und-nasengesundheit-gesundheit-der-atemwege-und-der-zaehne\/#article","isPartOf":{"@id":"https:\/\/avrupaubkdental.com\/de\/beziehung-zwischen-mund-und-nasengesundheit-gesundheit-der-atemwege-und-der-zaehne\/"},"author":{"name":"burak","@id":"https:\/\/avrupaubkdental.com\/de\/#\/schema\/person\/76c7a1c48e922f069d538d16be02e02e"},"headline":"Beziehung zwischen Mund- und Nasengesundheit: Gesundheit der Atemwege und der Z\u00e4hne","datePublished":"2024-01-29T10:20:14+00:00","dateModified":"2024-01-29T10:20:16+00:00","mainEntityOfPage":{"@id":"https:\/\/avrupaubkdental.com\/de\/beziehung-zwischen-mund-und-nasengesundheit-gesundheit-der-atemwege-und-der-zaehne\/"},"wordCount":429,"commentCount":0,"publisher":{"@id":"https:\/\/avrupaubkdental.com\/de\/#organization"},"image":{"@id":"https:\/\/avrupaubkdental.com\/de\/beziehung-zwischen-mund-und-nasengesundheit-gesundheit-der-atemwege-und-der-zaehne\/#primaryimage"},"thumbnailUrl":"https:\/\/avrupaubkdental.com\/wp-content\/uploads\/2024\/01\/agiz-ve-dis-sagligi.jpg","articleSection":["Unkategorisiert"],"inLanguage":"de","potentialAction":[{"@type":"CommentAction","name":"Comment","target":["https:\/\/avrupaubkdental.com\/de\/beziehung-zwischen-mund-und-nasengesundheit-gesundheit-der-atemwege-und-der-zaehne\/#respond"]}]},{"@type":"WebPage","@id":"https:\/\/avrupaubkdental.com\/de\/beziehung-zwischen-mund-und-nasengesundheit-gesundheit-der-atemwege-und-der-zaehne\/","url":"https:\/\/avrupaubkdental.com\/de\/beziehung-zwischen-mund-und-nasengesundheit-gesundheit-der-atemwege-und-der-zaehne\/","name":"Beziehung zwischen Mund- und Nasengesundheit: Gesundheit der Atemwege und der Z\u00e4hne - Avrupa UBK Dental Bayrampa\u015fa","isPartOf":{"@id":"https:\/\/avrupaubkdental.com\/de\/#website"},"primaryImageOfPage":{"@id":"https:\/\/avrupaubkdental.com\/de\/beziehung-zwischen-mund-und-nasengesundheit-gesundheit-der-atemwege-und-der-zaehne\/#primaryimage"},"image":{"@id":"https:\/\/avrupaubkdental.com\/de\/beziehung-zwischen-mund-und-nasengesundheit-gesundheit-der-atemwege-und-der-zaehne\/#primaryimage"},"thumbnailUrl":"https:\/\/avrupaubkdental.com\/wp-content\/uploads\/2024\/01\/agiz-ve-dis-sagligi.jpg","datePublished":"2024-01-29T10:20:14+00:00","dateModified":"2024-01-29T10:20:16+00:00","breadcrumb":{"@id":"https:\/\/avrupaubkdental.com\/de\/beziehung-zwischen-mund-und-nasengesundheit-gesundheit-der-atemwege-und-der-zaehne\/#breadcrumb"},"inLanguage":"de","potentialAction":[{"@type":"ReadAction","target":["https:\/\/avrupaubkdental.com\/de\/beziehung-zwischen-mund-und-nasengesundheit-gesundheit-der-atemwege-und-der-zaehne\/"]}]},{"@type":"ImageObject","inLanguage":"de","@id":"https:\/\/avrupaubkdental.com\/de\/beziehung-zwischen-mund-und-nasengesundheit-gesundheit-der-atemwege-und-der-zaehne\/#primaryimage","url":"https:\/\/avrupaubkdental.com\/wp-content\/uploads\/2024\/01\/agiz-ve-dis-sagligi.jpg","contentUrl":"https:\/\/avrupaubkdental.com\/wp-content\/uploads\/2024\/01\/agiz-ve-dis-sagligi.jpg","width":1660,"height":1080},{"@type":"BreadcrumbList","@id":"https:\/\/avrupaubkdental.com\/de\/beziehung-zwischen-mund-und-nasengesundheit-gesundheit-der-atemwege-und-der-zaehne\/#breadcrumb","itemListElement":[{"@type":"ListItem","position":1,"name":"Home","item":"https:\/\/avrupaubkdental.com\/de\/"},{"@type":"ListItem","position":2,"name":"Beziehung zwischen Mund- und Nasengesundheit: Gesundheit der Atemwege und der Z\u00e4hne"}]},{"@type":"WebSite","@id":"https:\/\/avrupaubkdental.com\/de\/#website","url":"https:\/\/avrupaubkdental.com\/de\/","name":"Avrupa UBK Dental","description":"","publisher":{"@id":"https:\/\/avrupaubkdental.com\/de\/#organization"},"potentialAction":[{"@type":"SearchAction","target":{"@type":"EntryPoint","urlTemplate":"https:\/\/avrupaubkdental.com\/de\/?s={search_term_string}"},"query-input":{"@type":"PropertyValueSpecification","valueRequired":true,"valueName":"search_term_string"}}],"inLanguage":"de"},{"@type":"Organization","@id":"https:\/\/avrupaubkdental.com\/de\/#organization","name":"Avrupa UBK Dental","url":"https:\/\/avrupaubkdental.com\/de\/","logo":{"@type":"ImageObject","inLanguage":"de","@id":"https:\/\/avrupaubkdental.com\/de\/#\/schema\/logo\/image\/","url":"https:\/\/avrupaubkdental.com\/wp-content\/uploads\/2023\/09\/cropped-AVR.-DIK-DUZ-SATIR-PNG.png","contentUrl":"https:\/\/avrupaubkdental.com\/wp-content\/uploads\/2023\/09\/cropped-AVR.-DIK-DUZ-SATIR-PNG.png","width":150,"height":150,"caption":"Avrupa UBK Dental"},"image":{"@id":"https:\/\/avrupaubkdental.com\/de\/#\/schema\/logo\/image\/"},"sameAs":["https:\/\/www.instagram.com\/avrupaubkdental\/"]},{"@type":"Person","@id":"https:\/\/avrupaubkdental.com\/de\/#\/schema\/person\/76c7a1c48e922f069d538d16be02e02e","name":"burak","image":{"@type":"ImageObject","inLanguage":"de","@id":"https:\/\/secure.gravatar.com\/avatar\/f746707d3bcfbee87fcc797fe3676d9f7bdbc2fe5ebae5f99c9cb63cc0378230?s=96&d=mm&r=g","url":"https:\/\/secure.gravatar.com\/avatar\/f746707d3bcfbee87fcc797fe3676d9f7bdbc2fe5ebae5f99c9cb63cc0378230?s=96&d=mm&r=g","contentUrl":"https:\/\/secure.gravatar.com\/avatar\/f746707d3bcfbee87fcc797fe3676d9f7bdbc2fe5ebae5f99c9cb63cc0378230?s=96&d=mm&r=g","caption":"burak"},"sameAs":["http:\/\/avrupaubkdental.com"],"url":"https:\/\/avrupaubkdental.com\/de\/author\/burak\/"}]}},"_links":{"self":[{"href":"https:\/\/avrupaubkdental.com\/de\/wp-json\/wp\/v2\/posts\/4444","targetHints":{"allow":["GET"]}}],"collection":[{"href":"https:\/\/avrupaubkdental.com\/de\/wp-json\/wp\/v2\/posts"}],"about":[{"href":"https:\/\/avrupaubkdental.com\/de\/wp-json\/wp\/v2\/types\/post"}],"author":[{"embeddable":true,"href":"https:\/\/avrupaubkdental.com\/de\/wp-json\/wp\/v2\/users\/1"}],"replies":[{"embeddable":true,"href":"https:\/\/avrupaubkdental.com\/de\/wp-json\/wp\/v2\/comments?post=4444"}],"version-history":[{"count":1,"href":"https:\/\/avrupaubkdental.com\/de\/wp-json\/wp\/v2\/posts\/4444\/revisions"}],"predecessor-version":[{"id":4445,"href":"https:\/\/avrupaubkdental.com\/de\/wp-json\/wp\/v2\/posts\/4444\/revisions\/4445"}],"wp:featuredmedia":[{"embeddable":true,"href":"https:\/\/avrupaubkdental.com\/de\/wp-json\/wp\/v2\/media\/4388"}],"wp:attachment":[{"href":"https:\/\/avrupaubkdental.com\/de\/wp-json\/wp\/v2\/media?parent=4444"}],"wp:term":[{"taxonomy":"category","embeddable":true,"href":"https:\/\/avrupaubkdental.com\/de\/wp-json\/wp\/v2\/categories?post=4444"},{"taxonomy":"post_tag","embeddable":true,"href":"https:\/\/avrupaubkdental.com\/de\/wp-json\/wp\/v2\/tags?post=4444"}],"curies":[{"name":"wp","href":"https:\/\/api.w.org\/{rel}","templated":true}]}}