{"id":4916,"date":"2024-03-25T17:19:57","date_gmt":"2024-03-25T14:19:57","guid":{"rendered":"https:\/\/avrupaubkdental.com\/2024\/03\/25\/mundgesundheit-und-psychische-gesundheit\/"},"modified":"2024-03-25T17:19:58","modified_gmt":"2024-03-25T14:19:58","slug":"mundgesundheit-und-psychische-gesundheit","status":"publish","type":"post","link":"https:\/\/avrupaubkdental.com\/de\/mundgesundheit-und-psychische-gesundheit\/","title":{"rendered":"Mundgesundheit und psychische Gesundheit"},"content":{"rendered":"\t\t<div data-elementor-type=\"wp-post\" data-elementor-id=\"4916\" class=\"elementor elementor-4916 elementor-4832\">\n\t\t\t\t\t\t<div class=\"elementor-inner\">\n\t\t\t\t<div class=\"elementor-section-wrap\">\n\t\t\t\t\t\t\t\t\t<section class=\"elementor-section elementor-top-section elementor-element elementor-element-39e762a elementor-section-boxed elementor-section-height-default elementor-section-height-default\" data-id=\"39e762a\" data-element_type=\"section\">\n\t\t\t\t\t\t\t<div class=\"elementor-background-overlay\"><\/div>\n\t\t\t\t\t\t\t<div class=\"elementor-container elementor-column-gap-default\">\n\t\t\t\t\t\t\t<div class=\"elementor-row\">\n\t\t\t\t\t<div class=\"aux-parallax-section elementor-column elementor-col-100 elementor-top-column elementor-element elementor-element-64c7dc4\" data-id=\"64c7dc4\" data-element_type=\"column\" data-settings=\"{&quot;background_background&quot;:&quot;classic&quot;}\">\n\t\t\t<div class=\"elementor-column-wrap elementor-element-populated\">\n\t\t\t\t\t<div class=\"elementor-background-overlay\"><\/div>\n\t\t\t\t\t\t\t<div class=\"elementor-widget-wrap\">\n\t\t\t\t\t\t<div class=\"elementor-element elementor-element-5c52044 elementor-widget elementor-widget-heading\" data-id=\"5c52044\" data-element_type=\"widget\" data-widget_type=\"heading.default\">\n\t\t\t\t<div class=\"elementor-widget-container\">\n\t\t\t<h1 class=\"elementor-heading-title elementor-size-default\">Mundgesundheit und psychische Gesundheit<\/h1>\t\t<\/div>\n\t\t\t\t<\/div>\n\t\t\t\t\t\t<\/div>\n\t\t\t\t\t<\/div>\n\t\t<\/div>\n\t\t\t\t\t\t\t\t<\/div>\n\t\t\t\t\t<\/div>\n\t\t<\/section>\n\t\t\t\t<section class=\"elementor-section elementor-top-section elementor-element elementor-element-d8125aa elementor-section-boxed elementor-section-height-default elementor-section-height-default\" data-id=\"d8125aa\" data-element_type=\"section\">\n\t\t\t\t\t\t<div class=\"elementor-container elementor-column-gap-default\">\n\t\t\t\t\t\t\t<div class=\"elementor-row\">\n\t\t\t\t\t<div class=\"aux-parallax-section elementor-column elementor-col-50 elementor-top-column elementor-element elementor-element-3383e47\" data-id=\"3383e47\" data-element_type=\"column\">\n\t\t\t<div class=\"elementor-column-wrap elementor-element-populated\">\n\t\t\t\t\t\t\t<div class=\"elementor-widget-wrap\">\n\t\t\t\t\t\t<div class=\"elementor-element elementor-element-4b88edd elementor-widget elementor-widget-text-editor\" data-id=\"4b88edd\" data-element_type=\"widget\" data-widget_type=\"text-editor.default\">\n\t\t\t\t<div class=\"elementor-widget-container\">\n\t\t\t\t\t\t\t\t<div class=\"elementor-text-editor elementor-clearfix\">\n\t\t\t\t<p>Die Mundgesundheit ist ein wichtiger Bestandteil unserer allgemeinen Gesundheit und kann sich nicht nur auf unsere k\u00f6rperliche, sondern auch auf unsere geistige Gesundheit auswirken.<\/p>\n\t\t\t\t\t<\/div>\n\t\t\t\t\t\t<\/div>\n\t\t\t\t<\/div>\n\t\t\t\t\t\t<\/div>\n\t\t\t\t\t<\/div>\n\t\t<\/div>\n\t\t\t\t<div class=\"aux-parallax-section elementor-column elementor-col-50 elementor-top-column elementor-element elementor-element-837243a\" data-id=\"837243a\" data-element_type=\"column\">\n\t\t\t<div class=\"elementor-column-wrap elementor-element-populated\">\n\t\t\t\t\t\t\t<div class=\"elementor-widget-wrap\">\n\t\t\t\t\t\t<div class=\"elementor-element elementor-element-cfb0b4b elementor-widget elementor-widget-text-editor\" data-id=\"cfb0b4b\" data-element_type=\"widget\" data-widget_type=\"text-editor.default\">\n\t\t\t\t<div class=\"elementor-widget-container\">\n\t\t\t\t\t\t\t\t<div class=\"elementor-text-editor elementor-clearfix\">\n\t\t\t\t<p>L\u00e4cheln kann das Selbstvertrauen st\u00e4rken, soziale Interaktionen erleichtern und die Stimmung verbessern. In diesem Artikel werden wir die Auswirkungen der Mundgesundheit auf die psychische Gesundheit und die Bedeutung des L\u00e4chelns er\u00f6rtern.<\/p>\n\t\t\t\t\t<\/div>\n\t\t\t\t\t\t<\/div>\n\t\t\t\t<\/div>\n\t\t\t\t\t\t<\/div>\n\t\t\t\t\t<\/div>\n\t\t<\/div>\n\t\t\t\t\t\t\t\t<\/div>\n\t\t\t\t\t<\/div>\n\t\t<\/section>\n\t\t\t\t<section class=\"elementor-section elementor-top-section elementor-element elementor-element-643b4ef elementor-section-boxed elementor-section-height-default elementor-section-height-default\" data-id=\"643b4ef\" data-element_type=\"section\" data-settings=\"{&quot;background_background&quot;:&quot;classic&quot;}\">\n\t\t\t\t\t\t<div class=\"elementor-container elementor-column-gap-default\">\n\t\t\t\t\t\t\t<div class=\"elementor-row\">\n\t\t\t\t\t<div class=\"aux-parallax-section elementor-column elementor-col-66 elementor-top-column elementor-element elementor-element-5ec8e10\" data-id=\"5ec8e10\" data-element_type=\"column\" data-settings=\"{&quot;background_background&quot;:&quot;classic&quot;}\">\n\t\t\t<div class=\"elementor-column-wrap elementor-element-populated\">\n\t\t\t\t\t\t\t<div class=\"elementor-widget-wrap\">\n\t\t\t\t\t\t<div class=\"elementor-element elementor-element-d9ee89e elementor-widget elementor-widget-heading\" data-id=\"d9ee89e\" data-element_type=\"widget\" data-widget_type=\"heading.default\">\n\t\t\t\t<div class=\"elementor-widget-container\">\n\t\t\t<h2 class=\"elementor-heading-title elementor-size-default\">Die Auswirkungen der Mundgesundheit auf die psychische Gesundheit:<\/h2>\t\t<\/div>\n\t\t\t\t<\/div>\n\t\t\t\t<div class=\"elementor-element elementor-element-245e2d8 elementor-widget elementor-widget-text-editor\" data-id=\"245e2d8\" data-element_type=\"widget\" data-widget_type=\"text-editor.default\">\n\t\t\t\t<div class=\"elementor-widget-container\">\n\t\t\t\t\t\t\t\t<div class=\"elementor-text-editor elementor-clearfix\">\n\t\t\t\t<p><strong>Selbstvertrauen Gesunde<\/strong> Z\u00e4hne und ein sch\u00f6nes L\u00e4cheln k\u00f6nnen das Selbstvertrauen st\u00e4rken. Das L\u00e4cheln spielt eine wichtige Rolle bei der Interaktion mit der Au\u00dfenwelt, und ein L\u00e4cheln mit gesunden Z\u00e4hnen kann eine positive Einstellung und ein Gef\u00fchl von Selbstvertrauen vermitteln.<\/p>\n<p><strong>Soziale Interaktionen:<\/strong> L\u00e4cheln kann soziale Interaktionen erleichtern und die Bindungen zwischen Menschen st\u00e4rken. Gesunde Z\u00e4hne k\u00f6nnen die Bereitschaft zum L\u00e4cheln erh\u00f6hen, was zu positiveren sozialen Interaktionen f\u00fchren kann.<\/p>\n<p><strong>Stressabbau:<\/strong> Die Forschung zeigt, dass L\u00e4cheln das Stressniveau senken und die Stimmung verbessern kann. Gesunde Z\u00e4hne k\u00f6nnen die Menschen dazu ermutigen, mehr zu l\u00e4cheln, was wiederum Stress abbauen kann.<\/p>\n\t\t\t\t\t<\/div>\n\t\t\t\t\t\t<\/div>\n\t\t\t\t<\/div>\n\t\t\t\t<div class=\"elementor-element elementor-element-c883515 elementor-widget elementor-widget-heading\" data-id=\"c883515\" data-element_type=\"widget\" data-widget_type=\"heading.default\">\n\t\t\t\t<div class=\"elementor-widget-container\">\n\t\t\t<h2 class=\"elementor-heading-title elementor-size-default\">Die Bedeutung des L\u00e4chelns:<\/h2>\t\t<\/div>\n\t\t\t\t<\/div>\n\t\t\t\t<div class=\"elementor-element elementor-element-9acd2b8 elementor-widget elementor-widget-text-editor\" data-id=\"9acd2b8\" data-element_type=\"widget\" data-widget_type=\"text-editor.default\">\n\t\t\t\t<div class=\"elementor-widget-container\">\n\t\t\t\t\t\t\t\t<div class=\"elementor-text-editor elementor-clearfix\">\n\t\t\t\t<p><strong>Geistiges Wohlbefinden:<\/strong> L\u00e4cheln kann die Aussch\u00fcttung von Gl\u00fcckshormonen wie Endorphinen und Serotonin im Gehirn ausl\u00f6sen. Diese Hormone verbessern die Stimmung und tragen dazu bei, dass sich der Mensch gl\u00fccklicher f\u00fchlt.<\/p>\n<p><strong>Kommunikationsmittel:<\/strong> L\u00e4cheln ist ein wichtiges Instrument der Kommunikation und erleichtert positive Interaktionen zwischen Menschen. Mit gesunden Z\u00e4hnen k\u00f6nnen die Menschen selbstbewusster und angenehmer l\u00e4cheln.<\/p>\n<p><strong>Positive Wahrnehmung:<\/strong> Ein L\u00e4cheln wird von den Menschen positiv wahrgenommen und sendet eine positive Botschaft an die andere Person. Gesunde Z\u00e4hne lassen Menschen attraktiver und gepflegter aussehen.<\/p>\n\t\t\t\t\t<\/div>\n\t\t\t\t\t\t<\/div>\n\t\t\t\t<\/div>\n\t\t\t\t\t\t<\/div>\n\t\t\t\t\t<\/div>\n\t\t<\/div>\n\t\t\t\t<div class=\"aux-parallax-section elementor-column elementor-col-33 elementor-top-column elementor-element elementor-element-21709a2\" data-id=\"21709a2\" data-element_type=\"column\">\n\t\t\t<div class=\"elementor-column-wrap elementor-element-populated\">\n\t\t\t\t\t\t\t<div class=\"elementor-widget-wrap\">\n\t\t\t\t\t\t<div class=\"elementor-element elementor-element-8397b3d elementor-widget elementor-widget-image\" data-id=\"8397b3d\" data-element_type=\"widget\" data-widget_type=\"image.default\">\n\t\t\t\t<div class=\"elementor-widget-container\">\n\t\t\t\t\t\t\t\t<div class=\"elementor-image\">\n\t\t\t\t\t\t\t\t\t\t\t\t<img decoding=\"async\" width=\"1080\" height=\"1350\" src=\"https:\/\/avrupaubkdental.com\/wp-content\/uploads\/2024\/03\/agiz-sagligi-ve-ruh-sagligi-1.png\" class=\"attachment-full size-full wp-image-4841\" alt=\"\" srcset=\"https:\/\/avrupaubkdental.com\/wp-content\/uploads\/2024\/03\/agiz-sagligi-ve-ruh-sagligi-1.png 1080w, https:\/\/avrupaubkdental.com\/wp-content\/uploads\/2024\/03\/agiz-sagligi-ve-ruh-sagligi-1-200x250.png 200w\" sizes=\"(max-width: 1080px) 100vw, 1080px\" \/>\t\t\t\t\t\t\t\t\t\t\t\t\t\t<\/div>\n\t\t\t\t\t\t<\/div>\n\t\t\t\t<\/div>\n\t\t\t\t\t\t<\/div>\n\t\t\t\t\t<\/div>\n\t\t<\/div>\n\t\t\t\t\t\t\t\t<\/div>\n\t\t\t\t\t<\/div>\n\t\t<\/section>\n\t\t\t\t<section class=\"elementor-section elementor-top-section elementor-element elementor-element-44f28db elementor-section-boxed elementor-section-height-default elementor-section-height-default\" data-id=\"44f28db\" data-element_type=\"section\" data-settings=\"{&quot;background_background&quot;:&quot;classic&quot;}\">\n\t\t\t\t\t\t<div class=\"elementor-container elementor-column-gap-default\">\n\t\t\t\t\t\t\t<div class=\"elementor-row\">\n\t\t\t\t\t<div class=\"aux-parallax-section elementor-column elementor-col-33 elementor-top-column elementor-element elementor-element-dc2b9e4\" data-id=\"dc2b9e4\" data-element_type=\"column\">\n\t\t\t<div class=\"elementor-column-wrap elementor-element-populated\">\n\t\t\t\t\t\t\t<div class=\"elementor-widget-wrap\">\n\t\t\t\t\t\t<div class=\"elementor-element elementor-element-7e3f69c elementor-widget elementor-widget-image\" data-id=\"7e3f69c\" data-element_type=\"widget\" data-widget_type=\"image.default\">\n\t\t\t\t<div class=\"elementor-widget-container\">\n\t\t\t\t\t\t\t\t<div class=\"elementor-image\">\n\t\t\t\t\t\t\t\t\t\t\t\t<img decoding=\"async\" width=\"1080\" height=\"1350\" src=\"https:\/\/avrupaubkdental.com\/wp-content\/uploads\/2024\/03\/agiz-sagligi-ve-ruh-sagligi-2.png\" class=\"attachment-full size-full wp-image-4847\" alt=\"\" srcset=\"https:\/\/avrupaubkdental.com\/wp-content\/uploads\/2024\/03\/agiz-sagligi-ve-ruh-sagligi-2.png 1080w, https:\/\/avrupaubkdental.com\/wp-content\/uploads\/2024\/03\/agiz-sagligi-ve-ruh-sagligi-2-200x250.png 200w\" sizes=\"(max-width: 1080px) 100vw, 1080px\" \/>\t\t\t\t\t\t\t\t\t\t\t\t\t\t<\/div>\n\t\t\t\t\t\t<\/div>\n\t\t\t\t<\/div>\n\t\t\t\t\t\t<\/div>\n\t\t\t\t\t<\/div>\n\t\t<\/div>\n\t\t\t\t<div class=\"aux-parallax-section elementor-column elementor-col-66 elementor-top-column elementor-element elementor-element-b683173\" data-id=\"b683173\" data-element_type=\"column\">\n\t\t\t<div class=\"elementor-column-wrap elementor-element-populated\">\n\t\t\t\t\t\t\t<div class=\"elementor-widget-wrap\">\n\t\t\t\t\t\t<div class=\"elementor-element elementor-element-ffb00da elementor-widget elementor-widget-heading\" data-id=\"ffb00da\" data-element_type=\"widget\" data-widget_type=\"heading.default\">\n\t\t\t\t<div class=\"elementor-widget-container\">\n\t\t\t<h2 class=\"elementor-heading-title elementor-size-default\">Schutz der Mundgesundheit:<\/h2>\t\t<\/div>\n\t\t\t\t<\/div>\n\t\t\t\t<div class=\"elementor-element elementor-element-a187cec elementor-widget elementor-widget-text-editor\" data-id=\"a187cec\" data-element_type=\"widget\" data-widget_type=\"text-editor.default\">\n\t\t\t\t<div class=\"elementor-widget-container\">\n\t\t\t\t\t\t\t\t<div class=\"elementor-text-editor elementor-clearfix\">\n\t\t\t\t<p><strong>Regelm\u00e4\u00dfige zahn\u00e4rztliche Kontrolluntersuchungen:<\/strong> Regelm\u00e4\u00dfige zahn\u00e4rztliche Untersuchungen sind wichtig, um die Mundgesundheit zu erhalten und m\u00f6gliche Probleme fr\u00fchzeitig zu erkennen.<\/p>\n<p><strong>Regelm\u00e4\u00dfige Zahnpflege:<\/strong> Regelm\u00e4\u00dfige Zahnpflegegewohnheiten wie Z\u00e4hneputzen, Zahnseide und Gurgeln sind die Grundlage f\u00fcr die Erhaltung der Mundgesundheit.<\/p>\n<p><strong>Gesunde Ern\u00e4hrung:<\/strong> Ausgewogene und gesunde Ern\u00e4hrungsgewohnheiten unterst\u00fctzen die Mundgesundheit und helfen, Z\u00e4hne und Zahnfleisch gesund zu erhalten.<\/p>\n\t\t\t\t\t<\/div>\n\t\t\t\t\t\t<\/div>\n\t\t\t\t<\/div>\n\t\t\t\t<div class=\"elementor-element elementor-element-bbb77a3 elementor-widget elementor-widget-text-editor\" data-id=\"bbb77a3\" data-element_type=\"widget\" data-widget_type=\"text-editor.default\">\n\t\t\t\t<div class=\"elementor-widget-container\">\n\t\t\t\t\t\t\t\t<div class=\"elementor-text-editor elementor-clearfix\">\n\t\t\t\t<p>Die Mundgesundheit hat einen erheblichen Einfluss auf die psychische Gesundheit. Gesunde Z\u00e4hne k\u00f6nnen das Selbstvertrauen der Menschen st\u00e4rken, soziale Interaktionen erleichtern und die Stimmung verbessern. Deshalb ist es wichtig, die Mundgesundheit zu erhalten und ein L\u00e4cheln zu bewahren.<\/p>\n\t\t\t\t\t<\/div>\n\t\t\t\t\t\t<\/div>\n\t\t\t\t<\/div>\n\t\t\t\t\t\t<\/div>\n\t\t\t\t\t<\/div>\n\t\t<\/div>\n\t\t\t\t\t\t\t\t<\/div>\n\t\t\t\t\t<\/div>\n\t\t<\/section>\n\t\t\t\t<section class=\"elementor-section elementor-top-section elementor-element elementor-element-33d9791 elementor-section-boxed elementor-section-height-default elementor-section-height-default\" data-id=\"33d9791\" data-element_type=\"section\">\n\t\t\t\t\t\t\t<div class=\"elementor-background-overlay\"><\/div>\n\t\t\t\t\t\t\t<div class=\"elementor-container elementor-column-gap-default\">\n\t\t\t\t\t\t\t<div class=\"elementor-row\">\n\t\t\t\t\t<div class=\"aux-parallax-section elementor-column elementor-col-100 elementor-top-column elementor-element elementor-element-f41da64\" data-id=\"f41da64\" data-element_type=\"column\">\n\t\t\t<div class=\"elementor-column-wrap elementor-element-populated\">\n\t\t\t\t\t\t\t<div class=\"elementor-widget-wrap\">\n\t\t\t\t\t\t<div class=\"elementor-element elementor-element-44ec201 elementor-widget elementor-widget-spacer\" data-id=\"44ec201\" data-element_type=\"widget\" data-widget_type=\"spacer.default\">\n\t\t\t\t<div class=\"elementor-widget-container\">\n\t\t\t\t\t<div class=\"elementor-spacer\">\n\t\t\t<div class=\"elementor-spacer-inner\"><\/div>\n\t\t<\/div>\n\t\t\t\t<\/div>\n\t\t\t\t<\/div>\n\t\t\t\t<div class=\"elementor-element elementor-element-4488dcd elementor-widget elementor-widget-spacer\" data-id=\"4488dcd\" data-element_type=\"widget\" data-widget_type=\"spacer.default\">\n\t\t\t\t<div class=\"elementor-widget-container\">\n\t\t\t\t\t<div class=\"elementor-spacer\">\n\t\t\t<div class=\"elementor-spacer-inner\"><\/div>\n\t\t<\/div>\n\t\t\t\t<\/div>\n\t\t\t\t<\/div>\n\t\t\t\t\t\t<\/div>\n\t\t\t\t\t<\/div>\n\t\t<\/div>\n\t\t\t\t\t\t\t\t<\/div>\n\t\t\t\t\t<\/div>\n\t\t<\/section>\n\t\t\t\t\t\t\t\t\t<\/div>\n\t\t\t<\/div>\n\t\t\t\t\t<\/div>\n\t\t","protected":false},"excerpt":{"rendered":"<p>Mundgesundheit und psychische Gesundheit Die Mundgesundheit ist ein wichtiger Bestandteil unserer allgemeinen Gesundheit und kann sich nicht nur auf unsere k\u00f6rperliche, sondern auch auf unsere geistige Gesundheit auswirken. L\u00e4cheln kann das Selbstvertrauen st\u00e4rken, soziale Interaktionen erleichtern und die Stimmung verbessern. In diesem Artikel werden wir die Auswirkungen der Mundgesundheit auf die psychische Gesundheit und die [&hellip;]<\/p>\n","protected":false},"author":1,"featured_media":4836,"comment_status":"open","ping_status":"open","sticky":false,"template":"elementor_header_footer","format":"standard","meta":{"_joinchat":[],"footnotes":""},"categories":[9],"tags":[],"class_list":["post-4916","post","type-post","status-publish","format-standard","has-post-thumbnail","hentry","category-unkategorisiert"],"yoast_head":"<!-- This site is optimized with the Yoast SEO plugin v27.4 - https:\/\/yoast.com\/product\/yoast-seo-wordpress\/ -->\n<title>Mundgesundheit und psychische Gesundheit - Avrupa UBK Dental Bayrampa\u015fa<\/title>\n<meta name=\"robots\" content=\"index, follow, max-snippet:-1, max-image-preview:large, max-video-preview:-1\" \/>\n<link rel=\"canonical\" href=\"https:\/\/avrupaubkdental.com\/de\/mundgesundheit-und-psychische-gesundheit\/\" \/>\n<meta property=\"og:locale\" content=\"de_DE\" \/>\n<meta property=\"og:type\" content=\"article\" \/>\n<meta property=\"og:title\" content=\"Mundgesundheit und psychische Gesundheit - Avrupa UBK Dental Bayrampa\u015fa\" \/>\n<meta property=\"og:description\" content=\"Mundgesundheit und psychische Gesundheit Die Mundgesundheit ist ein wichtiger Bestandteil unserer allgemeinen Gesundheit und kann sich nicht nur auf unsere k\u00f6rperliche, sondern auch auf unsere geistige Gesundheit auswirken. L\u00e4cheln kann das Selbstvertrauen st\u00e4rken, soziale Interaktionen erleichtern und die Stimmung verbessern. In diesem Artikel werden wir die Auswirkungen der Mundgesundheit auf die psychische Gesundheit und die [&hellip;]\" \/>\n<meta property=\"og:url\" content=\"https:\/\/avrupaubkdental.com\/de\/mundgesundheit-und-psychische-gesundheit\/\" \/>\n<meta property=\"og:site_name\" content=\"Avrupa UBK Dental Bayrampa\u015fa\" \/>\n<meta property=\"article:published_time\" content=\"2024-03-25T14:19:57+00:00\" \/>\n<meta property=\"article:modified_time\" content=\"2024-03-25T14:19:58+00:00\" \/>\n<meta property=\"og:image\" content=\"https:\/\/avrupaubkdental.com\/wp-content\/uploads\/2024\/03\/agiz-sagligi-ve-ruh-sagligi.png\" \/>\n\t<meta property=\"og:image:width\" content=\"1600\" \/>\n\t<meta property=\"og:image:height\" content=\"1080\" \/>\n\t<meta property=\"og:image:type\" content=\"image\/png\" \/>\n<meta name=\"author\" content=\"burak\" \/>\n<meta name=\"twitter:card\" content=\"summary_large_image\" \/>\n<meta name=\"twitter:label1\" content=\"Verfasst von\" \/>\n\t<meta name=\"twitter:data1\" content=\"burak\" \/>\n\t<meta name=\"twitter:label2\" content=\"Gesch\u00e4tzte Lesezeit\" \/>\n\t<meta name=\"twitter:data2\" content=\"2\u00a0Minuten\" \/>\n<script type=\"application\/ld+json\" class=\"yoast-schema-graph\">{\"@context\":\"https:\\\/\\\/schema.org\",\"@graph\":[{\"@type\":\"Article\",\"@id\":\"https:\\\/\\\/avrupaubkdental.com\\\/de\\\/mundgesundheit-und-psychische-gesundheit\\\/#article\",\"isPartOf\":{\"@id\":\"https:\\\/\\\/avrupaubkdental.com\\\/de\\\/mundgesundheit-und-psychische-gesundheit\\\/\"},\"author\":{\"name\":\"burak\",\"@id\":\"https:\\\/\\\/avrupaubkdental.com\\\/de\\\/#\\\/schema\\\/person\\\/76c7a1c48e922f069d538d16be02e02e\"},\"headline\":\"Mundgesundheit und psychische Gesundheit\",\"datePublished\":\"2024-03-25T14:19:57+00:00\",\"dateModified\":\"2024-03-25T14:19:58+00:00\",\"mainEntityOfPage\":{\"@id\":\"https:\\\/\\\/avrupaubkdental.com\\\/de\\\/mundgesundheit-und-psychische-gesundheit\\\/\"},\"wordCount\":403,\"commentCount\":0,\"publisher\":{\"@id\":\"https:\\\/\\\/avrupaubkdental.com\\\/de\\\/#organization\"},\"image\":{\"@id\":\"https:\\\/\\\/avrupaubkdental.com\\\/de\\\/mundgesundheit-und-psychische-gesundheit\\\/#primaryimage\"},\"thumbnailUrl\":\"https:\\\/\\\/avrupaubkdental.com\\\/wp-content\\\/uploads\\\/2024\\\/03\\\/agiz-sagligi-ve-ruh-sagligi.png\",\"articleSection\":[\"Unkategorisiert\"],\"inLanguage\":\"de\",\"potentialAction\":[{\"@type\":\"CommentAction\",\"name\":\"Comment\",\"target\":[\"https:\\\/\\\/avrupaubkdental.com\\\/de\\\/mundgesundheit-und-psychische-gesundheit\\\/#respond\"]}]},{\"@type\":\"WebPage\",\"@id\":\"https:\\\/\\\/avrupaubkdental.com\\\/de\\\/mundgesundheit-und-psychische-gesundheit\\\/\",\"url\":\"https:\\\/\\\/avrupaubkdental.com\\\/de\\\/mundgesundheit-und-psychische-gesundheit\\\/\",\"name\":\"Mundgesundheit und psychische Gesundheit - Avrupa UBK Dental Bayrampa\u015fa\",\"isPartOf\":{\"@id\":\"https:\\\/\\\/avrupaubkdental.com\\\/de\\\/#website\"},\"primaryImageOfPage\":{\"@id\":\"https:\\\/\\\/avrupaubkdental.com\\\/de\\\/mundgesundheit-und-psychische-gesundheit\\\/#primaryimage\"},\"image\":{\"@id\":\"https:\\\/\\\/avrupaubkdental.com\\\/de\\\/mundgesundheit-und-psychische-gesundheit\\\/#primaryimage\"},\"thumbnailUrl\":\"https:\\\/\\\/avrupaubkdental.com\\\/wp-content\\\/uploads\\\/2024\\\/03\\\/agiz-sagligi-ve-ruh-sagligi.png\",\"datePublished\":\"2024-03-25T14:19:57+00:00\",\"dateModified\":\"2024-03-25T14:19:58+00:00\",\"breadcrumb\":{\"@id\":\"https:\\\/\\\/avrupaubkdental.com\\\/de\\\/mundgesundheit-und-psychische-gesundheit\\\/#breadcrumb\"},\"inLanguage\":\"de\",\"potentialAction\":[{\"@type\":\"ReadAction\",\"target\":[\"https:\\\/\\\/avrupaubkdental.com\\\/de\\\/mundgesundheit-und-psychische-gesundheit\\\/\"]}]},{\"@type\":\"ImageObject\",\"inLanguage\":\"de\",\"@id\":\"https:\\\/\\\/avrupaubkdental.com\\\/de\\\/mundgesundheit-und-psychische-gesundheit\\\/#primaryimage\",\"url\":\"https:\\\/\\\/avrupaubkdental.com\\\/wp-content\\\/uploads\\\/2024\\\/03\\\/agiz-sagligi-ve-ruh-sagligi.png\",\"contentUrl\":\"https:\\\/\\\/avrupaubkdental.com\\\/wp-content\\\/uploads\\\/2024\\\/03\\\/agiz-sagligi-ve-ruh-sagligi.png\",\"width\":1600,\"height\":1080},{\"@type\":\"BreadcrumbList\",\"@id\":\"https:\\\/\\\/avrupaubkdental.com\\\/de\\\/mundgesundheit-und-psychische-gesundheit\\\/#breadcrumb\",\"itemListElement\":[{\"@type\":\"ListItem\",\"position\":1,\"name\":\"Home\",\"item\":\"https:\\\/\\\/avrupaubkdental.com\\\/de\\\/\"},{\"@type\":\"ListItem\",\"position\":2,\"name\":\"Mundgesundheit und psychische Gesundheit\"}]},{\"@type\":\"WebSite\",\"@id\":\"https:\\\/\\\/avrupaubkdental.com\\\/de\\\/#website\",\"url\":\"https:\\\/\\\/avrupaubkdental.com\\\/de\\\/\",\"name\":\"Avrupa UBK Dental\",\"description\":\"\",\"publisher\":{\"@id\":\"https:\\\/\\\/avrupaubkdental.com\\\/de\\\/#organization\"},\"potentialAction\":[{\"@type\":\"SearchAction\",\"target\":{\"@type\":\"EntryPoint\",\"urlTemplate\":\"https:\\\/\\\/avrupaubkdental.com\\\/de\\\/?s={search_term_string}\"},\"query-input\":{\"@type\":\"PropertyValueSpecification\",\"valueRequired\":true,\"valueName\":\"search_term_string\"}}],\"inLanguage\":\"de\"},{\"@type\":\"Organization\",\"@id\":\"https:\\\/\\\/avrupaubkdental.com\\\/de\\\/#organization\",\"name\":\"Avrupa UBK Dental\",\"url\":\"https:\\\/\\\/avrupaubkdental.com\\\/de\\\/\",\"logo\":{\"@type\":\"ImageObject\",\"inLanguage\":\"de\",\"@id\":\"https:\\\/\\\/avrupaubkdental.com\\\/de\\\/#\\\/schema\\\/logo\\\/image\\\/\",\"url\":\"https:\\\/\\\/avrupaubkdental.com\\\/wp-content\\\/uploads\\\/2023\\\/09\\\/cropped-AVR.-DIK-DUZ-SATIR-PNG.png\",\"contentUrl\":\"https:\\\/\\\/avrupaubkdental.com\\\/wp-content\\\/uploads\\\/2023\\\/09\\\/cropped-AVR.-DIK-DUZ-SATIR-PNG.png\",\"width\":150,\"height\":150,\"caption\":\"Avrupa UBK Dental\"},\"image\":{\"@id\":\"https:\\\/\\\/avrupaubkdental.com\\\/de\\\/#\\\/schema\\\/logo\\\/image\\\/\"},\"sameAs\":[\"https:\\\/\\\/www.instagram.com\\\/avrupaubkdental\\\/\"]},{\"@type\":\"Person\",\"@id\":\"https:\\\/\\\/avrupaubkdental.com\\\/de\\\/#\\\/schema\\\/person\\\/76c7a1c48e922f069d538d16be02e02e\",\"name\":\"burak\",\"image\":{\"@type\":\"ImageObject\",\"inLanguage\":\"de\",\"@id\":\"https:\\\/\\\/secure.gravatar.com\\\/avatar\\\/f746707d3bcfbee87fcc797fe3676d9f7bdbc2fe5ebae5f99c9cb63cc0378230?s=96&d=mm&r=g\",\"url\":\"https:\\\/\\\/secure.gravatar.com\\\/avatar\\\/f746707d3bcfbee87fcc797fe3676d9f7bdbc2fe5ebae5f99c9cb63cc0378230?s=96&d=mm&r=g\",\"contentUrl\":\"https:\\\/\\\/secure.gravatar.com\\\/avatar\\\/f746707d3bcfbee87fcc797fe3676d9f7bdbc2fe5ebae5f99c9cb63cc0378230?s=96&d=mm&r=g\",\"caption\":\"burak\"},\"sameAs\":[\"http:\\\/\\\/avrupaubkdental.com\"],\"url\":\"https:\\\/\\\/avrupaubkdental.com\\\/de\\\/author\\\/burak\\\/\"}]}<\/script>\n<!-- \/ Yoast SEO plugin. -->","yoast_head_json":{"title":"Mundgesundheit und psychische Gesundheit - Avrupa UBK Dental Bayrampa\u015fa","robots":{"index":"index","follow":"follow","max-snippet":"max-snippet:-1","max-image-preview":"max-image-preview:large","max-video-preview":"max-video-preview:-1"},"canonical":"https:\/\/avrupaubkdental.com\/de\/mundgesundheit-und-psychische-gesundheit\/","og_locale":"de_DE","og_type":"article","og_title":"Mundgesundheit und psychische Gesundheit - Avrupa UBK Dental Bayrampa\u015fa","og_description":"Mundgesundheit und psychische Gesundheit Die Mundgesundheit ist ein wichtiger Bestandteil unserer allgemeinen Gesundheit und kann sich nicht nur auf unsere k\u00f6rperliche, sondern auch auf unsere geistige Gesundheit auswirken. L\u00e4cheln kann das Selbstvertrauen st\u00e4rken, soziale Interaktionen erleichtern und die Stimmung verbessern. In diesem Artikel werden wir die Auswirkungen der Mundgesundheit auf die psychische Gesundheit und die [&hellip;]","og_url":"https:\/\/avrupaubkdental.com\/de\/mundgesundheit-und-psychische-gesundheit\/","og_site_name":"Avrupa UBK Dental Bayrampa\u015fa","article_published_time":"2024-03-25T14:19:57+00:00","article_modified_time":"2024-03-25T14:19:58+00:00","og_image":[{"width":1600,"height":1080,"url":"https:\/\/avrupaubkdental.com\/wp-content\/uploads\/2024\/03\/agiz-sagligi-ve-ruh-sagligi.png","type":"image\/png"}],"author":"burak","twitter_card":"summary_large_image","twitter_misc":{"Verfasst von":"burak","Gesch\u00e4tzte Lesezeit":"2\u00a0Minuten"},"schema":{"@context":"https:\/\/schema.org","@graph":[{"@type":"Article","@id":"https:\/\/avrupaubkdental.com\/de\/mundgesundheit-und-psychische-gesundheit\/#article","isPartOf":{"@id":"https:\/\/avrupaubkdental.com\/de\/mundgesundheit-und-psychische-gesundheit\/"},"author":{"name":"burak","@id":"https:\/\/avrupaubkdental.com\/de\/#\/schema\/person\/76c7a1c48e922f069d538d16be02e02e"},"headline":"Mundgesundheit und psychische Gesundheit","datePublished":"2024-03-25T14:19:57+00:00","dateModified":"2024-03-25T14:19:58+00:00","mainEntityOfPage":{"@id":"https:\/\/avrupaubkdental.com\/de\/mundgesundheit-und-psychische-gesundheit\/"},"wordCount":403,"commentCount":0,"publisher":{"@id":"https:\/\/avrupaubkdental.com\/de\/#organization"},"image":{"@id":"https:\/\/avrupaubkdental.com\/de\/mundgesundheit-und-psychische-gesundheit\/#primaryimage"},"thumbnailUrl":"https:\/\/avrupaubkdental.com\/wp-content\/uploads\/2024\/03\/agiz-sagligi-ve-ruh-sagligi.png","articleSection":["Unkategorisiert"],"inLanguage":"de","potentialAction":[{"@type":"CommentAction","name":"Comment","target":["https:\/\/avrupaubkdental.com\/de\/mundgesundheit-und-psychische-gesundheit\/#respond"]}]},{"@type":"WebPage","@id":"https:\/\/avrupaubkdental.com\/de\/mundgesundheit-und-psychische-gesundheit\/","url":"https:\/\/avrupaubkdental.com\/de\/mundgesundheit-und-psychische-gesundheit\/","name":"Mundgesundheit und psychische Gesundheit - Avrupa UBK Dental Bayrampa\u015fa","isPartOf":{"@id":"https:\/\/avrupaubkdental.com\/de\/#website"},"primaryImageOfPage":{"@id":"https:\/\/avrupaubkdental.com\/de\/mundgesundheit-und-psychische-gesundheit\/#primaryimage"},"image":{"@id":"https:\/\/avrupaubkdental.com\/de\/mundgesundheit-und-psychische-gesundheit\/#primaryimage"},"thumbnailUrl":"https:\/\/avrupaubkdental.com\/wp-content\/uploads\/2024\/03\/agiz-sagligi-ve-ruh-sagligi.png","datePublished":"2024-03-25T14:19:57+00:00","dateModified":"2024-03-25T14:19:58+00:00","breadcrumb":{"@id":"https:\/\/avrupaubkdental.com\/de\/mundgesundheit-und-psychische-gesundheit\/#breadcrumb"},"inLanguage":"de","potentialAction":[{"@type":"ReadAction","target":["https:\/\/avrupaubkdental.com\/de\/mundgesundheit-und-psychische-gesundheit\/"]}]},{"@type":"ImageObject","inLanguage":"de","@id":"https:\/\/avrupaubkdental.com\/de\/mundgesundheit-und-psychische-gesundheit\/#primaryimage","url":"https:\/\/avrupaubkdental.com\/wp-content\/uploads\/2024\/03\/agiz-sagligi-ve-ruh-sagligi.png","contentUrl":"https:\/\/avrupaubkdental.com\/wp-content\/uploads\/2024\/03\/agiz-sagligi-ve-ruh-sagligi.png","width":1600,"height":1080},{"@type":"BreadcrumbList","@id":"https:\/\/avrupaubkdental.com\/de\/mundgesundheit-und-psychische-gesundheit\/#breadcrumb","itemListElement":[{"@type":"ListItem","position":1,"name":"Home","item":"https:\/\/avrupaubkdental.com\/de\/"},{"@type":"ListItem","position":2,"name":"Mundgesundheit und psychische Gesundheit"}]},{"@type":"WebSite","@id":"https:\/\/avrupaubkdental.com\/de\/#website","url":"https:\/\/avrupaubkdental.com\/de\/","name":"Avrupa UBK Dental","description":"","publisher":{"@id":"https:\/\/avrupaubkdental.com\/de\/#organization"},"potentialAction":[{"@type":"SearchAction","target":{"@type":"EntryPoint","urlTemplate":"https:\/\/avrupaubkdental.com\/de\/?s={search_term_string}"},"query-input":{"@type":"PropertyValueSpecification","valueRequired":true,"valueName":"search_term_string"}}],"inLanguage":"de"},{"@type":"Organization","@id":"https:\/\/avrupaubkdental.com\/de\/#organization","name":"Avrupa UBK Dental","url":"https:\/\/avrupaubkdental.com\/de\/","logo":{"@type":"ImageObject","inLanguage":"de","@id":"https:\/\/avrupaubkdental.com\/de\/#\/schema\/logo\/image\/","url":"https:\/\/avrupaubkdental.com\/wp-content\/uploads\/2023\/09\/cropped-AVR.-DIK-DUZ-SATIR-PNG.png","contentUrl":"https:\/\/avrupaubkdental.com\/wp-content\/uploads\/2023\/09\/cropped-AVR.-DIK-DUZ-SATIR-PNG.png","width":150,"height":150,"caption":"Avrupa UBK Dental"},"image":{"@id":"https:\/\/avrupaubkdental.com\/de\/#\/schema\/logo\/image\/"},"sameAs":["https:\/\/www.instagram.com\/avrupaubkdental\/"]},{"@type":"Person","@id":"https:\/\/avrupaubkdental.com\/de\/#\/schema\/person\/76c7a1c48e922f069d538d16be02e02e","name":"burak","image":{"@type":"ImageObject","inLanguage":"de","@id":"https:\/\/secure.gravatar.com\/avatar\/f746707d3bcfbee87fcc797fe3676d9f7bdbc2fe5ebae5f99c9cb63cc0378230?s=96&d=mm&r=g","url":"https:\/\/secure.gravatar.com\/avatar\/f746707d3bcfbee87fcc797fe3676d9f7bdbc2fe5ebae5f99c9cb63cc0378230?s=96&d=mm&r=g","contentUrl":"https:\/\/secure.gravatar.com\/avatar\/f746707d3bcfbee87fcc797fe3676d9f7bdbc2fe5ebae5f99c9cb63cc0378230?s=96&d=mm&r=g","caption":"burak"},"sameAs":["http:\/\/avrupaubkdental.com"],"url":"https:\/\/avrupaubkdental.com\/de\/author\/burak\/"}]}},"_links":{"self":[{"href":"https:\/\/avrupaubkdental.com\/de\/wp-json\/wp\/v2\/posts\/4916","targetHints":{"allow":["GET"]}}],"collection":[{"href":"https:\/\/avrupaubkdental.com\/de\/wp-json\/wp\/v2\/posts"}],"about":[{"href":"https:\/\/avrupaubkdental.com\/de\/wp-json\/wp\/v2\/types\/post"}],"author":[{"embeddable":true,"href":"https:\/\/avrupaubkdental.com\/de\/wp-json\/wp\/v2\/users\/1"}],"replies":[{"embeddable":true,"href":"https:\/\/avrupaubkdental.com\/de\/wp-json\/wp\/v2\/comments?post=4916"}],"version-history":[{"count":1,"href":"https:\/\/avrupaubkdental.com\/de\/wp-json\/wp\/v2\/posts\/4916\/revisions"}],"predecessor-version":[{"id":4917,"href":"https:\/\/avrupaubkdental.com\/de\/wp-json\/wp\/v2\/posts\/4916\/revisions\/4917"}],"wp:featuredmedia":[{"embeddable":true,"href":"https:\/\/avrupaubkdental.com\/de\/wp-json\/wp\/v2\/media\/4836"}],"wp:attachment":[{"href":"https:\/\/avrupaubkdental.com\/de\/wp-json\/wp\/v2\/media?parent=4916"}],"wp:term":[{"taxonomy":"category","embeddable":true,"href":"https:\/\/avrupaubkdental.com\/de\/wp-json\/wp\/v2\/categories?post=4916"},{"taxonomy":"post_tag","embeddable":true,"href":"https:\/\/avrupaubkdental.com\/de\/wp-json\/wp\/v2\/tags?post=4916"}],"curies":[{"name":"wp","href":"https:\/\/api.w.org\/{rel}","templated":true}]}}