{"id":4924,"date":"2024-03-26T11:27:16","date_gmt":"2024-03-26T08:27:16","guid":{"rendered":"https:\/\/avrupaubkdental.com\/2024\/03\/26\/genetische-faktoren-fuer-die-mundgesundheit\/"},"modified":"2024-03-26T11:27:18","modified_gmt":"2024-03-26T08:27:18","slug":"genetische-faktoren-fuer-die-mundgesundheit","status":"publish","type":"post","link":"https:\/\/avrupaubkdental.com\/de\/genetische-faktoren-fuer-die-mundgesundheit\/","title":{"rendered":"Genetische Faktoren f\u00fcr die Mundgesundheit"},"content":{"rendered":"\t\t<div data-elementor-type=\"wp-post\" data-elementor-id=\"4924\" class=\"elementor elementor-4924 elementor-4807\">\n\t\t\t\t\t\t<div class=\"elementor-inner\">\n\t\t\t\t<div class=\"elementor-section-wrap\">\n\t\t\t\t\t\t\t\t\t<section class=\"elementor-section elementor-top-section elementor-element elementor-element-39e762a elementor-section-boxed elementor-section-height-default elementor-section-height-default\" data-id=\"39e762a\" data-element_type=\"section\">\n\t\t\t\t\t\t\t<div class=\"elementor-background-overlay\"><\/div>\n\t\t\t\t\t\t\t<div class=\"elementor-container elementor-column-gap-default\">\n\t\t\t\t\t\t\t<div class=\"elementor-row\">\n\t\t\t\t\t<div class=\"aux-parallax-section elementor-column elementor-col-100 elementor-top-column elementor-element elementor-element-64c7dc4\" data-id=\"64c7dc4\" data-element_type=\"column\" data-settings=\"{&quot;background_background&quot;:&quot;classic&quot;}\">\n\t\t\t<div class=\"elementor-column-wrap elementor-element-populated\">\n\t\t\t\t\t<div class=\"elementor-background-overlay\"><\/div>\n\t\t\t\t\t\t\t<div class=\"elementor-widget-wrap\">\n\t\t\t\t\t\t<div class=\"elementor-element elementor-element-5c52044 elementor-widget elementor-widget-heading\" data-id=\"5c52044\" data-element_type=\"widget\" data-widget_type=\"heading.default\">\n\t\t\t\t<div class=\"elementor-widget-container\">\n\t\t\t<h1 class=\"elementor-heading-title elementor-size-default\">Genetische Faktoren f\u00fcr die Mundgesundheit<\/h1>\t\t<\/div>\n\t\t\t\t<\/div>\n\t\t\t\t\t\t<\/div>\n\t\t\t\t\t<\/div>\n\t\t<\/div>\n\t\t\t\t\t\t\t\t<\/div>\n\t\t\t\t\t<\/div>\n\t\t<\/section>\n\t\t\t\t<section class=\"elementor-section elementor-top-section elementor-element elementor-element-d8125aa elementor-section-boxed elementor-section-height-default elementor-section-height-default\" data-id=\"d8125aa\" data-element_type=\"section\">\n\t\t\t\t\t\t<div class=\"elementor-container elementor-column-gap-default\">\n\t\t\t\t\t\t\t<div class=\"elementor-row\">\n\t\t\t\t\t<div class=\"aux-parallax-section elementor-column elementor-col-50 elementor-top-column elementor-element elementor-element-3383e47\" data-id=\"3383e47\" data-element_type=\"column\">\n\t\t\t<div class=\"elementor-column-wrap elementor-element-populated\">\n\t\t\t\t\t\t\t<div class=\"elementor-widget-wrap\">\n\t\t\t\t\t\t<div class=\"elementor-element elementor-element-4b88edd elementor-widget elementor-widget-text-editor\" data-id=\"4b88edd\" data-element_type=\"widget\" data-widget_type=\"text-editor.default\">\n\t\t\t\t<div class=\"elementor-widget-container\">\n\t\t\t\t\t\t\t\t<div class=\"elementor-text-editor elementor-clearfix\">\n\t\t\t\t<p>Die Mundgesundheit ist das Ergebnis sowohl von Umwelt- als auch von genetischen Faktoren. Unsere Gene beeinflussen die Struktur, das Wachstum und die Gesundheit unserer Z\u00e4hne und unseres Zahnfleisches.<\/p>\n\t\t\t\t\t<\/div>\n\t\t\t\t\t\t<\/div>\n\t\t\t\t<\/div>\n\t\t\t\t\t\t<\/div>\n\t\t\t\t\t<\/div>\n\t\t<\/div>\n\t\t\t\t<div class=\"aux-parallax-section elementor-column elementor-col-50 elementor-top-column elementor-element elementor-element-837243a\" data-id=\"837243a\" data-element_type=\"column\">\n\t\t\t<div class=\"elementor-column-wrap elementor-element-populated\">\n\t\t\t\t\t\t\t<div class=\"elementor-widget-wrap\">\n\t\t\t\t\t\t<div class=\"elementor-element elementor-element-cfb0b4b elementor-widget elementor-widget-text-editor\" data-id=\"cfb0b4b\" data-element_type=\"widget\" data-widget_type=\"text-editor.default\">\n\t\t\t\t<div class=\"elementor-widget-container\">\n\t\t\t\t\t\t\t\t<div class=\"elementor-text-editor elementor-clearfix\">\n\t\t\t\t<p>In diesem Artikel wird er\u00f6rtert, wie genetische Faktoren, die die Mundgesundheit beeinflussen, wirken und welche Auswirkungen die genetische Veranlagung auf die Mundgesundheit hat.<\/p>\n\t\t\t\t\t<\/div>\n\t\t\t\t\t\t<\/div>\n\t\t\t\t<\/div>\n\t\t\t\t\t\t<\/div>\n\t\t\t\t\t<\/div>\n\t\t<\/div>\n\t\t\t\t\t\t\t\t<\/div>\n\t\t\t\t\t<\/div>\n\t\t<\/section>\n\t\t\t\t<section class=\"elementor-section elementor-top-section elementor-element elementor-element-643b4ef elementor-section-boxed elementor-section-height-default elementor-section-height-default\" data-id=\"643b4ef\" data-element_type=\"section\" data-settings=\"{&quot;background_background&quot;:&quot;classic&quot;}\">\n\t\t\t\t\t\t<div class=\"elementor-container elementor-column-gap-default\">\n\t\t\t\t\t\t\t<div class=\"elementor-row\">\n\t\t\t\t\t<div class=\"aux-parallax-section elementor-column elementor-col-66 elementor-top-column elementor-element elementor-element-5ec8e10\" data-id=\"5ec8e10\" data-element_type=\"column\" data-settings=\"{&quot;background_background&quot;:&quot;classic&quot;}\">\n\t\t\t<div class=\"elementor-column-wrap elementor-element-populated\">\n\t\t\t\t\t\t\t<div class=\"elementor-widget-wrap\">\n\t\t\t\t\t\t<div class=\"elementor-element elementor-element-d9ee89e elementor-widget elementor-widget-heading\" data-id=\"d9ee89e\" data-element_type=\"widget\" data-widget_type=\"heading.default\">\n\t\t\t\t<div class=\"elementor-widget-container\">\n\t\t\t<h2 class=\"elementor-heading-title elementor-size-default\">Auswirkungen von genetischen Faktoren auf die Z\u00e4hne:<\/h2>\t\t<\/div>\n\t\t\t\t<\/div>\n\t\t\t\t<div class=\"elementor-element elementor-element-245e2d8 elementor-widget elementor-widget-text-editor\" data-id=\"245e2d8\" data-element_type=\"widget\" data-widget_type=\"text-editor.default\">\n\t\t\t\t<div class=\"elementor-widget-container\">\n\t\t\t\t\t\t\t\t<div class=\"elementor-text-editor elementor-clearfix\">\n\t\t\t\t<p><strong>Zahnstruktur und -form:<\/strong> Die Gene haben einen direkten Einfluss auf die Form, Gr\u00f6\u00dfe und Anordnung der Z\u00e4hne. Manche Menschen haben genetisch bedingt geradere Z\u00e4hne oder gr\u00f6\u00dfere Kiefer, was sich auf das Risiko von Karies oder Engstand auswirken kann.<\/p>\n<p><strong>Gesundheit des Zahnfleischs:<\/strong> Zahnfleischerkrankungen werden mit einer genetischen Veranlagung in Verbindung gebracht. Manche Menschen sind anf\u00e4lliger f\u00fcr Gingivitis oder Rezessionen als andere. Dies kann sich auf die Behandlung und Pr\u00e4vention von Zahnfleischerkrankungen auswirken.<\/p>\n<p><strong>Qualit\u00e4t des Zahnschmelzes:<\/strong> Die Qualit\u00e4t und Haltbarkeit des Zahnschmelzes h\u00e4ngt auch von genetischen Faktoren ab. Manche Menschen haben einen st\u00e4rkeren Zahnschmelz, w\u00e4hrend bei anderen der Zahnschmelz weicher ist oder sich schneller abnutzt. Dies kann sich auch auf das Kariesrisiko auswirken.<\/p>\n\t\t\t\t\t<\/div>\n\t\t\t\t\t\t<\/div>\n\t\t\t\t<\/div>\n\t\t\t\t<div class=\"elementor-element elementor-element-c883515 elementor-widget elementor-widget-heading\" data-id=\"c883515\" data-element_type=\"widget\" data-widget_type=\"heading.default\">\n\t\t\t\t<div class=\"elementor-widget-container\">\n\t\t\t<h2 class=\"elementor-heading-title elementor-size-default\">Auswirkungen der genetischen Veranlagung auf die Mundgesundheit:<\/h2>\t\t<\/div>\n\t\t\t\t<\/div>\n\t\t\t\t<div class=\"elementor-element elementor-element-9acd2b8 elementor-widget elementor-widget-text-editor\" data-id=\"9acd2b8\" data-element_type=\"widget\" data-widget_type=\"text-editor.default\">\n\t\t\t\t<div class=\"elementor-widget-container\">\n\t\t\t\t\t\t\t\t<div class=\"elementor-text-editor elementor-clearfix\">\n\t\t\t\t<p><strong>Karies und Zahnfleischentz\u00fcndungen:<\/strong> Die Familienanamnese kann das individuelle Risiko f\u00fcr Karies und Zahnfleischerkrankungen beeinflussen. Eine genetische Veranlagung kann die Wahrscheinlichkeit, bestimmte Zahnerkrankungen zu entwickeln, erh\u00f6hen oder verringern.<\/p>\n<p><strong>Kieferorthop\u00e4dische Probleme:<\/strong> Kieferorthop\u00e4dische Probleme wie Kreuzbiss, Engstand oder Kieferanomalien k\u00f6nnen auch durch genetische Faktoren beeinflusst werden. Die Familienanamnese kann eine wichtige Rolle bei der Bestimmung der Notwendigkeit einer kieferorthop\u00e4dischen Behandlung spielen.<\/p>\n\t\t\t\t\t<\/div>\n\t\t\t\t\t\t<\/div>\n\t\t\t\t<\/div>\n\t\t\t\t\t\t<\/div>\n\t\t\t\t\t<\/div>\n\t\t<\/div>\n\t\t\t\t<div class=\"aux-parallax-section elementor-column elementor-col-33 elementor-top-column elementor-element elementor-element-21709a2\" data-id=\"21709a2\" data-element_type=\"column\">\n\t\t\t<div class=\"elementor-column-wrap elementor-element-populated\">\n\t\t\t\t\t\t\t<div class=\"elementor-widget-wrap\">\n\t\t\t\t\t\t<div class=\"elementor-element elementor-element-8397b3d elementor-widget elementor-widget-image\" data-id=\"8397b3d\" data-element_type=\"widget\" data-widget_type=\"image.default\">\n\t\t\t\t<div class=\"elementor-widget-container\">\n\t\t\t\t\t\t\t\t<div class=\"elementor-image\">\n\t\t\t\t\t\t\t\t\t\t\t\t<img decoding=\"async\" width=\"1080\" height=\"1350\" src=\"https:\/\/avrupaubkdental.com\/wp-content\/uploads\/2024\/03\/agiz-sagliginda-genetik-faktorler-1.png\" class=\"attachment-full size-full wp-image-4816\" alt=\"\" srcset=\"https:\/\/avrupaubkdental.com\/wp-content\/uploads\/2024\/03\/agiz-sagliginda-genetik-faktorler-1.png 1080w, https:\/\/avrupaubkdental.com\/wp-content\/uploads\/2024\/03\/agiz-sagliginda-genetik-faktorler-1-200x250.png 200w\" sizes=\"(max-width: 1080px) 100vw, 1080px\" \/>\t\t\t\t\t\t\t\t\t\t\t\t\t\t<\/div>\n\t\t\t\t\t\t<\/div>\n\t\t\t\t<\/div>\n\t\t\t\t\t\t<\/div>\n\t\t\t\t\t<\/div>\n\t\t<\/div>\n\t\t\t\t\t\t\t\t<\/div>\n\t\t\t\t\t<\/div>\n\t\t<\/section>\n\t\t\t\t<section class=\"elementor-section elementor-top-section elementor-element elementor-element-44f28db elementor-section-boxed elementor-section-height-default elementor-section-height-default\" data-id=\"44f28db\" data-element_type=\"section\" data-settings=\"{&quot;background_background&quot;:&quot;classic&quot;}\">\n\t\t\t\t\t\t<div class=\"elementor-container elementor-column-gap-default\">\n\t\t\t\t\t\t\t<div class=\"elementor-row\">\n\t\t\t\t\t<div class=\"aux-parallax-section elementor-column elementor-col-33 elementor-top-column elementor-element elementor-element-dc2b9e4\" data-id=\"dc2b9e4\" data-element_type=\"column\">\n\t\t\t<div class=\"elementor-column-wrap elementor-element-populated\">\n\t\t\t\t\t\t\t<div class=\"elementor-widget-wrap\">\n\t\t\t\t\t\t<div class=\"elementor-element elementor-element-7e3f69c elementor-widget elementor-widget-image\" data-id=\"7e3f69c\" data-element_type=\"widget\" data-widget_type=\"image.default\">\n\t\t\t\t<div class=\"elementor-widget-container\">\n\t\t\t\t\t\t\t\t<div class=\"elementor-image\">\n\t\t\t\t\t\t\t\t\t\t\t\t<img decoding=\"async\" width=\"1080\" height=\"1350\" src=\"https:\/\/avrupaubkdental.com\/wp-content\/uploads\/2024\/03\/agiz-sagliginda-genetik-faktorler-2.png\" class=\"attachment-full size-full wp-image-4821\" alt=\"\" srcset=\"https:\/\/avrupaubkdental.com\/wp-content\/uploads\/2024\/03\/agiz-sagliginda-genetik-faktorler-2.png 1080w, https:\/\/avrupaubkdental.com\/wp-content\/uploads\/2024\/03\/agiz-sagliginda-genetik-faktorler-2-200x250.png 200w\" sizes=\"(max-width: 1080px) 100vw, 1080px\" \/>\t\t\t\t\t\t\t\t\t\t\t\t\t\t<\/div>\n\t\t\t\t\t\t<\/div>\n\t\t\t\t<\/div>\n\t\t\t\t\t\t<\/div>\n\t\t\t\t\t<\/div>\n\t\t<\/div>\n\t\t\t\t<div class=\"aux-parallax-section elementor-column elementor-col-66 elementor-top-column elementor-element elementor-element-b683173\" data-id=\"b683173\" data-element_type=\"column\">\n\t\t\t<div class=\"elementor-column-wrap elementor-element-populated\">\n\t\t\t\t\t\t\t<div class=\"elementor-widget-wrap\">\n\t\t\t\t\t\t<div class=\"elementor-element elementor-element-ffb00da elementor-widget elementor-widget-heading\" data-id=\"ffb00da\" data-element_type=\"widget\" data-widget_type=\"heading.default\">\n\t\t\t\t<div class=\"elementor-widget-container\">\n\t\t\t<h2 class=\"elementor-heading-title elementor-size-default\">Wie geht man mit genetischen Faktoren um?<\/h2>\t\t<\/div>\n\t\t\t\t<\/div>\n\t\t\t\t<div class=\"elementor-element elementor-element-a187cec elementor-widget elementor-widget-text-editor\" data-id=\"a187cec\" data-element_type=\"widget\" data-widget_type=\"text-editor.default\">\n\t\t\t\t<div class=\"elementor-widget-container\">\n\t\t\t\t\t\t\t\t<div class=\"elementor-text-editor elementor-clearfix\">\n\t\t\t\t<p><strong>Regelm\u00e4\u00dfige zahn\u00e4rztliche Vorsorgeuntersuchungen:<\/strong> Menschen mit genetischer Veranlagung sollten regelm\u00e4\u00dfig zur zahn\u00e4rztlichen Untersuchung gehen und m\u00f6gliche Probleme fr\u00fchzeitig erkennen.<\/p>\n<p><strong>Regelm\u00e4\u00dfige Zahnpflege:<\/strong> Regelm\u00e4\u00dfige Zahnpflegegewohnheiten wie Z\u00e4hneputzen, Zahnseide und Gurgeln k\u00f6nnen helfen, Probleme zu vermeiden, die durch genetische Veranlagung verursacht werden k\u00f6nnen.<\/p>\n<p><strong>Gesunde Lebensweise:<\/strong> Gesunde Lebensgewohnheiten wie eine ausgewogene Ern\u00e4hrung, regelm\u00e4\u00dfige Bewegung und der Verzicht auf das Rauchen k\u00f6nnen die negativen Auswirkungen der genetischen Faktoren verringern.<\/p>\n\t\t\t\t\t<\/div>\n\t\t\t\t\t\t<\/div>\n\t\t\t\t<\/div>\n\t\t\t\t<div class=\"elementor-element elementor-element-bbb77a3 elementor-widget elementor-widget-text-editor\" data-id=\"bbb77a3\" data-element_type=\"widget\" data-widget_type=\"text-editor.default\">\n\t\t\t\t<div class=\"elementor-widget-container\">\n\t\t\t\t\t\t\t\t<div class=\"elementor-text-editor elementor-clearfix\">\n\t\t\t\t<p>Die Mundgesundheit wird sowohl von genetischen Faktoren als auch von der Lebensweise und den Pflegegewohnheiten eines Menschen bestimmt. Menschen mit genetischer Veranlagung k\u00f6nnen ihre Mundgesundheit sch\u00fctzen und m\u00f6glichen Problemen vorbeugen, indem sie sich regelm\u00e4\u00dfig zahn\u00e4rztlich untersuchen lassen und einen gesunden Lebensstil pflegen.<\/p>\n\t\t\t\t\t<\/div>\n\t\t\t\t\t\t<\/div>\n\t\t\t\t<\/div>\n\t\t\t\t\t\t<\/div>\n\t\t\t\t\t<\/div>\n\t\t<\/div>\n\t\t\t\t\t\t\t\t<\/div>\n\t\t\t\t\t<\/div>\n\t\t<\/section>\n\t\t\t\t<section class=\"elementor-section elementor-top-section elementor-element elementor-element-33d9791 elementor-section-boxed elementor-section-height-default elementor-section-height-default\" data-id=\"33d9791\" data-element_type=\"section\">\n\t\t\t\t\t\t\t<div class=\"elementor-background-overlay\"><\/div>\n\t\t\t\t\t\t\t<div class=\"elementor-container elementor-column-gap-default\">\n\t\t\t\t\t\t\t<div class=\"elementor-row\">\n\t\t\t\t\t<div class=\"aux-parallax-section elementor-column elementor-col-100 elementor-top-column elementor-element elementor-element-f41da64\" data-id=\"f41da64\" data-element_type=\"column\">\n\t\t\t<div class=\"elementor-column-wrap elementor-element-populated\">\n\t\t\t\t\t\t\t<div class=\"elementor-widget-wrap\">\n\t\t\t\t\t\t<div class=\"elementor-element elementor-element-44ec201 elementor-widget elementor-widget-spacer\" data-id=\"44ec201\" data-element_type=\"widget\" data-widget_type=\"spacer.default\">\n\t\t\t\t<div class=\"elementor-widget-container\">\n\t\t\t\t\t<div class=\"elementor-spacer\">\n\t\t\t<div class=\"elementor-spacer-inner\"><\/div>\n\t\t<\/div>\n\t\t\t\t<\/div>\n\t\t\t\t<\/div>\n\t\t\t\t<div class=\"elementor-element elementor-element-4488dcd elementor-widget elementor-widget-spacer\" data-id=\"4488dcd\" data-element_type=\"widget\" data-widget_type=\"spacer.default\">\n\t\t\t\t<div class=\"elementor-widget-container\">\n\t\t\t\t\t<div class=\"elementor-spacer\">\n\t\t\t<div class=\"elementor-spacer-inner\"><\/div>\n\t\t<\/div>\n\t\t\t\t<\/div>\n\t\t\t\t<\/div>\n\t\t\t\t\t\t<\/div>\n\t\t\t\t\t<\/div>\n\t\t<\/div>\n\t\t\t\t\t\t\t\t<\/div>\n\t\t\t\t\t<\/div>\n\t\t<\/section>\n\t\t\t\t\t\t\t\t\t<\/div>\n\t\t\t<\/div>\n\t\t\t\t\t<\/div>\n\t\t","protected":false},"excerpt":{"rendered":"<p>Genetische Faktoren f\u00fcr die Mundgesundheit Die Mundgesundheit ist das Ergebnis sowohl von Umwelt- als auch von genetischen Faktoren. Unsere Gene beeinflussen die Struktur, das Wachstum und die Gesundheit unserer Z\u00e4hne und unseres Zahnfleisches. In diesem Artikel wird er\u00f6rtert, wie genetische Faktoren, die die Mundgesundheit beeinflussen, wirken und welche Auswirkungen die genetische Veranlagung auf die Mundgesundheit [&hellip;]<\/p>\n","protected":false},"author":1,"featured_media":4811,"comment_status":"open","ping_status":"open","sticky":false,"template":"elementor_header_footer","format":"standard","meta":{"_joinchat":[],"footnotes":""},"categories":[9],"tags":[],"class_list":["post-4924","post","type-post","status-publish","format-standard","has-post-thumbnail","hentry","category-unkategorisiert"],"yoast_head":"<!-- This site is optimized with the Yoast SEO plugin v27.4 - https:\/\/yoast.com\/product\/yoast-seo-wordpress\/ -->\n<title>Genetische Faktoren f\u00fcr die Mundgesundheit - Avrupa UBK Dental Bayrampa\u015fa<\/title>\n<meta name=\"robots\" content=\"index, follow, max-snippet:-1, max-image-preview:large, max-video-preview:-1\" \/>\n<link rel=\"canonical\" href=\"https:\/\/avrupaubkdental.com\/de\/genetische-faktoren-fuer-die-mundgesundheit\/\" \/>\n<meta property=\"og:locale\" content=\"de_DE\" \/>\n<meta property=\"og:type\" content=\"article\" \/>\n<meta property=\"og:title\" content=\"Genetische Faktoren f\u00fcr die Mundgesundheit - Avrupa UBK Dental Bayrampa\u015fa\" \/>\n<meta property=\"og:description\" content=\"Genetische Faktoren f\u00fcr die Mundgesundheit Die Mundgesundheit ist das Ergebnis sowohl von Umwelt- als auch von genetischen Faktoren. Unsere Gene beeinflussen die Struktur, das Wachstum und die Gesundheit unserer Z\u00e4hne und unseres Zahnfleisches. In diesem Artikel wird er\u00f6rtert, wie genetische Faktoren, die die Mundgesundheit beeinflussen, wirken und welche Auswirkungen die genetische Veranlagung auf die Mundgesundheit [&hellip;]\" \/>\n<meta property=\"og:url\" content=\"https:\/\/avrupaubkdental.com\/de\/genetische-faktoren-fuer-die-mundgesundheit\/\" \/>\n<meta property=\"og:site_name\" content=\"Avrupa UBK Dental Bayrampa\u015fa\" \/>\n<meta property=\"article:published_time\" content=\"2024-03-26T08:27:16+00:00\" \/>\n<meta property=\"article:modified_time\" content=\"2024-03-26T08:27:18+00:00\" \/>\n<meta property=\"og:image\" content=\"https:\/\/avrupaubkdental.com\/wp-content\/uploads\/2024\/03\/agiz-sagliginda-genetik-faktorler.png\" \/>\n\t<meta property=\"og:image:width\" content=\"1600\" \/>\n\t<meta property=\"og:image:height\" content=\"1080\" \/>\n\t<meta property=\"og:image:type\" content=\"image\/png\" \/>\n<meta name=\"author\" content=\"burak\" \/>\n<meta name=\"twitter:card\" content=\"summary_large_image\" \/>\n<meta name=\"twitter:label1\" content=\"Verfasst von\" \/>\n\t<meta name=\"twitter:data1\" content=\"burak\" \/>\n\t<meta name=\"twitter:label2\" content=\"Gesch\u00e4tzte Lesezeit\" \/>\n\t<meta name=\"twitter:data2\" content=\"2\u00a0Minuten\" \/>\n<script type=\"application\/ld+json\" class=\"yoast-schema-graph\">{\"@context\":\"https:\\\/\\\/schema.org\",\"@graph\":[{\"@type\":\"Article\",\"@id\":\"https:\\\/\\\/avrupaubkdental.com\\\/de\\\/genetische-faktoren-fuer-die-mundgesundheit\\\/#article\",\"isPartOf\":{\"@id\":\"https:\\\/\\\/avrupaubkdental.com\\\/de\\\/genetische-faktoren-fuer-die-mundgesundheit\\\/\"},\"author\":{\"name\":\"burak\",\"@id\":\"https:\\\/\\\/avrupaubkdental.com\\\/de\\\/#\\\/schema\\\/person\\\/76c7a1c48e922f069d538d16be02e02e\"},\"headline\":\"Genetische Faktoren f\u00fcr die Mundgesundheit\",\"datePublished\":\"2024-03-26T08:27:16+00:00\",\"dateModified\":\"2024-03-26T08:27:18+00:00\",\"mainEntityOfPage\":{\"@id\":\"https:\\\/\\\/avrupaubkdental.com\\\/de\\\/genetische-faktoren-fuer-die-mundgesundheit\\\/\"},\"wordCount\":399,\"commentCount\":0,\"publisher\":{\"@id\":\"https:\\\/\\\/avrupaubkdental.com\\\/de\\\/#organization\"},\"image\":{\"@id\":\"https:\\\/\\\/avrupaubkdental.com\\\/de\\\/genetische-faktoren-fuer-die-mundgesundheit\\\/#primaryimage\"},\"thumbnailUrl\":\"https:\\\/\\\/avrupaubkdental.com\\\/wp-content\\\/uploads\\\/2024\\\/03\\\/agiz-sagliginda-genetik-faktorler.png\",\"articleSection\":[\"Unkategorisiert\"],\"inLanguage\":\"de\",\"potentialAction\":[{\"@type\":\"CommentAction\",\"name\":\"Comment\",\"target\":[\"https:\\\/\\\/avrupaubkdental.com\\\/de\\\/genetische-faktoren-fuer-die-mundgesundheit\\\/#respond\"]}]},{\"@type\":\"WebPage\",\"@id\":\"https:\\\/\\\/avrupaubkdental.com\\\/de\\\/genetische-faktoren-fuer-die-mundgesundheit\\\/\",\"url\":\"https:\\\/\\\/avrupaubkdental.com\\\/de\\\/genetische-faktoren-fuer-die-mundgesundheit\\\/\",\"name\":\"Genetische Faktoren f\u00fcr die Mundgesundheit - Avrupa UBK Dental Bayrampa\u015fa\",\"isPartOf\":{\"@id\":\"https:\\\/\\\/avrupaubkdental.com\\\/de\\\/#website\"},\"primaryImageOfPage\":{\"@id\":\"https:\\\/\\\/avrupaubkdental.com\\\/de\\\/genetische-faktoren-fuer-die-mundgesundheit\\\/#primaryimage\"},\"image\":{\"@id\":\"https:\\\/\\\/avrupaubkdental.com\\\/de\\\/genetische-faktoren-fuer-die-mundgesundheit\\\/#primaryimage\"},\"thumbnailUrl\":\"https:\\\/\\\/avrupaubkdental.com\\\/wp-content\\\/uploads\\\/2024\\\/03\\\/agiz-sagliginda-genetik-faktorler.png\",\"datePublished\":\"2024-03-26T08:27:16+00:00\",\"dateModified\":\"2024-03-26T08:27:18+00:00\",\"breadcrumb\":{\"@id\":\"https:\\\/\\\/avrupaubkdental.com\\\/de\\\/genetische-faktoren-fuer-die-mundgesundheit\\\/#breadcrumb\"},\"inLanguage\":\"de\",\"potentialAction\":[{\"@type\":\"ReadAction\",\"target\":[\"https:\\\/\\\/avrupaubkdental.com\\\/de\\\/genetische-faktoren-fuer-die-mundgesundheit\\\/\"]}]},{\"@type\":\"ImageObject\",\"inLanguage\":\"de\",\"@id\":\"https:\\\/\\\/avrupaubkdental.com\\\/de\\\/genetische-faktoren-fuer-die-mundgesundheit\\\/#primaryimage\",\"url\":\"https:\\\/\\\/avrupaubkdental.com\\\/wp-content\\\/uploads\\\/2024\\\/03\\\/agiz-sagliginda-genetik-faktorler.png\",\"contentUrl\":\"https:\\\/\\\/avrupaubkdental.com\\\/wp-content\\\/uploads\\\/2024\\\/03\\\/agiz-sagliginda-genetik-faktorler.png\",\"width\":1600,\"height\":1080},{\"@type\":\"BreadcrumbList\",\"@id\":\"https:\\\/\\\/avrupaubkdental.com\\\/de\\\/genetische-faktoren-fuer-die-mundgesundheit\\\/#breadcrumb\",\"itemListElement\":[{\"@type\":\"ListItem\",\"position\":1,\"name\":\"Home\",\"item\":\"https:\\\/\\\/avrupaubkdental.com\\\/de\\\/\"},{\"@type\":\"ListItem\",\"position\":2,\"name\":\"Genetische Faktoren f\u00fcr die Mundgesundheit\"}]},{\"@type\":\"WebSite\",\"@id\":\"https:\\\/\\\/avrupaubkdental.com\\\/de\\\/#website\",\"url\":\"https:\\\/\\\/avrupaubkdental.com\\\/de\\\/\",\"name\":\"Avrupa UBK Dental\",\"description\":\"\",\"publisher\":{\"@id\":\"https:\\\/\\\/avrupaubkdental.com\\\/de\\\/#organization\"},\"potentialAction\":[{\"@type\":\"SearchAction\",\"target\":{\"@type\":\"EntryPoint\",\"urlTemplate\":\"https:\\\/\\\/avrupaubkdental.com\\\/de\\\/?s={search_term_string}\"},\"query-input\":{\"@type\":\"PropertyValueSpecification\",\"valueRequired\":true,\"valueName\":\"search_term_string\"}}],\"inLanguage\":\"de\"},{\"@type\":\"Organization\",\"@id\":\"https:\\\/\\\/avrupaubkdental.com\\\/de\\\/#organization\",\"name\":\"Avrupa UBK Dental\",\"url\":\"https:\\\/\\\/avrupaubkdental.com\\\/de\\\/\",\"logo\":{\"@type\":\"ImageObject\",\"inLanguage\":\"de\",\"@id\":\"https:\\\/\\\/avrupaubkdental.com\\\/de\\\/#\\\/schema\\\/logo\\\/image\\\/\",\"url\":\"https:\\\/\\\/avrupaubkdental.com\\\/wp-content\\\/uploads\\\/2023\\\/09\\\/cropped-AVR.-DIK-DUZ-SATIR-PNG.png\",\"contentUrl\":\"https:\\\/\\\/avrupaubkdental.com\\\/wp-content\\\/uploads\\\/2023\\\/09\\\/cropped-AVR.-DIK-DUZ-SATIR-PNG.png\",\"width\":150,\"height\":150,\"caption\":\"Avrupa UBK Dental\"},\"image\":{\"@id\":\"https:\\\/\\\/avrupaubkdental.com\\\/de\\\/#\\\/schema\\\/logo\\\/image\\\/\"},\"sameAs\":[\"https:\\\/\\\/www.instagram.com\\\/avrupaubkdental\\\/\"]},{\"@type\":\"Person\",\"@id\":\"https:\\\/\\\/avrupaubkdental.com\\\/de\\\/#\\\/schema\\\/person\\\/76c7a1c48e922f069d538d16be02e02e\",\"name\":\"burak\",\"image\":{\"@type\":\"ImageObject\",\"inLanguage\":\"de\",\"@id\":\"https:\\\/\\\/secure.gravatar.com\\\/avatar\\\/f746707d3bcfbee87fcc797fe3676d9f7bdbc2fe5ebae5f99c9cb63cc0378230?s=96&d=mm&r=g\",\"url\":\"https:\\\/\\\/secure.gravatar.com\\\/avatar\\\/f746707d3bcfbee87fcc797fe3676d9f7bdbc2fe5ebae5f99c9cb63cc0378230?s=96&d=mm&r=g\",\"contentUrl\":\"https:\\\/\\\/secure.gravatar.com\\\/avatar\\\/f746707d3bcfbee87fcc797fe3676d9f7bdbc2fe5ebae5f99c9cb63cc0378230?s=96&d=mm&r=g\",\"caption\":\"burak\"},\"sameAs\":[\"http:\\\/\\\/avrupaubkdental.com\"],\"url\":\"https:\\\/\\\/avrupaubkdental.com\\\/de\\\/author\\\/burak\\\/\"}]}<\/script>\n<!-- \/ Yoast SEO plugin. -->","yoast_head_json":{"title":"Genetische Faktoren f\u00fcr die Mundgesundheit - Avrupa UBK Dental Bayrampa\u015fa","robots":{"index":"index","follow":"follow","max-snippet":"max-snippet:-1","max-image-preview":"max-image-preview:large","max-video-preview":"max-video-preview:-1"},"canonical":"https:\/\/avrupaubkdental.com\/de\/genetische-faktoren-fuer-die-mundgesundheit\/","og_locale":"de_DE","og_type":"article","og_title":"Genetische Faktoren f\u00fcr die Mundgesundheit - Avrupa UBK Dental Bayrampa\u015fa","og_description":"Genetische Faktoren f\u00fcr die Mundgesundheit Die Mundgesundheit ist das Ergebnis sowohl von Umwelt- als auch von genetischen Faktoren. Unsere Gene beeinflussen die Struktur, das Wachstum und die Gesundheit unserer Z\u00e4hne und unseres Zahnfleisches. In diesem Artikel wird er\u00f6rtert, wie genetische Faktoren, die die Mundgesundheit beeinflussen, wirken und welche Auswirkungen die genetische Veranlagung auf die Mundgesundheit [&hellip;]","og_url":"https:\/\/avrupaubkdental.com\/de\/genetische-faktoren-fuer-die-mundgesundheit\/","og_site_name":"Avrupa UBK Dental Bayrampa\u015fa","article_published_time":"2024-03-26T08:27:16+00:00","article_modified_time":"2024-03-26T08:27:18+00:00","og_image":[{"width":1600,"height":1080,"url":"https:\/\/avrupaubkdental.com\/wp-content\/uploads\/2024\/03\/agiz-sagliginda-genetik-faktorler.png","type":"image\/png"}],"author":"burak","twitter_card":"summary_large_image","twitter_misc":{"Verfasst von":"burak","Gesch\u00e4tzte Lesezeit":"2\u00a0Minuten"},"schema":{"@context":"https:\/\/schema.org","@graph":[{"@type":"Article","@id":"https:\/\/avrupaubkdental.com\/de\/genetische-faktoren-fuer-die-mundgesundheit\/#article","isPartOf":{"@id":"https:\/\/avrupaubkdental.com\/de\/genetische-faktoren-fuer-die-mundgesundheit\/"},"author":{"name":"burak","@id":"https:\/\/avrupaubkdental.com\/de\/#\/schema\/person\/76c7a1c48e922f069d538d16be02e02e"},"headline":"Genetische Faktoren f\u00fcr die Mundgesundheit","datePublished":"2024-03-26T08:27:16+00:00","dateModified":"2024-03-26T08:27:18+00:00","mainEntityOfPage":{"@id":"https:\/\/avrupaubkdental.com\/de\/genetische-faktoren-fuer-die-mundgesundheit\/"},"wordCount":399,"commentCount":0,"publisher":{"@id":"https:\/\/avrupaubkdental.com\/de\/#organization"},"image":{"@id":"https:\/\/avrupaubkdental.com\/de\/genetische-faktoren-fuer-die-mundgesundheit\/#primaryimage"},"thumbnailUrl":"https:\/\/avrupaubkdental.com\/wp-content\/uploads\/2024\/03\/agiz-sagliginda-genetik-faktorler.png","articleSection":["Unkategorisiert"],"inLanguage":"de","potentialAction":[{"@type":"CommentAction","name":"Comment","target":["https:\/\/avrupaubkdental.com\/de\/genetische-faktoren-fuer-die-mundgesundheit\/#respond"]}]},{"@type":"WebPage","@id":"https:\/\/avrupaubkdental.com\/de\/genetische-faktoren-fuer-die-mundgesundheit\/","url":"https:\/\/avrupaubkdental.com\/de\/genetische-faktoren-fuer-die-mundgesundheit\/","name":"Genetische Faktoren f\u00fcr die Mundgesundheit - Avrupa UBK Dental Bayrampa\u015fa","isPartOf":{"@id":"https:\/\/avrupaubkdental.com\/de\/#website"},"primaryImageOfPage":{"@id":"https:\/\/avrupaubkdental.com\/de\/genetische-faktoren-fuer-die-mundgesundheit\/#primaryimage"},"image":{"@id":"https:\/\/avrupaubkdental.com\/de\/genetische-faktoren-fuer-die-mundgesundheit\/#primaryimage"},"thumbnailUrl":"https:\/\/avrupaubkdental.com\/wp-content\/uploads\/2024\/03\/agiz-sagliginda-genetik-faktorler.png","datePublished":"2024-03-26T08:27:16+00:00","dateModified":"2024-03-26T08:27:18+00:00","breadcrumb":{"@id":"https:\/\/avrupaubkdental.com\/de\/genetische-faktoren-fuer-die-mundgesundheit\/#breadcrumb"},"inLanguage":"de","potentialAction":[{"@type":"ReadAction","target":["https:\/\/avrupaubkdental.com\/de\/genetische-faktoren-fuer-die-mundgesundheit\/"]}]},{"@type":"ImageObject","inLanguage":"de","@id":"https:\/\/avrupaubkdental.com\/de\/genetische-faktoren-fuer-die-mundgesundheit\/#primaryimage","url":"https:\/\/avrupaubkdental.com\/wp-content\/uploads\/2024\/03\/agiz-sagliginda-genetik-faktorler.png","contentUrl":"https:\/\/avrupaubkdental.com\/wp-content\/uploads\/2024\/03\/agiz-sagliginda-genetik-faktorler.png","width":1600,"height":1080},{"@type":"BreadcrumbList","@id":"https:\/\/avrupaubkdental.com\/de\/genetische-faktoren-fuer-die-mundgesundheit\/#breadcrumb","itemListElement":[{"@type":"ListItem","position":1,"name":"Home","item":"https:\/\/avrupaubkdental.com\/de\/"},{"@type":"ListItem","position":2,"name":"Genetische Faktoren f\u00fcr die Mundgesundheit"}]},{"@type":"WebSite","@id":"https:\/\/avrupaubkdental.com\/de\/#website","url":"https:\/\/avrupaubkdental.com\/de\/","name":"Avrupa UBK Dental","description":"","publisher":{"@id":"https:\/\/avrupaubkdental.com\/de\/#organization"},"potentialAction":[{"@type":"SearchAction","target":{"@type":"EntryPoint","urlTemplate":"https:\/\/avrupaubkdental.com\/de\/?s={search_term_string}"},"query-input":{"@type":"PropertyValueSpecification","valueRequired":true,"valueName":"search_term_string"}}],"inLanguage":"de"},{"@type":"Organization","@id":"https:\/\/avrupaubkdental.com\/de\/#organization","name":"Avrupa UBK Dental","url":"https:\/\/avrupaubkdental.com\/de\/","logo":{"@type":"ImageObject","inLanguage":"de","@id":"https:\/\/avrupaubkdental.com\/de\/#\/schema\/logo\/image\/","url":"https:\/\/avrupaubkdental.com\/wp-content\/uploads\/2023\/09\/cropped-AVR.-DIK-DUZ-SATIR-PNG.png","contentUrl":"https:\/\/avrupaubkdental.com\/wp-content\/uploads\/2023\/09\/cropped-AVR.-DIK-DUZ-SATIR-PNG.png","width":150,"height":150,"caption":"Avrupa UBK Dental"},"image":{"@id":"https:\/\/avrupaubkdental.com\/de\/#\/schema\/logo\/image\/"},"sameAs":["https:\/\/www.instagram.com\/avrupaubkdental\/"]},{"@type":"Person","@id":"https:\/\/avrupaubkdental.com\/de\/#\/schema\/person\/76c7a1c48e922f069d538d16be02e02e","name":"burak","image":{"@type":"ImageObject","inLanguage":"de","@id":"https:\/\/secure.gravatar.com\/avatar\/f746707d3bcfbee87fcc797fe3676d9f7bdbc2fe5ebae5f99c9cb63cc0378230?s=96&d=mm&r=g","url":"https:\/\/secure.gravatar.com\/avatar\/f746707d3bcfbee87fcc797fe3676d9f7bdbc2fe5ebae5f99c9cb63cc0378230?s=96&d=mm&r=g","contentUrl":"https:\/\/secure.gravatar.com\/avatar\/f746707d3bcfbee87fcc797fe3676d9f7bdbc2fe5ebae5f99c9cb63cc0378230?s=96&d=mm&r=g","caption":"burak"},"sameAs":["http:\/\/avrupaubkdental.com"],"url":"https:\/\/avrupaubkdental.com\/de\/author\/burak\/"}]}},"_links":{"self":[{"href":"https:\/\/avrupaubkdental.com\/de\/wp-json\/wp\/v2\/posts\/4924","targetHints":{"allow":["GET"]}}],"collection":[{"href":"https:\/\/avrupaubkdental.com\/de\/wp-json\/wp\/v2\/posts"}],"about":[{"href":"https:\/\/avrupaubkdental.com\/de\/wp-json\/wp\/v2\/types\/post"}],"author":[{"embeddable":true,"href":"https:\/\/avrupaubkdental.com\/de\/wp-json\/wp\/v2\/users\/1"}],"replies":[{"embeddable":true,"href":"https:\/\/avrupaubkdental.com\/de\/wp-json\/wp\/v2\/comments?post=4924"}],"version-history":[{"count":1,"href":"https:\/\/avrupaubkdental.com\/de\/wp-json\/wp\/v2\/posts\/4924\/revisions"}],"predecessor-version":[{"id":4925,"href":"https:\/\/avrupaubkdental.com\/de\/wp-json\/wp\/v2\/posts\/4924\/revisions\/4925"}],"wp:featuredmedia":[{"embeddable":true,"href":"https:\/\/avrupaubkdental.com\/de\/wp-json\/wp\/v2\/media\/4811"}],"wp:attachment":[{"href":"https:\/\/avrupaubkdental.com\/de\/wp-json\/wp\/v2\/media?parent=4924"}],"wp:term":[{"taxonomy":"category","embeddable":true,"href":"https:\/\/avrupaubkdental.com\/de\/wp-json\/wp\/v2\/categories?post=4924"},{"taxonomy":"post_tag","embeddable":true,"href":"https:\/\/avrupaubkdental.com\/de\/wp-json\/wp\/v2\/tags?post=4924"}],"curies":[{"name":"wp","href":"https:\/\/api.w.org\/{rel}","templated":true}]}}