{"id":8274,"date":"2025-07-28T12:48:48","date_gmt":"2025-07-28T09:48:48","guid":{"rendered":"https:\/\/avrupaubkdental.com\/zahnprothesen-und-zahnpflege-bei-aelteren-menschen\/"},"modified":"2025-08-25T14:01:47","modified_gmt":"2025-08-25T11:01:47","slug":"zahnprothesen-und-zahnpflege-bei-aelteren-menschen","status":"publish","type":"post","link":"https:\/\/avrupaubkdental.com\/de\/zahnprothesen-und-zahnpflege-bei-aelteren-menschen\/","title":{"rendered":"Zahnprothesen und Zahnpflege bei \u00e4lteren Menschen"},"content":{"rendered":"\t\t<div data-elementor-type=\"wp-post\" data-elementor-id=\"8274\" class=\"elementor elementor-8274 elementor-8241\">\n\t\t\t\t\t\t<div class=\"elementor-inner\">\n\t\t\t\t<div class=\"elementor-section-wrap\">\n\t\t\t\t\t\t\t\t\t<section class=\"elementor-section elementor-top-section elementor-element elementor-element-39e762a elementor-section-boxed elementor-section-height-default elementor-section-height-default\" data-id=\"39e762a\" data-element_type=\"section\">\n\t\t\t\t\t\t\t<div class=\"elementor-background-overlay\"><\/div>\n\t\t\t\t\t\t\t<div class=\"elementor-container elementor-column-gap-default\">\n\t\t\t\t\t\t\t<div class=\"elementor-row\">\n\t\t\t\t\t<div class=\"aux-parallax-section elementor-column elementor-col-100 elementor-top-column elementor-element elementor-element-64c7dc4\" data-id=\"64c7dc4\" data-element_type=\"column\" data-settings=\"{&quot;background_background&quot;:&quot;classic&quot;}\">\n\t\t\t<div class=\"elementor-column-wrap elementor-element-populated\">\n\t\t\t\t\t<div class=\"elementor-background-overlay\"><\/div>\n\t\t\t\t\t\t\t<div class=\"elementor-widget-wrap\">\n\t\t\t\t\t\t<div class=\"elementor-element elementor-element-5c52044 elementor-widget elementor-widget-heading\" data-id=\"5c52044\" data-element_type=\"widget\" data-widget_type=\"heading.default\">\n\t\t\t\t<div class=\"elementor-widget-container\">\n\t\t\t<h1 class=\"elementor-heading-title elementor-size-default\">Zahnprothesen und Zahnpflege bei \u00e4lteren Menschen<\/h1>\t\t<\/div>\n\t\t\t\t<\/div>\n\t\t\t\t\t\t<\/div>\n\t\t\t\t\t<\/div>\n\t\t<\/div>\n\t\t\t\t\t\t\t\t<\/div>\n\t\t\t\t\t<\/div>\n\t\t<\/section>\n\t\t\t\t<section class=\"elementor-section elementor-top-section elementor-element elementor-element-d8125aa elementor-section-boxed elementor-section-height-default elementor-section-height-default\" data-id=\"d8125aa\" data-element_type=\"section\">\n\t\t\t\t\t\t<div class=\"elementor-container elementor-column-gap-default\">\n\t\t\t\t\t\t\t<div class=\"elementor-row\">\n\t\t\t\t\t<div class=\"aux-parallax-section elementor-column elementor-col-50 elementor-top-column elementor-element elementor-element-3383e47\" data-id=\"3383e47\" data-element_type=\"column\">\n\t\t\t<div class=\"elementor-column-wrap elementor-element-populated\">\n\t\t\t\t\t\t\t<div class=\"elementor-widget-wrap\">\n\t\t\t\t\t\t<div class=\"elementor-element elementor-element-4b88edd elementor-widget elementor-widget-text-editor\" data-id=\"4b88edd\" data-element_type=\"widget\" data-widget_type=\"text-editor.default\">\n\t\t\t\t<div class=\"elementor-widget-container\">\n\t\t\t\t\t\t\t\t<div class=\"elementor-text-editor elementor-clearfix\">\n\t\t\t\t<p>Mit zunehmendem Alter kann der Verlust von Z\u00e4hnen sowohl aus \u00e4sthetischer als auch aus funktioneller Sicht zu verschiedenen Problemen f\u00fchren. In solchen F\u00e4llen spielen Zahnprothesen eine wichtige Rolle dabei, dass die Betroffenen wieder kauen, sprechen und Selbstvertrauen gewinnen k\u00f6nnen. <\/p>\n\t\t\t\t\t<\/div>\n\t\t\t\t\t\t<\/div>\n\t\t\t\t<\/div>\n\t\t\t\t\t\t<\/div>\n\t\t\t\t\t<\/div>\n\t\t<\/div>\n\t\t\t\t<div class=\"aux-parallax-section elementor-column elementor-col-50 elementor-top-column elementor-element elementor-element-837243a\" data-id=\"837243a\" data-element_type=\"column\">\n\t\t\t<div class=\"elementor-column-wrap elementor-element-populated\">\n\t\t\t\t\t\t\t<div class=\"elementor-widget-wrap\">\n\t\t\t\t\t\t<div class=\"elementor-element elementor-element-cfb0b4b elementor-widget elementor-widget-text-editor\" data-id=\"cfb0b4b\" data-element_type=\"widget\" data-widget_type=\"text-editor.default\">\n\t\t\t\t<div class=\"elementor-widget-container\">\n\t\t\t\t\t\t\t\t<div class=\"elementor-text-editor elementor-clearfix\">\n\t\t\t\t<p>Allerdings ist die richtige Pflege von gro\u00dfer Bedeutung, damit Zahnersatz lange h\u00e4lt und gesund bleibt.<\/p>\n\t\t\t\t\t<\/div>\n\t\t\t\t\t\t<\/div>\n\t\t\t\t<\/div>\n\t\t\t\t\t\t<\/div>\n\t\t\t\t\t<\/div>\n\t\t<\/div>\n\t\t\t\t\t\t\t\t<\/div>\n\t\t\t\t\t<\/div>\n\t\t<\/section>\n\t\t\t\t<section class=\"elementor-section elementor-top-section elementor-element elementor-element-643b4ef elementor-section-boxed elementor-section-height-default elementor-section-height-default\" data-id=\"643b4ef\" data-element_type=\"section\" data-settings=\"{&quot;background_background&quot;:&quot;classic&quot;}\">\n\t\t\t\t\t\t<div class=\"elementor-container elementor-column-gap-default\">\n\t\t\t\t\t\t\t<div class=\"elementor-row\">\n\t\t\t\t\t<div class=\"aux-parallax-section elementor-column elementor-col-66 elementor-top-column elementor-element elementor-element-5ec8e10\" data-id=\"5ec8e10\" data-element_type=\"column\" data-settings=\"{&quot;background_background&quot;:&quot;classic&quot;}\">\n\t\t\t<div class=\"elementor-column-wrap elementor-element-populated\">\n\t\t\t\t\t\t\t<div class=\"elementor-widget-wrap\">\n\t\t\t\t\t\t<div class=\"elementor-element elementor-element-d9ee89e elementor-widget elementor-widget-heading\" data-id=\"d9ee89e\" data-element_type=\"widget\" data-widget_type=\"heading.default\">\n\t\t\t\t<div class=\"elementor-widget-container\">\n\t\t\t<h2 class=\"elementor-heading-title elementor-size-default\">Die Vorteile der Verwendung von Zahnersatz<\/h2>\t\t<\/div>\n\t\t\t\t<\/div>\n\t\t\t\t<div class=\"elementor-element elementor-element-245e2d8 elementor-widget elementor-widget-text-editor\" data-id=\"245e2d8\" data-element_type=\"widget\" data-widget_type=\"text-editor.default\">\n\t\t\t\t<div class=\"elementor-widget-container\">\n\t\t\t\t\t\t\t\t<div class=\"elementor-text-editor elementor-clearfix\">\n\t\t\t\t<p>Einer der wichtigsten Vorteile von Zahnersatz ist, dass er fehlende Z\u00e4hne ersetzt und so zu einer ges\u00fcnderen und ausgewogeneren Ern\u00e4hrung beitr\u00e4gt. Das Kauen von harten oder faserigen Lebensmitteln wird erleichtert, was die Belastung des Verdauungssystems verringert. Gleichzeitig ist Zahnersatz auch f\u00fcr die korrekte Aussprache von Buchstaben beim Sprechen und die Erhaltung der Gesichtskonturen sehr n\u00fctzlich. Die Verbesserung des \u00e4sthetischen Erscheinungsbildes und eine angenehmere soziale Kommunikation f\u00f6rdern auch die allgemeine psychische Gesundheit des Menschen. Insbesondere die M\u00f6glichkeit, in der \u00d6ffentlichkeit selbstbewusst zu sprechen und zu l\u00e4cheln, erleichtert \u00e4lteren Menschen die aktive Teilnahme am sozialen Leben.    <\/p>\n\t\t\t\t\t<\/div>\n\t\t\t\t\t\t<\/div>\n\t\t\t\t<\/div>\n\t\t\t\t\t\t<\/div>\n\t\t\t\t\t<\/div>\n\t\t<\/div>\n\t\t\t\t<div class=\"aux-parallax-section elementor-column elementor-col-33 elementor-top-column elementor-element elementor-element-21709a2\" data-id=\"21709a2\" data-element_type=\"column\">\n\t\t\t<div class=\"elementor-column-wrap elementor-element-populated\">\n\t\t\t\t\t\t\t<div class=\"elementor-widget-wrap\">\n\t\t\t\t\t\t<div class=\"elementor-element elementor-element-8397b3d elementor-widget elementor-widget-image\" data-id=\"8397b3d\" data-element_type=\"widget\" data-widget_type=\"image.default\">\n\t\t\t\t<div class=\"elementor-widget-container\">\n\t\t\t\t\t\t\t\t<div class=\"elementor-image\">\n\t\t\t\t\t\t\t\t\t\t\t\t<img decoding=\"async\" width=\"1080\" height=\"1350\" src=\"https:\/\/avrupaubkdental.com\/wp-content\/uploads\/2025\/07\/yasli-bireylerde-dis-protezi-ve-bakimi-1.jpg\" class=\"attachment-full size-full wp-image-8245\" alt=\"\" srcset=\"https:\/\/avrupaubkdental.com\/wp-content\/uploads\/2025\/07\/yasli-bireylerde-dis-protezi-ve-bakimi-1.jpg 1080w, https:\/\/avrupaubkdental.com\/wp-content\/uploads\/2025\/07\/yasli-bireylerde-dis-protezi-ve-bakimi-1-200x250.jpg 200w\" sizes=\"(max-width: 1080px) 100vw, 1080px\" \/>\t\t\t\t\t\t\t\t\t\t\t\t\t\t<\/div>\n\t\t\t\t\t\t<\/div>\n\t\t\t\t<\/div>\n\t\t\t\t\t\t<\/div>\n\t\t\t\t\t<\/div>\n\t\t<\/div>\n\t\t\t\t\t\t\t\t<\/div>\n\t\t\t\t\t<\/div>\n\t\t<\/section>\n\t\t\t\t<section class=\"elementor-section elementor-top-section elementor-element elementor-element-44f28db elementor-section-boxed elementor-section-height-default elementor-section-height-default\" data-id=\"44f28db\" data-element_type=\"section\" data-settings=\"{&quot;background_background&quot;:&quot;classic&quot;}\">\n\t\t\t\t\t\t<div class=\"elementor-container elementor-column-gap-default\">\n\t\t\t\t\t\t\t<div class=\"elementor-row\">\n\t\t\t\t\t<div class=\"aux-parallax-section elementor-column elementor-col-33 elementor-top-column elementor-element elementor-element-dc2b9e4\" data-id=\"dc2b9e4\" data-element_type=\"column\">\n\t\t\t<div class=\"elementor-column-wrap elementor-element-populated\">\n\t\t\t\t\t\t\t<div class=\"elementor-widget-wrap\">\n\t\t\t\t\t\t<div class=\"elementor-element elementor-element-7e3f69c elementor-widget elementor-widget-image\" data-id=\"7e3f69c\" data-element_type=\"widget\" data-widget_type=\"image.default\">\n\t\t\t\t<div class=\"elementor-widget-container\">\n\t\t\t\t\t\t\t\t<div class=\"elementor-image\">\n\t\t\t\t\t\t\t\t\t\t\t\t<img decoding=\"async\" width=\"1080\" height=\"1350\" src=\"https:\/\/avrupaubkdental.com\/wp-content\/uploads\/2025\/07\/yasli-bireylerde-dis-protezi-ve-bakimi-2.jpg\" class=\"attachment-full size-full wp-image-8251\" alt=\"\" srcset=\"https:\/\/avrupaubkdental.com\/wp-content\/uploads\/2025\/07\/yasli-bireylerde-dis-protezi-ve-bakimi-2.jpg 1080w, https:\/\/avrupaubkdental.com\/wp-content\/uploads\/2025\/07\/yasli-bireylerde-dis-protezi-ve-bakimi-2-200x250.jpg 200w\" sizes=\"(max-width: 1080px) 100vw, 1080px\" \/>\t\t\t\t\t\t\t\t\t\t\t\t\t\t<\/div>\n\t\t\t\t\t\t<\/div>\n\t\t\t\t<\/div>\n\t\t\t\t\t\t<\/div>\n\t\t\t\t\t<\/div>\n\t\t<\/div>\n\t\t\t\t<div class=\"aux-parallax-section elementor-column elementor-col-66 elementor-top-column elementor-element elementor-element-b683173\" data-id=\"b683173\" data-element_type=\"column\">\n\t\t\t<div class=\"elementor-column-wrap elementor-element-populated\">\n\t\t\t\t\t\t\t<div class=\"elementor-widget-wrap\">\n\t\t\t\t\t\t<div class=\"elementor-element elementor-element-71b2a47 elementor-widget elementor-widget-heading\" data-id=\"71b2a47\" data-element_type=\"widget\" data-widget_type=\"heading.default\">\n\t\t\t\t<div class=\"elementor-widget-container\">\n\t\t\t<h2 class=\"elementor-heading-title elementor-size-default\">Die Bedeutung der Zahnprothesenpflege<\/h2>\t\t<\/div>\n\t\t\t\t<\/div>\n\t\t\t\t<div class=\"elementor-element elementor-element-ee51d4d elementor-widget elementor-widget-text-editor\" data-id=\"ee51d4d\" data-element_type=\"widget\" data-widget_type=\"text-editor.default\">\n\t\t\t\t<div class=\"elementor-widget-container\">\n\t\t\t\t\t\t\t\t<div class=\"elementor-text-editor elementor-clearfix\">\n\t\t\t\t<p data-start=\"1343\" data-end=\"1707\">Um eine lange Lebensdauer und gesunde Nutzung von Zahnprothesen zu gew\u00e4hrleisten, ist eine regelm\u00e4\u00dfige Pflege unerl\u00e4sslich. Das t\u00e4gliche Reinigen der Prothesen mit geeigneten Reinigungsmitteln verhindert die Ansammlung von Speiseresten und beugt Mundgeruch vor. Das n\u00e4chtliche Herausnehmen der Prothesen aus dem Mund erm\u00f6glicht sowohl die Erholung des Zahnfleischgewebes als auch die Verringerung des Risikos einer Verformung der Prothesen. Prothesen sollten in einer geeigneten L\u00f6sung oder in klarem Wasser aufbewahrt werden. Dar\u00fcber hinaus sollten auch die weichen Gewebe im Mund nicht vernachl\u00e4ssigt werden, und auch bei Verwendung einer Prothese sollte auf die Mundhygiene geachtet werden. Wenn die Prothese nicht richtig im Mund sitzt oder Druck aus\u00fcbt, sollte unverz\u00fcglich ein Zahnarzt aufgesucht werden.     <\/p>\n\t\t\t\t\t<\/div>\n\t\t\t\t\t\t<\/div>\n\t\t\t\t<\/div>\n\t\t\t\t\t\t<\/div>\n\t\t\t\t\t<\/div>\n\t\t<\/div>\n\t\t\t\t\t\t\t\t<\/div>\n\t\t\t\t\t<\/div>\n\t\t<\/section>\n\t\t\t\t<section class=\"elementor-section elementor-top-section elementor-element elementor-element-8f9a5c2 elementor-section-boxed elementor-section-height-default elementor-section-height-default\" data-id=\"8f9a5c2\" data-element_type=\"section\" data-settings=\"{&quot;background_background&quot;:&quot;classic&quot;}\">\n\t\t\t\t\t\t<div class=\"elementor-container elementor-column-gap-default\">\n\t\t\t\t\t\t\t<div class=\"elementor-row\">\n\t\t\t\t\t<div class=\"aux-parallax-section elementor-column elementor-col-66 elementor-top-column elementor-element elementor-element-6f195f9\" data-id=\"6f195f9\" data-element_type=\"column\" data-settings=\"{&quot;background_background&quot;:&quot;classic&quot;}\">\n\t\t\t<div class=\"elementor-column-wrap elementor-element-populated\">\n\t\t\t\t\t\t\t<div class=\"elementor-widget-wrap\">\n\t\t\t\t\t\t<div class=\"elementor-element elementor-element-2316ee7 elementor-widget elementor-widget-heading\" data-id=\"2316ee7\" data-element_type=\"widget\" data-widget_type=\"heading.default\">\n\t\t\t\t<div class=\"elementor-widget-container\">\n\t\t\t<h2 class=\"elementor-heading-title elementor-size-default\">Regelm\u00e4\u00dfige zahn\u00e4rztliche Vorsorgeuntersuchungen<\/h2>\t\t<\/div>\n\t\t\t\t<\/div>\n\t\t\t\t<div class=\"elementor-element elementor-element-d3884ca elementor-widget elementor-widget-text-editor\" data-id=\"d3884ca\" data-element_type=\"widget\" data-widget_type=\"text-editor.default\">\n\t\t\t\t<div class=\"elementor-widget-container\">\n\t\t\t\t\t\t\t\t<div class=\"elementor-text-editor elementor-clearfix\">\n\t\t\t\t<p>Regelm\u00e4\u00dfige Kontrollbesuche beim Zahnarzt sind f\u00fcr \u00e4ltere Menschen sowohl hinsichtlich der Funktionalit\u00e4t ihrer Prothesen als auch hinsichtlich ihrer allgemeinen Mundgesundheit von gro\u00dfer Bedeutung. Mit der Zeit kann es zu Lockerungen, Abnutzungen oder Ver\u00e4nderungen der Mundstruktur kommen. Diese Umst\u00e4nde beeintr\u00e4chtigen sowohl die Leistungsf\u00e4higkeit der Prothese als auch das Mundgewebe. Dar\u00fcber hinaus erh\u00f6ht die fr\u00fchzeitige Diagnose von Problemen wie Zahnfleischerkrankungen, Pilzinfektionen oder Wunden im Mundraum den Erfolg der Behandlung. Regelm\u00e4\u00dfige Untersuchungen in den vom Zahnarzt empfohlenen Abst\u00e4nden verl\u00e4ngern die Lebensdauer der Prothesen und erh\u00f6hen gleichzeitig den Lebenskomfort des Patienten.    <\/p>\n\t\t\t\t\t<\/div>\n\t\t\t\t\t\t<\/div>\n\t\t\t\t<\/div>\n\t\t\t\t\t\t<\/div>\n\t\t\t\t\t<\/div>\n\t\t<\/div>\n\t\t\t\t<div class=\"aux-parallax-section elementor-column elementor-col-33 elementor-top-column elementor-element elementor-element-c691ac5\" data-id=\"c691ac5\" data-element_type=\"column\">\n\t\t\t<div class=\"elementor-column-wrap elementor-element-populated\">\n\t\t\t\t\t\t\t<div class=\"elementor-widget-wrap\">\n\t\t\t\t\t\t<div class=\"elementor-element elementor-element-2ac086e elementor-widget elementor-widget-image\" data-id=\"2ac086e\" data-element_type=\"widget\" data-widget_type=\"image.default\">\n\t\t\t\t<div class=\"elementor-widget-container\">\n\t\t\t\t\t\t\t\t<div class=\"elementor-image\">\n\t\t\t\t\t\t\t\t\t\t\t\t<img decoding=\"async\" width=\"1080\" height=\"1350\" src=\"https:\/\/avrupaubkdental.com\/wp-content\/uploads\/2025\/07\/yasli-bireylerde-dis-protezi-ve-bakimi-3.jpg\" class=\"attachment-full size-full wp-image-8257\" alt=\"\" srcset=\"https:\/\/avrupaubkdental.com\/wp-content\/uploads\/2025\/07\/yasli-bireylerde-dis-protezi-ve-bakimi-3.jpg 1080w, https:\/\/avrupaubkdental.com\/wp-content\/uploads\/2025\/07\/yasli-bireylerde-dis-protezi-ve-bakimi-3-200x250.jpg 200w\" sizes=\"(max-width: 1080px) 100vw, 1080px\" \/>\t\t\t\t\t\t\t\t\t\t\t\t\t\t<\/div>\n\t\t\t\t\t\t<\/div>\n\t\t\t\t<\/div>\n\t\t\t\t\t\t<\/div>\n\t\t\t\t\t<\/div>\n\t\t<\/div>\n\t\t\t\t\t\t\t\t<\/div>\n\t\t\t\t\t<\/div>\n\t\t<\/section>\n\t\t\t\t<section class=\"elementor-section elementor-top-section elementor-element elementor-element-33d9791 elementor-section-boxed elementor-section-height-default elementor-section-height-default\" data-id=\"33d9791\" data-element_type=\"section\">\n\t\t\t\t\t\t\t<div class=\"elementor-background-overlay\"><\/div>\n\t\t\t\t\t\t\t<div class=\"elementor-container elementor-column-gap-default\">\n\t\t\t\t\t\t\t<div class=\"elementor-row\">\n\t\t\t\t\t<div class=\"aux-parallax-section elementor-column elementor-col-100 elementor-top-column elementor-element elementor-element-f41da64\" data-id=\"f41da64\" data-element_type=\"column\">\n\t\t\t<div class=\"elementor-column-wrap elementor-element-populated\">\n\t\t\t\t\t\t\t<div class=\"elementor-widget-wrap\">\n\t\t\t\t\t\t<div class=\"elementor-element elementor-element-44ec201 elementor-widget elementor-widget-spacer\" data-id=\"44ec201\" data-element_type=\"widget\" data-widget_type=\"spacer.default\">\n\t\t\t\t<div class=\"elementor-widget-container\">\n\t\t\t\t\t<div class=\"elementor-spacer\">\n\t\t\t<div class=\"elementor-spacer-inner\"><\/div>\n\t\t<\/div>\n\t\t\t\t<\/div>\n\t\t\t\t<\/div>\n\t\t\t\t<div class=\"elementor-element elementor-element-4488dcd elementor-widget elementor-widget-spacer\" data-id=\"4488dcd\" data-element_type=\"widget\" data-widget_type=\"spacer.default\">\n\t\t\t\t<div class=\"elementor-widget-container\">\n\t\t\t\t\t<div class=\"elementor-spacer\">\n\t\t\t<div class=\"elementor-spacer-inner\"><\/div>\n\t\t<\/div>\n\t\t\t\t<\/div>\n\t\t\t\t<\/div>\n\t\t\t\t\t\t<\/div>\n\t\t\t\t\t<\/div>\n\t\t<\/div>\n\t\t\t\t\t\t\t\t<\/div>\n\t\t\t\t\t<\/div>\n\t\t<\/section>\n\t\t\t\t\t\t\t\t\t<\/div>\n\t\t\t<\/div>\n\t\t\t\t\t<\/div>\n\t\t","protected":false},"excerpt":{"rendered":"<p>Zahnprothesen und Zahnpflege bei \u00e4lteren Menschen Mit zunehmendem Alter kann der Verlust von Z\u00e4hnen sowohl aus \u00e4sthetischer als auch aus funktioneller Sicht zu verschiedenen Problemen f\u00fchren. In solchen F\u00e4llen spielen Zahnprothesen eine wichtige Rolle dabei, dass die Betroffenen wieder kauen, sprechen und Selbstvertrauen gewinnen k\u00f6nnen. Allerdings ist die richtige Pflege von gro\u00dfer Bedeutung, damit Zahnersatz [&hellip;]<\/p>\n","protected":false},"author":1,"featured_media":8263,"comment_status":"open","ping_status":"open","sticky":false,"template":"elementor_header_footer","format":"standard","meta":{"_joinchat":[],"footnotes":""},"categories":[9],"tags":[],"class_list":["post-8274","post","type-post","status-publish","format-standard","has-post-thumbnail","hentry","category-unkategorisiert"],"yoast_head":"<!-- This site is optimized with the Yoast SEO plugin v27.4 - https:\/\/yoast.com\/product\/yoast-seo-wordpress\/ -->\n<title>Zahnprothesen und Zahnpflege bei \u00e4lteren Menschen - Avrupa UBK Dental Bayrampa\u015fa<\/title>\n<meta name=\"robots\" content=\"index, follow, max-snippet:-1, max-image-preview:large, max-video-preview:-1\" \/>\n<link rel=\"canonical\" href=\"https:\/\/avrupaubkdental.com\/de\/zahnprothesen-und-zahnpflege-bei-aelteren-menschen\/\" \/>\n<meta property=\"og:locale\" content=\"de_DE\" \/>\n<meta property=\"og:type\" content=\"article\" \/>\n<meta property=\"og:title\" content=\"Zahnprothesen und Zahnpflege bei \u00e4lteren Menschen - Avrupa UBK Dental Bayrampa\u015fa\" \/>\n<meta property=\"og:description\" content=\"Zahnprothesen und Zahnpflege bei \u00e4lteren Menschen Mit zunehmendem Alter kann der Verlust von Z\u00e4hnen sowohl aus \u00e4sthetischer als auch aus funktioneller Sicht zu verschiedenen Problemen f\u00fchren. In solchen F\u00e4llen spielen Zahnprothesen eine wichtige Rolle dabei, dass die Betroffenen wieder kauen, sprechen und Selbstvertrauen gewinnen k\u00f6nnen. Allerdings ist die richtige Pflege von gro\u00dfer Bedeutung, damit Zahnersatz [&hellip;]\" \/>\n<meta property=\"og:url\" content=\"https:\/\/avrupaubkdental.com\/de\/zahnprothesen-und-zahnpflege-bei-aelteren-menschen\/\" \/>\n<meta property=\"og:site_name\" content=\"Avrupa UBK Dental Bayrampa\u015fa\" \/>\n<meta property=\"article:published_time\" content=\"2025-07-28T09:48:48+00:00\" \/>\n<meta property=\"article:modified_time\" content=\"2025-08-25T11:01:47+00:00\" \/>\n<meta property=\"og:image\" content=\"https:\/\/avrupaubkdental.com\/wp-content\/uploads\/2025\/07\/yasli-bireylerde-dis-protezi-ve-bakimi.jpg\" \/>\n\t<meta property=\"og:image:width\" content=\"1660\" \/>\n\t<meta property=\"og:image:height\" content=\"1080\" \/>\n\t<meta property=\"og:image:type\" content=\"image\/jpeg\" \/>\n<meta name=\"author\" content=\"burak\" \/>\n<meta name=\"twitter:card\" content=\"summary_large_image\" \/>\n<meta name=\"twitter:label1\" content=\"Verfasst von\" \/>\n\t<meta name=\"twitter:data1\" content=\"burak\" \/>\n\t<meta name=\"twitter:label2\" content=\"Gesch\u00e4tzte Lesezeit\" \/>\n\t<meta name=\"twitter:data2\" content=\"2\u00a0Minuten\" \/>\n<script type=\"application\/ld+json\" class=\"yoast-schema-graph\">{\"@context\":\"https:\\\/\\\/schema.org\",\"@graph\":[{\"@type\":\"Article\",\"@id\":\"https:\\\/\\\/avrupaubkdental.com\\\/de\\\/zahnprothesen-und-zahnpflege-bei-aelteren-menschen\\\/#article\",\"isPartOf\":{\"@id\":\"https:\\\/\\\/avrupaubkdental.com\\\/de\\\/zahnprothesen-und-zahnpflege-bei-aelteren-menschen\\\/\"},\"author\":{\"name\":\"burak\",\"@id\":\"https:\\\/\\\/avrupaubkdental.com\\\/de\\\/#\\\/schema\\\/person\\\/76c7a1c48e922f069d538d16be02e02e\"},\"headline\":\"Zahnprothesen und Zahnpflege bei \u00e4lteren Menschen\",\"datePublished\":\"2025-07-28T09:48:48+00:00\",\"dateModified\":\"2025-08-25T11:01:47+00:00\",\"mainEntityOfPage\":{\"@id\":\"https:\\\/\\\/avrupaubkdental.com\\\/de\\\/zahnprothesen-und-zahnpflege-bei-aelteren-menschen\\\/\"},\"wordCount\":413,\"commentCount\":0,\"publisher\":{\"@id\":\"https:\\\/\\\/avrupaubkdental.com\\\/de\\\/#organization\"},\"image\":{\"@id\":\"https:\\\/\\\/avrupaubkdental.com\\\/de\\\/zahnprothesen-und-zahnpflege-bei-aelteren-menschen\\\/#primaryimage\"},\"thumbnailUrl\":\"https:\\\/\\\/avrupaubkdental.com\\\/wp-content\\\/uploads\\\/2025\\\/07\\\/yasli-bireylerde-dis-protezi-ve-bakimi.jpg\",\"articleSection\":[\"Unkategorisiert\"],\"inLanguage\":\"de\",\"potentialAction\":[{\"@type\":\"CommentAction\",\"name\":\"Comment\",\"target\":[\"https:\\\/\\\/avrupaubkdental.com\\\/de\\\/zahnprothesen-und-zahnpflege-bei-aelteren-menschen\\\/#respond\"]}]},{\"@type\":\"WebPage\",\"@id\":\"https:\\\/\\\/avrupaubkdental.com\\\/de\\\/zahnprothesen-und-zahnpflege-bei-aelteren-menschen\\\/\",\"url\":\"https:\\\/\\\/avrupaubkdental.com\\\/de\\\/zahnprothesen-und-zahnpflege-bei-aelteren-menschen\\\/\",\"name\":\"Zahnprothesen und Zahnpflege bei \u00e4lteren Menschen - Avrupa UBK Dental Bayrampa\u015fa\",\"isPartOf\":{\"@id\":\"https:\\\/\\\/avrupaubkdental.com\\\/de\\\/#website\"},\"primaryImageOfPage\":{\"@id\":\"https:\\\/\\\/avrupaubkdental.com\\\/de\\\/zahnprothesen-und-zahnpflege-bei-aelteren-menschen\\\/#primaryimage\"},\"image\":{\"@id\":\"https:\\\/\\\/avrupaubkdental.com\\\/de\\\/zahnprothesen-und-zahnpflege-bei-aelteren-menschen\\\/#primaryimage\"},\"thumbnailUrl\":\"https:\\\/\\\/avrupaubkdental.com\\\/wp-content\\\/uploads\\\/2025\\\/07\\\/yasli-bireylerde-dis-protezi-ve-bakimi.jpg\",\"datePublished\":\"2025-07-28T09:48:48+00:00\",\"dateModified\":\"2025-08-25T11:01:47+00:00\",\"breadcrumb\":{\"@id\":\"https:\\\/\\\/avrupaubkdental.com\\\/de\\\/zahnprothesen-und-zahnpflege-bei-aelteren-menschen\\\/#breadcrumb\"},\"inLanguage\":\"de\",\"potentialAction\":[{\"@type\":\"ReadAction\",\"target\":[\"https:\\\/\\\/avrupaubkdental.com\\\/de\\\/zahnprothesen-und-zahnpflege-bei-aelteren-menschen\\\/\"]}]},{\"@type\":\"ImageObject\",\"inLanguage\":\"de\",\"@id\":\"https:\\\/\\\/avrupaubkdental.com\\\/de\\\/zahnprothesen-und-zahnpflege-bei-aelteren-menschen\\\/#primaryimage\",\"url\":\"https:\\\/\\\/avrupaubkdental.com\\\/wp-content\\\/uploads\\\/2025\\\/07\\\/yasli-bireylerde-dis-protezi-ve-bakimi.jpg\",\"contentUrl\":\"https:\\\/\\\/avrupaubkdental.com\\\/wp-content\\\/uploads\\\/2025\\\/07\\\/yasli-bireylerde-dis-protezi-ve-bakimi.jpg\",\"width\":1660,\"height\":1080},{\"@type\":\"BreadcrumbList\",\"@id\":\"https:\\\/\\\/avrupaubkdental.com\\\/de\\\/zahnprothesen-und-zahnpflege-bei-aelteren-menschen\\\/#breadcrumb\",\"itemListElement\":[{\"@type\":\"ListItem\",\"position\":1,\"name\":\"Home\",\"item\":\"https:\\\/\\\/avrupaubkdental.com\\\/de\\\/\"},{\"@type\":\"ListItem\",\"position\":2,\"name\":\"Zahnprothesen und Zahnpflege bei \u00e4lteren Menschen\"}]},{\"@type\":\"WebSite\",\"@id\":\"https:\\\/\\\/avrupaubkdental.com\\\/de\\\/#website\",\"url\":\"https:\\\/\\\/avrupaubkdental.com\\\/de\\\/\",\"name\":\"Avrupa UBK Dental\",\"description\":\"\",\"publisher\":{\"@id\":\"https:\\\/\\\/avrupaubkdental.com\\\/de\\\/#organization\"},\"potentialAction\":[{\"@type\":\"SearchAction\",\"target\":{\"@type\":\"EntryPoint\",\"urlTemplate\":\"https:\\\/\\\/avrupaubkdental.com\\\/de\\\/?s={search_term_string}\"},\"query-input\":{\"@type\":\"PropertyValueSpecification\",\"valueRequired\":true,\"valueName\":\"search_term_string\"}}],\"inLanguage\":\"de\"},{\"@type\":\"Organization\",\"@id\":\"https:\\\/\\\/avrupaubkdental.com\\\/de\\\/#organization\",\"name\":\"Avrupa UBK Dental\",\"url\":\"https:\\\/\\\/avrupaubkdental.com\\\/de\\\/\",\"logo\":{\"@type\":\"ImageObject\",\"inLanguage\":\"de\",\"@id\":\"https:\\\/\\\/avrupaubkdental.com\\\/de\\\/#\\\/schema\\\/logo\\\/image\\\/\",\"url\":\"https:\\\/\\\/avrupaubkdental.com\\\/wp-content\\\/uploads\\\/2023\\\/09\\\/cropped-AVR.-DIK-DUZ-SATIR-PNG.png\",\"contentUrl\":\"https:\\\/\\\/avrupaubkdental.com\\\/wp-content\\\/uploads\\\/2023\\\/09\\\/cropped-AVR.-DIK-DUZ-SATIR-PNG.png\",\"width\":150,\"height\":150,\"caption\":\"Avrupa UBK Dental\"},\"image\":{\"@id\":\"https:\\\/\\\/avrupaubkdental.com\\\/de\\\/#\\\/schema\\\/logo\\\/image\\\/\"},\"sameAs\":[\"https:\\\/\\\/www.instagram.com\\\/avrupaubkdental\\\/\"]},{\"@type\":\"Person\",\"@id\":\"https:\\\/\\\/avrupaubkdental.com\\\/de\\\/#\\\/schema\\\/person\\\/76c7a1c48e922f069d538d16be02e02e\",\"name\":\"burak\",\"image\":{\"@type\":\"ImageObject\",\"inLanguage\":\"de\",\"@id\":\"https:\\\/\\\/secure.gravatar.com\\\/avatar\\\/f746707d3bcfbee87fcc797fe3676d9f7bdbc2fe5ebae5f99c9cb63cc0378230?s=96&d=mm&r=g\",\"url\":\"https:\\\/\\\/secure.gravatar.com\\\/avatar\\\/f746707d3bcfbee87fcc797fe3676d9f7bdbc2fe5ebae5f99c9cb63cc0378230?s=96&d=mm&r=g\",\"contentUrl\":\"https:\\\/\\\/secure.gravatar.com\\\/avatar\\\/f746707d3bcfbee87fcc797fe3676d9f7bdbc2fe5ebae5f99c9cb63cc0378230?s=96&d=mm&r=g\",\"caption\":\"burak\"},\"sameAs\":[\"http:\\\/\\\/avrupaubkdental.com\"],\"url\":\"https:\\\/\\\/avrupaubkdental.com\\\/de\\\/author\\\/burak\\\/\"}]}<\/script>\n<!-- \/ Yoast SEO plugin. -->","yoast_head_json":{"title":"Zahnprothesen und Zahnpflege bei \u00e4lteren Menschen - Avrupa UBK Dental Bayrampa\u015fa","robots":{"index":"index","follow":"follow","max-snippet":"max-snippet:-1","max-image-preview":"max-image-preview:large","max-video-preview":"max-video-preview:-1"},"canonical":"https:\/\/avrupaubkdental.com\/de\/zahnprothesen-und-zahnpflege-bei-aelteren-menschen\/","og_locale":"de_DE","og_type":"article","og_title":"Zahnprothesen und Zahnpflege bei \u00e4lteren Menschen - Avrupa UBK Dental Bayrampa\u015fa","og_description":"Zahnprothesen und Zahnpflege bei \u00e4lteren Menschen Mit zunehmendem Alter kann der Verlust von Z\u00e4hnen sowohl aus \u00e4sthetischer als auch aus funktioneller Sicht zu verschiedenen Problemen f\u00fchren. In solchen F\u00e4llen spielen Zahnprothesen eine wichtige Rolle dabei, dass die Betroffenen wieder kauen, sprechen und Selbstvertrauen gewinnen k\u00f6nnen. Allerdings ist die richtige Pflege von gro\u00dfer Bedeutung, damit Zahnersatz [&hellip;]","og_url":"https:\/\/avrupaubkdental.com\/de\/zahnprothesen-und-zahnpflege-bei-aelteren-menschen\/","og_site_name":"Avrupa UBK Dental Bayrampa\u015fa","article_published_time":"2025-07-28T09:48:48+00:00","article_modified_time":"2025-08-25T11:01:47+00:00","og_image":[{"width":1660,"height":1080,"url":"https:\/\/avrupaubkdental.com\/wp-content\/uploads\/2025\/07\/yasli-bireylerde-dis-protezi-ve-bakimi.jpg","type":"image\/jpeg"}],"author":"burak","twitter_card":"summary_large_image","twitter_misc":{"Verfasst von":"burak","Gesch\u00e4tzte Lesezeit":"2\u00a0Minuten"},"schema":{"@context":"https:\/\/schema.org","@graph":[{"@type":"Article","@id":"https:\/\/avrupaubkdental.com\/de\/zahnprothesen-und-zahnpflege-bei-aelteren-menschen\/#article","isPartOf":{"@id":"https:\/\/avrupaubkdental.com\/de\/zahnprothesen-und-zahnpflege-bei-aelteren-menschen\/"},"author":{"name":"burak","@id":"https:\/\/avrupaubkdental.com\/de\/#\/schema\/person\/76c7a1c48e922f069d538d16be02e02e"},"headline":"Zahnprothesen und Zahnpflege bei \u00e4lteren Menschen","datePublished":"2025-07-28T09:48:48+00:00","dateModified":"2025-08-25T11:01:47+00:00","mainEntityOfPage":{"@id":"https:\/\/avrupaubkdental.com\/de\/zahnprothesen-und-zahnpflege-bei-aelteren-menschen\/"},"wordCount":413,"commentCount":0,"publisher":{"@id":"https:\/\/avrupaubkdental.com\/de\/#organization"},"image":{"@id":"https:\/\/avrupaubkdental.com\/de\/zahnprothesen-und-zahnpflege-bei-aelteren-menschen\/#primaryimage"},"thumbnailUrl":"https:\/\/avrupaubkdental.com\/wp-content\/uploads\/2025\/07\/yasli-bireylerde-dis-protezi-ve-bakimi.jpg","articleSection":["Unkategorisiert"],"inLanguage":"de","potentialAction":[{"@type":"CommentAction","name":"Comment","target":["https:\/\/avrupaubkdental.com\/de\/zahnprothesen-und-zahnpflege-bei-aelteren-menschen\/#respond"]}]},{"@type":"WebPage","@id":"https:\/\/avrupaubkdental.com\/de\/zahnprothesen-und-zahnpflege-bei-aelteren-menschen\/","url":"https:\/\/avrupaubkdental.com\/de\/zahnprothesen-und-zahnpflege-bei-aelteren-menschen\/","name":"Zahnprothesen und Zahnpflege bei \u00e4lteren Menschen - Avrupa UBK Dental Bayrampa\u015fa","isPartOf":{"@id":"https:\/\/avrupaubkdental.com\/de\/#website"},"primaryImageOfPage":{"@id":"https:\/\/avrupaubkdental.com\/de\/zahnprothesen-und-zahnpflege-bei-aelteren-menschen\/#primaryimage"},"image":{"@id":"https:\/\/avrupaubkdental.com\/de\/zahnprothesen-und-zahnpflege-bei-aelteren-menschen\/#primaryimage"},"thumbnailUrl":"https:\/\/avrupaubkdental.com\/wp-content\/uploads\/2025\/07\/yasli-bireylerde-dis-protezi-ve-bakimi.jpg","datePublished":"2025-07-28T09:48:48+00:00","dateModified":"2025-08-25T11:01:47+00:00","breadcrumb":{"@id":"https:\/\/avrupaubkdental.com\/de\/zahnprothesen-und-zahnpflege-bei-aelteren-menschen\/#breadcrumb"},"inLanguage":"de","potentialAction":[{"@type":"ReadAction","target":["https:\/\/avrupaubkdental.com\/de\/zahnprothesen-und-zahnpflege-bei-aelteren-menschen\/"]}]},{"@type":"ImageObject","inLanguage":"de","@id":"https:\/\/avrupaubkdental.com\/de\/zahnprothesen-und-zahnpflege-bei-aelteren-menschen\/#primaryimage","url":"https:\/\/avrupaubkdental.com\/wp-content\/uploads\/2025\/07\/yasli-bireylerde-dis-protezi-ve-bakimi.jpg","contentUrl":"https:\/\/avrupaubkdental.com\/wp-content\/uploads\/2025\/07\/yasli-bireylerde-dis-protezi-ve-bakimi.jpg","width":1660,"height":1080},{"@type":"BreadcrumbList","@id":"https:\/\/avrupaubkdental.com\/de\/zahnprothesen-und-zahnpflege-bei-aelteren-menschen\/#breadcrumb","itemListElement":[{"@type":"ListItem","position":1,"name":"Home","item":"https:\/\/avrupaubkdental.com\/de\/"},{"@type":"ListItem","position":2,"name":"Zahnprothesen und Zahnpflege bei \u00e4lteren Menschen"}]},{"@type":"WebSite","@id":"https:\/\/avrupaubkdental.com\/de\/#website","url":"https:\/\/avrupaubkdental.com\/de\/","name":"Avrupa UBK Dental","description":"","publisher":{"@id":"https:\/\/avrupaubkdental.com\/de\/#organization"},"potentialAction":[{"@type":"SearchAction","target":{"@type":"EntryPoint","urlTemplate":"https:\/\/avrupaubkdental.com\/de\/?s={search_term_string}"},"query-input":{"@type":"PropertyValueSpecification","valueRequired":true,"valueName":"search_term_string"}}],"inLanguage":"de"},{"@type":"Organization","@id":"https:\/\/avrupaubkdental.com\/de\/#organization","name":"Avrupa UBK Dental","url":"https:\/\/avrupaubkdental.com\/de\/","logo":{"@type":"ImageObject","inLanguage":"de","@id":"https:\/\/avrupaubkdental.com\/de\/#\/schema\/logo\/image\/","url":"https:\/\/avrupaubkdental.com\/wp-content\/uploads\/2023\/09\/cropped-AVR.-DIK-DUZ-SATIR-PNG.png","contentUrl":"https:\/\/avrupaubkdental.com\/wp-content\/uploads\/2023\/09\/cropped-AVR.-DIK-DUZ-SATIR-PNG.png","width":150,"height":150,"caption":"Avrupa UBK Dental"},"image":{"@id":"https:\/\/avrupaubkdental.com\/de\/#\/schema\/logo\/image\/"},"sameAs":["https:\/\/www.instagram.com\/avrupaubkdental\/"]},{"@type":"Person","@id":"https:\/\/avrupaubkdental.com\/de\/#\/schema\/person\/76c7a1c48e922f069d538d16be02e02e","name":"burak","image":{"@type":"ImageObject","inLanguage":"de","@id":"https:\/\/secure.gravatar.com\/avatar\/f746707d3bcfbee87fcc797fe3676d9f7bdbc2fe5ebae5f99c9cb63cc0378230?s=96&d=mm&r=g","url":"https:\/\/secure.gravatar.com\/avatar\/f746707d3bcfbee87fcc797fe3676d9f7bdbc2fe5ebae5f99c9cb63cc0378230?s=96&d=mm&r=g","contentUrl":"https:\/\/secure.gravatar.com\/avatar\/f746707d3bcfbee87fcc797fe3676d9f7bdbc2fe5ebae5f99c9cb63cc0378230?s=96&d=mm&r=g","caption":"burak"},"sameAs":["http:\/\/avrupaubkdental.com"],"url":"https:\/\/avrupaubkdental.com\/de\/author\/burak\/"}]}},"_links":{"self":[{"href":"https:\/\/avrupaubkdental.com\/de\/wp-json\/wp\/v2\/posts\/8274","targetHints":{"allow":["GET"]}}],"collection":[{"href":"https:\/\/avrupaubkdental.com\/de\/wp-json\/wp\/v2\/posts"}],"about":[{"href":"https:\/\/avrupaubkdental.com\/de\/wp-json\/wp\/v2\/types\/post"}],"author":[{"embeddable":true,"href":"https:\/\/avrupaubkdental.com\/de\/wp-json\/wp\/v2\/users\/1"}],"replies":[{"embeddable":true,"href":"https:\/\/avrupaubkdental.com\/de\/wp-json\/wp\/v2\/comments?post=8274"}],"version-history":[{"count":2,"href":"https:\/\/avrupaubkdental.com\/de\/wp-json\/wp\/v2\/posts\/8274\/revisions"}],"predecessor-version":[{"id":8452,"href":"https:\/\/avrupaubkdental.com\/de\/wp-json\/wp\/v2\/posts\/8274\/revisions\/8452"}],"wp:featuredmedia":[{"embeddable":true,"href":"https:\/\/avrupaubkdental.com\/de\/wp-json\/wp\/v2\/media\/8263"}],"wp:attachment":[{"href":"https:\/\/avrupaubkdental.com\/de\/wp-json\/wp\/v2\/media?parent=8274"}],"wp:term":[{"taxonomy":"category","embeddable":true,"href":"https:\/\/avrupaubkdental.com\/de\/wp-json\/wp\/v2\/categories?post=8274"},{"taxonomy":"post_tag","embeddable":true,"href":"https:\/\/avrupaubkdental.com\/de\/wp-json\/wp\/v2\/tags?post=8274"}],"curies":[{"name":"wp","href":"https:\/\/api.w.org\/{rel}","templated":true}]}}