{"id":10031,"date":"2026-04-27T13:02:08","date_gmt":"2026-04-27T10:02:08","guid":{"rendered":"https:\/\/avrupaubkdental.com\/metodos-cientificos-para-prevenir-el-mal-aliento\/"},"modified":"2026-04-27T13:02:09","modified_gmt":"2026-04-27T10:02:09","slug":"metodos-cientificos-para-prevenir-el-mal-aliento","status":"publish","type":"post","link":"https:\/\/avrupaubkdental.com\/es\/metodos-cientificos-para-prevenir-el-mal-aliento\/","title":{"rendered":"M\u00e9todos cient\u00edficos para prevenir el mal aliento"},"content":{"rendered":"\t\t<div data-elementor-type=\"wp-post\" data-elementor-id=\"10031\" class=\"elementor elementor-10031 elementor-9994\">\n\t\t\t\t\t\t<div class=\"elementor-inner\">\n\t\t\t\t<div class=\"elementor-section-wrap\">\n\t\t\t\t\t\t\t\t\t<section class=\"elementor-section elementor-top-section elementor-element elementor-element-39e762a elementor-section-boxed elementor-section-height-default elementor-section-height-default\" data-id=\"39e762a\" data-element_type=\"section\">\n\t\t\t\t\t\t\t<div class=\"elementor-background-overlay\"><\/div>\n\t\t\t\t\t\t\t<div class=\"elementor-container elementor-column-gap-default\">\n\t\t\t\t\t\t\t<div class=\"elementor-row\">\n\t\t\t\t\t<div class=\"aux-parallax-section elementor-column elementor-col-100 elementor-top-column elementor-element elementor-element-64c7dc4\" data-id=\"64c7dc4\" data-element_type=\"column\" data-settings=\"{&quot;background_background&quot;:&quot;classic&quot;}\">\n\t\t\t<div class=\"elementor-column-wrap elementor-element-populated\">\n\t\t\t\t\t<div class=\"elementor-background-overlay\"><\/div>\n\t\t\t\t\t\t\t<div class=\"elementor-widget-wrap\">\n\t\t\t\t\t\t<div class=\"elementor-element elementor-element-5c52044 elementor-widget elementor-widget-heading\" data-id=\"5c52044\" data-element_type=\"widget\" data-widget_type=\"heading.default\">\n\t\t\t\t<div class=\"elementor-widget-container\">\n\t\t\t<h1 class=\"elementor-heading-title elementor-size-default\">M\u00e9todos cient\u00edficos para prevenir el mal aliento<\/h1>\t\t<\/div>\n\t\t\t\t<\/div>\n\t\t\t\t\t\t<\/div>\n\t\t\t\t\t<\/div>\n\t\t<\/div>\n\t\t\t\t\t\t\t\t<\/div>\n\t\t\t\t\t<\/div>\n\t\t<\/section>\n\t\t\t\t<section class=\"elementor-section elementor-top-section elementor-element elementor-element-d8125aa elementor-section-boxed elementor-section-height-default elementor-section-height-default\" data-id=\"d8125aa\" data-element_type=\"section\">\n\t\t\t\t\t\t<div class=\"elementor-container elementor-column-gap-default\">\n\t\t\t\t\t\t\t<div class=\"elementor-row\">\n\t\t\t\t\t<div class=\"aux-parallax-section elementor-column elementor-col-50 elementor-top-column elementor-element elementor-element-3383e47\" data-id=\"3383e47\" data-element_type=\"column\">\n\t\t\t<div class=\"elementor-column-wrap elementor-element-populated\">\n\t\t\t\t\t\t\t<div class=\"elementor-widget-wrap\">\n\t\t\t\t\t\t<div class=\"elementor-element elementor-element-4b88edd elementor-widget elementor-widget-text-editor\" data-id=\"4b88edd\" data-element_type=\"widget\" data-widget_type=\"text-editor.default\">\n\t\t\t\t<div class=\"elementor-widget-container\">\n\t\t\t\t\t\t\t\t<div class=\"elementor-text-editor elementor-clearfix\">\n\t\t\t\t<p>El mal aliento, conocido m\u00e9dicamente como halitosis, es una afecci\u00f3n molesta tanto a nivel social como psicol\u00f3gico. Si bien suele tener causas temporales, en algunos casos puede ser un signo de problemas de salud subyacentes. <\/p>\n\t\t\t\t\t<\/div>\n\t\t\t\t\t\t<\/div>\n\t\t\t\t<\/div>\n\t\t\t\t\t\t<\/div>\n\t\t\t\t\t<\/div>\n\t\t<\/div>\n\t\t\t\t<div class=\"aux-parallax-section elementor-column elementor-col-50 elementor-top-column elementor-element elementor-element-837243a\" data-id=\"837243a\" data-element_type=\"column\">\n\t\t\t<div class=\"elementor-column-wrap elementor-element-populated\">\n\t\t\t\t\t\t\t<div class=\"elementor-widget-wrap\">\n\t\t\t\t\t\t<div class=\"elementor-element elementor-element-cfb0b4b elementor-widget elementor-widget-text-editor\" data-id=\"cfb0b4b\" data-element_type=\"widget\" data-widget_type=\"text-editor.default\">\n\t\t\t\t<div class=\"elementor-widget-container\">\n\t\t\t\t\t\t\t\t<div class=\"elementor-text-editor elementor-clearfix\">\n\t\t\t\t<p data-start=\"61\" data-end=\"384\">Las investigaciones cient\u00edficas demuestran que el mal aliento se debe principalmente a la actividad bacteriana en la boca. Es posible prevenir este problema con los m\u00e9todos adecuados. <\/p>\n\t\t\t\t\t<\/div>\n\t\t\t\t\t\t<\/div>\n\t\t\t\t<\/div>\n\t\t\t\t\t\t<\/div>\n\t\t\t\t\t<\/div>\n\t\t<\/div>\n\t\t\t\t\t\t\t\t<\/div>\n\t\t\t\t\t<\/div>\n\t\t<\/section>\n\t\t\t\t<section class=\"elementor-section elementor-top-section elementor-element elementor-element-643b4ef elementor-section-boxed elementor-section-height-default elementor-section-height-default\" data-id=\"643b4ef\" data-element_type=\"section\" data-settings=\"{&quot;background_background&quot;:&quot;classic&quot;}\">\n\t\t\t\t\t\t<div class=\"elementor-container elementor-column-gap-default\">\n\t\t\t\t\t\t\t<div class=\"elementor-row\">\n\t\t\t\t\t<div class=\"aux-parallax-section elementor-column elementor-col-66 elementor-top-column elementor-element elementor-element-5ec8e10\" data-id=\"5ec8e10\" data-element_type=\"column\" data-settings=\"{&quot;background_background&quot;:&quot;classic&quot;}\">\n\t\t\t<div class=\"elementor-column-wrap elementor-element-populated\">\n\t\t\t\t\t\t\t<div class=\"elementor-widget-wrap\">\n\t\t\t\t\t\t<div class=\"elementor-element elementor-element-d9ee89e elementor-widget elementor-widget-heading\" data-id=\"d9ee89e\" data-element_type=\"widget\" data-widget_type=\"heading.default\">\n\t\t\t\t<div class=\"elementor-widget-container\">\n\t\t\t<h2 class=\"elementor-heading-title elementor-size-default\">Las causas principales del mal aliento<\/h2>\t\t<\/div>\n\t\t\t\t<\/div>\n\t\t\t\t<div class=\"elementor-element elementor-element-245e2d8 elementor-widget elementor-widget-text-editor\" data-id=\"245e2d8\" data-element_type=\"widget\" data-widget_type=\"text-editor.default\">\n\t\t\t\t<div class=\"elementor-widget-container\">\n\t\t\t\t\t\t\t\t<div class=\"elementor-text-editor elementor-clearfix\">\n\t\t\t\t<p data-start=\"485\" data-end=\"777\">La causa m\u00e1s com\u00fan del mal aliento son las bacterias que se acumulan en la boca. Estas bacterias, especialmente las que se acumulan en la lengua y entre los dientes, descomponen las prote\u00ednas y producen compuestos de azufre que causan mal olor. Una higiene bucal deficiente, la enfermedad periodontal y las caries pueden acelerar este proceso.  <\/p>\n<p data-start=\"779\" data-end=\"991\">Adem\u00e1s, la sequedad bucal es un factor importante. La saliva es un mecanismo natural que limpia el interior de la boca. La disminuci\u00f3n de la producci\u00f3n de saliva permite que las bacterias se multipliquen m\u00e1s r\u00e1pido y crea un ambiente propicio para el mal aliento.  <\/p>\n\t\t\t\t\t<\/div>\n\t\t\t\t\t\t<\/div>\n\t\t\t\t<\/div>\n\t\t\t\t<div class=\"elementor-element elementor-element-71b2a47 elementor-widget elementor-widget-heading\" data-id=\"71b2a47\" data-element_type=\"widget\" data-widget_type=\"heading.default\">\n\t\t\t\t<div class=\"elementor-widget-container\">\n\t\t\t<h2 class=\"elementor-heading-title elementor-size-default\">Cuidado bucal regular y adecuado<\/h2>\t\t<\/div>\n\t\t\t\t<\/div>\n\t\t\t\t<div class=\"elementor-element elementor-element-ee51d4d elementor-widget elementor-widget-text-editor\" data-id=\"ee51d4d\" data-element_type=\"widget\" data-widget_type=\"text-editor.default\">\n\t\t\t\t<div class=\"elementor-widget-container\">\n\t\t\t\t\t\t\t\t<div class=\"elementor-text-editor elementor-clearfix\">\n\t\t\t\t<p data-start=\"1026\" data-end=\"1329\">La forma m\u00e1s eficaz de prevenir el mal aliento es mediante una higiene bucal regular. Cepillarse los dientes al menos dos veces al d\u00eda con la t\u00e9cnica correcta, usar hilo dental y limpiar la lengua reduce significativamente la carga bacteriana en la boca. La limpieza de la superficie de la lengua, en particular, desempe\u00f1a un papel fundamental en la prevenci\u00f3n del mal olor.  <\/p>\n<p data-start=\"1331\" data-end=\"1668\">Las revisiones dentales peri\u00f3dicas tambi\u00e9n son un paso importante para prevenir el mal aliento. La Cl\u00ednica Dental Bayrampa\u015fa busca ofrecer soluciones eficaces detectando a tiempo los problemas dentales y de enc\u00edas que pueden causar mal aliento. Por su parte, Avrupa UBK Dental promueve la higiene bucal con su enfoque de odontolog\u00eda preventiva.  <\/p>\n\t\t\t\t\t<\/div>\n\t\t\t\t\t\t<\/div>\n\t\t\t\t<\/div>\n\t\t\t\t\t\t<\/div>\n\t\t\t\t\t<\/div>\n\t\t<\/div>\n\t\t\t\t<div class=\"aux-parallax-section elementor-column elementor-col-33 elementor-top-column elementor-element elementor-element-21709a2\" data-id=\"21709a2\" data-element_type=\"column\">\n\t\t\t<div class=\"elementor-column-wrap elementor-element-populated\">\n\t\t\t\t\t\t\t<div class=\"elementor-widget-wrap\">\n\t\t\t\t\t\t<div class=\"elementor-element elementor-element-8397b3d elementor-widget elementor-widget-image\" data-id=\"8397b3d\" data-element_type=\"widget\" data-widget_type=\"image.default\">\n\t\t\t\t<div class=\"elementor-widget-container\">\n\t\t\t\t\t\t\t\t<div class=\"elementor-image\">\n\t\t\t\t\t\t\t\t\t\t\t\t<img decoding=\"async\" width=\"1080\" height=\"1350\" src=\"https:\/\/avrupaubkdental.com\/wp-content\/uploads\/2026\/04\/agiz-kokusunu-onlemenin-bilimsel-yollari-1.jpg\" class=\"attachment-full size-full wp-image-10000\" alt=\"\" \/>\t\t\t\t\t\t\t\t\t\t\t\t\t\t<\/div>\n\t\t\t\t\t\t<\/div>\n\t\t\t\t<\/div>\n\t\t\t\t\t\t<\/div>\n\t\t\t\t\t<\/div>\n\t\t<\/div>\n\t\t\t\t\t\t\t\t<\/div>\n\t\t\t\t\t<\/div>\n\t\t<\/section>\n\t\t\t\t<section class=\"elementor-section elementor-top-section elementor-element elementor-element-44f28db elementor-section-boxed elementor-section-height-default elementor-section-height-default\" data-id=\"44f28db\" data-element_type=\"section\" data-settings=\"{&quot;background_background&quot;:&quot;classic&quot;}\">\n\t\t\t\t\t\t<div class=\"elementor-container elementor-column-gap-default\">\n\t\t\t\t\t\t\t<div class=\"elementor-row\">\n\t\t\t\t\t<div class=\"aux-parallax-section elementor-column elementor-col-33 elementor-top-column elementor-element elementor-element-dc2b9e4\" data-id=\"dc2b9e4\" data-element_type=\"column\">\n\t\t\t<div class=\"elementor-column-wrap elementor-element-populated\">\n\t\t\t\t\t\t\t<div class=\"elementor-widget-wrap\">\n\t\t\t\t\t\t<div class=\"elementor-element elementor-element-7e3f69c elementor-widget elementor-widget-image\" data-id=\"7e3f69c\" data-element_type=\"widget\" data-widget_type=\"image.default\">\n\t\t\t\t<div class=\"elementor-widget-container\">\n\t\t\t\t\t\t\t\t<div class=\"elementor-image\">\n\t\t\t\t\t\t\t\t\t\t\t\t<img decoding=\"async\" width=\"1080\" height=\"1350\" src=\"https:\/\/avrupaubkdental.com\/wp-content\/uploads\/2026\/04\/agiz-kokusunu-onlemenin-bilimsel-yollari-3.jpg\" class=\"attachment-full size-full wp-image-10012\" alt=\"\" \/>\t\t\t\t\t\t\t\t\t\t\t\t\t\t<\/div>\n\t\t\t\t\t\t<\/div>\n\t\t\t\t<\/div>\n\t\t\t\t\t\t<\/div>\n\t\t\t\t\t<\/div>\n\t\t<\/div>\n\t\t\t\t<div class=\"aux-parallax-section elementor-column elementor-col-66 elementor-top-column elementor-element elementor-element-b683173\" data-id=\"b683173\" data-element_type=\"column\">\n\t\t\t<div class=\"elementor-column-wrap elementor-element-populated\">\n\t\t\t\t\t\t\t<div class=\"elementor-widget-wrap\">\n\t\t\t\t\t\t<div class=\"elementor-element elementor-element-31806d5 elementor-widget elementor-widget-heading\" data-id=\"31806d5\" data-element_type=\"widget\" data-widget_type=\"heading.default\">\n\t\t\t\t<div class=\"elementor-widget-container\">\n\t\t\t<h2 class=\"elementor-heading-title elementor-size-default\">El impacto de la nutrici\u00f3n y el estilo de vida<\/h2>\t\t<\/div>\n\t\t\t\t<\/div>\n\t\t\t\t<div class=\"elementor-element elementor-element-6c4de11 elementor-widget elementor-widget-text-editor\" data-id=\"6c4de11\" data-element_type=\"widget\" data-widget_type=\"text-editor.default\">\n\t\t\t\t<div class=\"elementor-widget-container\">\n\t\t\t\t\t\t\t\t<div class=\"elementor-text-editor elementor-clearfix\">\n\t\t\t\t<p data-start=\"1708\" data-end=\"2013\">Los alimentos que consumimos tambi\u00e9n influyen directamente en el mal aliento. Los alimentos con olores fuertes, como el ajo y la cebolla, pueden provocar mal aliento temporal, mientras que el ayuno prolongado y los h\u00e1bitos alimenticios irregulares pueden desencadenarlo. Beber suficiente agua mantiene la boca h\u00fameda, lo que reduce el crecimiento bacteriano.  <\/p>\n<p data-start=\"2015\" data-end=\"2194\">El tabaquismo y el consumo de alcohol son factores importantes que contribuyen al mal aliento. Limitar o abandonar estos h\u00e1bitos beneficia enormemente la salud bucal. <\/p>\n\t\t\t\t\t<\/div>\n\t\t\t\t\t\t<\/div>\n\t\t\t\t<\/div>\n\t\t\t\t\t\t<\/div>\n\t\t\t\t\t<\/div>\n\t\t<\/div>\n\t\t\t\t\t\t\t\t<\/div>\n\t\t\t\t\t<\/div>\n\t\t<\/section>\n\t\t\t\t<section class=\"elementor-section elementor-top-section elementor-element elementor-element-485d8fa elementor-section-boxed elementor-section-height-default elementor-section-height-default\" data-id=\"485d8fa\" data-element_type=\"section\" data-settings=\"{&quot;background_background&quot;:&quot;classic&quot;}\">\n\t\t\t\t\t\t<div class=\"elementor-container elementor-column-gap-default\">\n\t\t\t\t\t\t\t<div class=\"elementor-row\">\n\t\t\t\t\t<div class=\"aux-parallax-section elementor-column elementor-col-66 elementor-top-column elementor-element elementor-element-8af6f63\" data-id=\"8af6f63\" data-element_type=\"column\" data-settings=\"{&quot;background_background&quot;:&quot;classic&quot;}\">\n\t\t\t<div class=\"elementor-column-wrap elementor-element-populated\">\n\t\t\t\t\t\t\t<div class=\"elementor-widget-wrap\">\n\t\t\t\t\t\t<div class=\"elementor-element elementor-element-090ed42 elementor-widget elementor-widget-heading\" data-id=\"090ed42\" data-element_type=\"widget\" data-widget_type=\"heading.default\">\n\t\t\t\t<div class=\"elementor-widget-container\">\n\t\t\t<h2 class=\"elementor-heading-title elementor-size-default\">C\u00f3mo prevenir la sequedad bucal<\/h2>\t\t<\/div>\n\t\t\t\t<\/div>\n\t\t\t\t<div class=\"elementor-element elementor-element-36178c1 elementor-widget elementor-widget-text-editor\" data-id=\"36178c1\" data-element_type=\"widget\" data-widget_type=\"text-editor.default\">\n\t\t\t\t<div class=\"elementor-widget-container\">\n\t\t\t\t\t\t\t\t<div class=\"elementor-text-editor elementor-clearfix\">\n\t\t\t\t<p data-start=\"2224\" data-end=\"2546\">Las personas con sequedad bucal son m\u00e1s propensas al mal aliento. Por lo tanto, beber suficiente agua durante el d\u00eda, aumentar la producci\u00f3n de saliva masticando chicle sin az\u00facar y usar enjuague bucal si es necesario puede ser beneficioso. El mal aliento puede ser m\u00e1s notorio por la ma\u00f1ana, especialmente en quienes respiran por la boca durante la noche.  <\/p>\n\t\t\t\t\t<\/div>\n\t\t\t\t\t\t<\/div>\n\t\t\t\t<\/div>\n\t\t\t\t<div class=\"elementor-element elementor-element-75a699e elementor-widget elementor-widget-heading\" data-id=\"75a699e\" data-element_type=\"widget\" data-widget_type=\"heading.default\">\n\t\t\t\t<div class=\"elementor-widget-container\">\n\t\t\t<h2 class=\"elementor-heading-title elementor-size-default\">Conclusi\u00f3n<\/h2>\t\t<\/div>\n\t\t\t\t<\/div>\n\t\t\t\t<div class=\"elementor-element elementor-element-a7a6554 elementor-widget elementor-widget-text-editor\" data-id=\"a7a6554\" data-element_type=\"widget\" data-widget_type=\"text-editor.default\">\n\t\t\t\t<div class=\"elementor-widget-container\">\n\t\t\t\t\t\t\t\t<div class=\"elementor-text-editor elementor-clearfix\">\n\t\t\t\t<p data-start=\"2522\" data-end=\"2829\">El mal aliento es un problema que se puede controlar en gran medida con una higiene bucal adecuada y m\u00e9todos cient\u00edficos. La higiene bucal regular, una dieta saludable y las revisiones dentales son pasos fundamentales para un aliento fresco y una boca sana. Es posible lograr una gran diferencia con peque\u00f1os cambios.  <\/p>\n\t\t\t\t\t<\/div>\n\t\t\t\t\t\t<\/div>\n\t\t\t\t<\/div>\n\t\t\t\t\t\t<\/div>\n\t\t\t\t\t<\/div>\n\t\t<\/div>\n\t\t\t\t<div class=\"aux-parallax-section elementor-column elementor-col-33 elementor-top-column elementor-element elementor-element-3d0e034\" data-id=\"3d0e034\" data-element_type=\"column\">\n\t\t\t<div class=\"elementor-column-wrap elementor-element-populated\">\n\t\t\t\t\t\t\t<div class=\"elementor-widget-wrap\">\n\t\t\t\t\t\t<div class=\"elementor-element elementor-element-14e1bcf elementor-widget elementor-widget-image\" data-id=\"14e1bcf\" data-element_type=\"widget\" data-widget_type=\"image.default\">\n\t\t\t\t<div class=\"elementor-widget-container\">\n\t\t\t\t\t\t\t\t<div class=\"elementor-image\">\n\t\t\t\t\t\t\t\t\t\t\t\t<img decoding=\"async\" width=\"1080\" height=\"1350\" src=\"https:\/\/avrupaubkdental.com\/wp-content\/uploads\/2026\/04\/agiz-kokusunu-onlemenin-bilimsel-yollari-2.jpg\" class=\"attachment-full size-full wp-image-10006\" alt=\"\" \/>\t\t\t\t\t\t\t\t\t\t\t\t\t\t<\/div>\n\t\t\t\t\t\t<\/div>\n\t\t\t\t<\/div>\n\t\t\t\t\t\t<\/div>\n\t\t\t\t\t<\/div>\n\t\t<\/div>\n\t\t\t\t\t\t\t\t<\/div>\n\t\t\t\t\t<\/div>\n\t\t<\/section>\n\t\t\t\t<section class=\"elementor-section elementor-top-section elementor-element elementor-element-33d9791 elementor-section-boxed elementor-section-height-default elementor-section-height-default\" data-id=\"33d9791\" data-element_type=\"section\">\n\t\t\t\t\t\t\t<div class=\"elementor-background-overlay\"><\/div>\n\t\t\t\t\t\t\t<div class=\"elementor-container elementor-column-gap-default\">\n\t\t\t\t\t\t\t<div class=\"elementor-row\">\n\t\t\t\t\t<div class=\"aux-parallax-section elementor-column elementor-col-100 elementor-top-column elementor-element elementor-element-f41da64\" data-id=\"f41da64\" data-element_type=\"column\">\n\t\t\t<div class=\"elementor-column-wrap elementor-element-populated\">\n\t\t\t\t\t\t\t<div class=\"elementor-widget-wrap\">\n\t\t\t\t\t\t<div class=\"elementor-element elementor-element-44ec201 elementor-widget elementor-widget-spacer\" data-id=\"44ec201\" data-element_type=\"widget\" data-widget_type=\"spacer.default\">\n\t\t\t\t<div class=\"elementor-widget-container\">\n\t\t\t\t\t<div class=\"elementor-spacer\">\n\t\t\t<div class=\"elementor-spacer-inner\"><\/div>\n\t\t<\/div>\n\t\t\t\t<\/div>\n\t\t\t\t<\/div>\n\t\t\t\t<div class=\"elementor-element elementor-element-4488dcd elementor-widget elementor-widget-spacer\" data-id=\"4488dcd\" data-element_type=\"widget\" data-widget_type=\"spacer.default\">\n\t\t\t\t<div class=\"elementor-widget-container\">\n\t\t\t\t\t<div class=\"elementor-spacer\">\n\t\t\t<div class=\"elementor-spacer-inner\"><\/div>\n\t\t<\/div>\n\t\t\t\t<\/div>\n\t\t\t\t<\/div>\n\t\t\t\t\t\t<\/div>\n\t\t\t\t\t<\/div>\n\t\t<\/div>\n\t\t\t\t\t\t\t\t<\/div>\n\t\t\t\t\t<\/div>\n\t\t<\/section>\n\t\t\t\t\t\t\t\t\t<\/div>\n\t\t\t<\/div>\n\t\t\t\t\t<\/div>\n\t\t","protected":false},"excerpt":{"rendered":"<p>M\u00e9todos cient\u00edficos para prevenir el mal aliento El mal aliento, conocido m\u00e9dicamente como halitosis, es una afecci\u00f3n molesta tanto a nivel social como psicol\u00f3gico. Si bien suele tener causas temporales, en algunos casos puede ser un signo de problemas de salud subyacentes. Las investigaciones cient\u00edficas demuestran que el mal aliento se debe principalmente a la [&hellip;]<\/p>\n","protected":false},"author":1,"featured_media":10018,"comment_status":"open","ping_status":"open","sticky":false,"template":"elementor_header_footer","format":"standard","meta":{"_joinchat":[],"footnotes":""},"categories":[10],"tags":[],"class_list":["post-10031","post","type-post","status-publish","format-standard","has-post-thumbnail","hentry","category-sin-categorizar"],"yoast_head":"<!-- This site is optimized with the Yoast SEO plugin v27.4 - https:\/\/yoast.com\/product\/yoast-seo-wordpress\/ -->\n<title>M\u00e9todos cient\u00edficos para prevenir el mal aliento - Avrupa UBK Dental Bayrampa\u015fa<\/title>\n<meta name=\"robots\" content=\"index, follow, max-snippet:-1, max-image-preview:large, max-video-preview:-1\" \/>\n<link rel=\"canonical\" href=\"https:\/\/avrupaubkdental.com\/es\/metodos-cientificos-para-prevenir-el-mal-aliento\/\" \/>\n<meta property=\"og:locale\" content=\"es_ES\" \/>\n<meta property=\"og:type\" content=\"article\" \/>\n<meta property=\"og:title\" content=\"M\u00e9todos cient\u00edficos para prevenir el mal aliento - Avrupa UBK Dental Bayrampa\u015fa\" \/>\n<meta property=\"og:description\" content=\"M\u00e9todos cient\u00edficos para prevenir el mal aliento El mal aliento, conocido m\u00e9dicamente como halitosis, es una afecci\u00f3n molesta tanto a nivel social como psicol\u00f3gico. Si bien suele tener causas temporales, en algunos casos puede ser un signo de problemas de salud subyacentes. Las investigaciones cient\u00edficas demuestran que el mal aliento se debe principalmente a la [&hellip;]\" \/>\n<meta property=\"og:url\" content=\"https:\/\/avrupaubkdental.com\/es\/metodos-cientificos-para-prevenir-el-mal-aliento\/\" \/>\n<meta property=\"og:site_name\" content=\"Avrupa UBK Dental Bayrampa\u015fa\" \/>\n<meta property=\"article:published_time\" content=\"2026-04-27T10:02:08+00:00\" \/>\n<meta property=\"article:modified_time\" content=\"2026-04-27T10:02:09+00:00\" \/>\n<meta property=\"og:image\" content=\"https:\/\/avrupaubkdental.com\/wp-content\/uploads\/2026\/04\/agiz-kokusunu-onlemenin-bilimsel-yollari.jpg\" \/>\n\t<meta property=\"og:image:width\" content=\"1660\" \/>\n\t<meta property=\"og:image:height\" content=\"1080\" \/>\n\t<meta property=\"og:image:type\" content=\"image\/jpeg\" \/>\n<meta name=\"author\" content=\"burak\" \/>\n<meta name=\"twitter:card\" content=\"summary_large_image\" \/>\n<meta name=\"twitter:label1\" content=\"Escrito por\" \/>\n\t<meta name=\"twitter:data1\" content=\"burak\" \/>\n\t<meta name=\"twitter:label2\" content=\"Tiempo de lectura\" \/>\n\t<meta name=\"twitter:data2\" content=\"3 minutos\" \/>\n<script type=\"application\/ld+json\" class=\"yoast-schema-graph\">{\"@context\":\"https:\\\/\\\/schema.org\",\"@graph\":[{\"@type\":\"Article\",\"@id\":\"https:\\\/\\\/avrupaubkdental.com\\\/es\\\/metodos-cientificos-para-prevenir-el-mal-aliento\\\/#article\",\"isPartOf\":{\"@id\":\"https:\\\/\\\/avrupaubkdental.com\\\/es\\\/metodos-cientificos-para-prevenir-el-mal-aliento\\\/\"},\"author\":{\"name\":\"burak\",\"@id\":\"https:\\\/\\\/avrupaubkdental.com\\\/es\\\/#\\\/schema\\\/person\\\/76c7a1c48e922f069d538d16be02e02e\"},\"headline\":\"M\u00e9todos cient\u00edficos para prevenir el mal aliento\",\"datePublished\":\"2026-04-27T10:02:08+00:00\",\"dateModified\":\"2026-04-27T10:02:09+00:00\",\"mainEntityOfPage\":{\"@id\":\"https:\\\/\\\/avrupaubkdental.com\\\/es\\\/metodos-cientificos-para-prevenir-el-mal-aliento\\\/\"},\"wordCount\":551,\"commentCount\":0,\"publisher\":{\"@id\":\"https:\\\/\\\/avrupaubkdental.com\\\/es\\\/#organization\"},\"image\":{\"@id\":\"https:\\\/\\\/avrupaubkdental.com\\\/es\\\/metodos-cientificos-para-prevenir-el-mal-aliento\\\/#primaryimage\"},\"thumbnailUrl\":\"https:\\\/\\\/avrupaubkdental.com\\\/wp-content\\\/uploads\\\/2026\\\/04\\\/agiz-kokusunu-onlemenin-bilimsel-yollari.jpg\",\"articleSection\":[\"Sin categorizar\"],\"inLanguage\":\"es\",\"potentialAction\":[{\"@type\":\"CommentAction\",\"name\":\"Comment\",\"target\":[\"https:\\\/\\\/avrupaubkdental.com\\\/es\\\/metodos-cientificos-para-prevenir-el-mal-aliento\\\/#respond\"]}]},{\"@type\":\"WebPage\",\"@id\":\"https:\\\/\\\/avrupaubkdental.com\\\/es\\\/metodos-cientificos-para-prevenir-el-mal-aliento\\\/\",\"url\":\"https:\\\/\\\/avrupaubkdental.com\\\/es\\\/metodos-cientificos-para-prevenir-el-mal-aliento\\\/\",\"name\":\"M\u00e9todos cient\u00edficos para prevenir el mal aliento - Avrupa UBK Dental Bayrampa\u015fa\",\"isPartOf\":{\"@id\":\"https:\\\/\\\/avrupaubkdental.com\\\/es\\\/#website\"},\"primaryImageOfPage\":{\"@id\":\"https:\\\/\\\/avrupaubkdental.com\\\/es\\\/metodos-cientificos-para-prevenir-el-mal-aliento\\\/#primaryimage\"},\"image\":{\"@id\":\"https:\\\/\\\/avrupaubkdental.com\\\/es\\\/metodos-cientificos-para-prevenir-el-mal-aliento\\\/#primaryimage\"},\"thumbnailUrl\":\"https:\\\/\\\/avrupaubkdental.com\\\/wp-content\\\/uploads\\\/2026\\\/04\\\/agiz-kokusunu-onlemenin-bilimsel-yollari.jpg\",\"datePublished\":\"2026-04-27T10:02:08+00:00\",\"dateModified\":\"2026-04-27T10:02:09+00:00\",\"breadcrumb\":{\"@id\":\"https:\\\/\\\/avrupaubkdental.com\\\/es\\\/metodos-cientificos-para-prevenir-el-mal-aliento\\\/#breadcrumb\"},\"inLanguage\":\"es\",\"potentialAction\":[{\"@type\":\"ReadAction\",\"target\":[\"https:\\\/\\\/avrupaubkdental.com\\\/es\\\/metodos-cientificos-para-prevenir-el-mal-aliento\\\/\"]}]},{\"@type\":\"ImageObject\",\"inLanguage\":\"es\",\"@id\":\"https:\\\/\\\/avrupaubkdental.com\\\/es\\\/metodos-cientificos-para-prevenir-el-mal-aliento\\\/#primaryimage\",\"url\":\"https:\\\/\\\/avrupaubkdental.com\\\/wp-content\\\/uploads\\\/2026\\\/04\\\/agiz-kokusunu-onlemenin-bilimsel-yollari.jpg\",\"contentUrl\":\"https:\\\/\\\/avrupaubkdental.com\\\/wp-content\\\/uploads\\\/2026\\\/04\\\/agiz-kokusunu-onlemenin-bilimsel-yollari.jpg\",\"width\":1660,\"height\":1080},{\"@type\":\"BreadcrumbList\",\"@id\":\"https:\\\/\\\/avrupaubkdental.com\\\/es\\\/metodos-cientificos-para-prevenir-el-mal-aliento\\\/#breadcrumb\",\"itemListElement\":[{\"@type\":\"ListItem\",\"position\":1,\"name\":\"Home\",\"item\":\"https:\\\/\\\/avrupaubkdental.com\\\/es\\\/\"},{\"@type\":\"ListItem\",\"position\":2,\"name\":\"M\u00e9todos cient\u00edficos para prevenir el mal aliento\"}]},{\"@type\":\"WebSite\",\"@id\":\"https:\\\/\\\/avrupaubkdental.com\\\/es\\\/#website\",\"url\":\"https:\\\/\\\/avrupaubkdental.com\\\/es\\\/\",\"name\":\"Avrupa UBK Dental\",\"description\":\"\",\"publisher\":{\"@id\":\"https:\\\/\\\/avrupaubkdental.com\\\/es\\\/#organization\"},\"potentialAction\":[{\"@type\":\"SearchAction\",\"target\":{\"@type\":\"EntryPoint\",\"urlTemplate\":\"https:\\\/\\\/avrupaubkdental.com\\\/es\\\/?s={search_term_string}\"},\"query-input\":{\"@type\":\"PropertyValueSpecification\",\"valueRequired\":true,\"valueName\":\"search_term_string\"}}],\"inLanguage\":\"es\"},{\"@type\":\"Organization\",\"@id\":\"https:\\\/\\\/avrupaubkdental.com\\\/es\\\/#organization\",\"name\":\"Avrupa UBK Dental\",\"url\":\"https:\\\/\\\/avrupaubkdental.com\\\/es\\\/\",\"logo\":{\"@type\":\"ImageObject\",\"inLanguage\":\"es\",\"@id\":\"https:\\\/\\\/avrupaubkdental.com\\\/es\\\/#\\\/schema\\\/logo\\\/image\\\/\",\"url\":\"https:\\\/\\\/avrupaubkdental.com\\\/wp-content\\\/uploads\\\/2023\\\/09\\\/cropped-AVR.-DIK-DUZ-SATIR-PNG.png\",\"contentUrl\":\"https:\\\/\\\/avrupaubkdental.com\\\/wp-content\\\/uploads\\\/2023\\\/09\\\/cropped-AVR.-DIK-DUZ-SATIR-PNG.png\",\"width\":150,\"height\":150,\"caption\":\"Avrupa UBK Dental\"},\"image\":{\"@id\":\"https:\\\/\\\/avrupaubkdental.com\\\/es\\\/#\\\/schema\\\/logo\\\/image\\\/\"},\"sameAs\":[\"https:\\\/\\\/www.instagram.com\\\/avrupaubkdental\\\/\"]},{\"@type\":\"Person\",\"@id\":\"https:\\\/\\\/avrupaubkdental.com\\\/es\\\/#\\\/schema\\\/person\\\/76c7a1c48e922f069d538d16be02e02e\",\"name\":\"burak\",\"image\":{\"@type\":\"ImageObject\",\"inLanguage\":\"es\",\"@id\":\"https:\\\/\\\/secure.gravatar.com\\\/avatar\\\/f746707d3bcfbee87fcc797fe3676d9f7bdbc2fe5ebae5f99c9cb63cc0378230?s=96&d=mm&r=g\",\"url\":\"https:\\\/\\\/secure.gravatar.com\\\/avatar\\\/f746707d3bcfbee87fcc797fe3676d9f7bdbc2fe5ebae5f99c9cb63cc0378230?s=96&d=mm&r=g\",\"contentUrl\":\"https:\\\/\\\/secure.gravatar.com\\\/avatar\\\/f746707d3bcfbee87fcc797fe3676d9f7bdbc2fe5ebae5f99c9cb63cc0378230?s=96&d=mm&r=g\",\"caption\":\"burak\"},\"sameAs\":[\"http:\\\/\\\/avrupaubkdental.com\"],\"url\":\"https:\\\/\\\/avrupaubkdental.com\\\/es\\\/author\\\/burak\\\/\"}]}<\/script>\n<!-- \/ Yoast SEO plugin. -->","yoast_head_json":{"title":"M\u00e9todos cient\u00edficos para prevenir el mal aliento - Avrupa UBK Dental Bayrampa\u015fa","robots":{"index":"index","follow":"follow","max-snippet":"max-snippet:-1","max-image-preview":"max-image-preview:large","max-video-preview":"max-video-preview:-1"},"canonical":"https:\/\/avrupaubkdental.com\/es\/metodos-cientificos-para-prevenir-el-mal-aliento\/","og_locale":"es_ES","og_type":"article","og_title":"M\u00e9todos cient\u00edficos para prevenir el mal aliento - Avrupa UBK Dental Bayrampa\u015fa","og_description":"M\u00e9todos cient\u00edficos para prevenir el mal aliento El mal aliento, conocido m\u00e9dicamente como halitosis, es una afecci\u00f3n molesta tanto a nivel social como psicol\u00f3gico. Si bien suele tener causas temporales, en algunos casos puede ser un signo de problemas de salud subyacentes. Las investigaciones cient\u00edficas demuestran que el mal aliento se debe principalmente a la [&hellip;]","og_url":"https:\/\/avrupaubkdental.com\/es\/metodos-cientificos-para-prevenir-el-mal-aliento\/","og_site_name":"Avrupa UBK Dental Bayrampa\u015fa","article_published_time":"2026-04-27T10:02:08+00:00","article_modified_time":"2026-04-27T10:02:09+00:00","og_image":[{"width":1660,"height":1080,"url":"https:\/\/avrupaubkdental.com\/wp-content\/uploads\/2026\/04\/agiz-kokusunu-onlemenin-bilimsel-yollari.jpg","type":"image\/jpeg"}],"author":"burak","twitter_card":"summary_large_image","twitter_misc":{"Escrito por":"burak","Tiempo de lectura":"3 minutos"},"schema":{"@context":"https:\/\/schema.org","@graph":[{"@type":"Article","@id":"https:\/\/avrupaubkdental.com\/es\/metodos-cientificos-para-prevenir-el-mal-aliento\/#article","isPartOf":{"@id":"https:\/\/avrupaubkdental.com\/es\/metodos-cientificos-para-prevenir-el-mal-aliento\/"},"author":{"name":"burak","@id":"https:\/\/avrupaubkdental.com\/es\/#\/schema\/person\/76c7a1c48e922f069d538d16be02e02e"},"headline":"M\u00e9todos cient\u00edficos para prevenir el mal aliento","datePublished":"2026-04-27T10:02:08+00:00","dateModified":"2026-04-27T10:02:09+00:00","mainEntityOfPage":{"@id":"https:\/\/avrupaubkdental.com\/es\/metodos-cientificos-para-prevenir-el-mal-aliento\/"},"wordCount":551,"commentCount":0,"publisher":{"@id":"https:\/\/avrupaubkdental.com\/es\/#organization"},"image":{"@id":"https:\/\/avrupaubkdental.com\/es\/metodos-cientificos-para-prevenir-el-mal-aliento\/#primaryimage"},"thumbnailUrl":"https:\/\/avrupaubkdental.com\/wp-content\/uploads\/2026\/04\/agiz-kokusunu-onlemenin-bilimsel-yollari.jpg","articleSection":["Sin categorizar"],"inLanguage":"es","potentialAction":[{"@type":"CommentAction","name":"Comment","target":["https:\/\/avrupaubkdental.com\/es\/metodos-cientificos-para-prevenir-el-mal-aliento\/#respond"]}]},{"@type":"WebPage","@id":"https:\/\/avrupaubkdental.com\/es\/metodos-cientificos-para-prevenir-el-mal-aliento\/","url":"https:\/\/avrupaubkdental.com\/es\/metodos-cientificos-para-prevenir-el-mal-aliento\/","name":"M\u00e9todos cient\u00edficos para prevenir el mal aliento - Avrupa UBK Dental Bayrampa\u015fa","isPartOf":{"@id":"https:\/\/avrupaubkdental.com\/es\/#website"},"primaryImageOfPage":{"@id":"https:\/\/avrupaubkdental.com\/es\/metodos-cientificos-para-prevenir-el-mal-aliento\/#primaryimage"},"image":{"@id":"https:\/\/avrupaubkdental.com\/es\/metodos-cientificos-para-prevenir-el-mal-aliento\/#primaryimage"},"thumbnailUrl":"https:\/\/avrupaubkdental.com\/wp-content\/uploads\/2026\/04\/agiz-kokusunu-onlemenin-bilimsel-yollari.jpg","datePublished":"2026-04-27T10:02:08+00:00","dateModified":"2026-04-27T10:02:09+00:00","breadcrumb":{"@id":"https:\/\/avrupaubkdental.com\/es\/metodos-cientificos-para-prevenir-el-mal-aliento\/#breadcrumb"},"inLanguage":"es","potentialAction":[{"@type":"ReadAction","target":["https:\/\/avrupaubkdental.com\/es\/metodos-cientificos-para-prevenir-el-mal-aliento\/"]}]},{"@type":"ImageObject","inLanguage":"es","@id":"https:\/\/avrupaubkdental.com\/es\/metodos-cientificos-para-prevenir-el-mal-aliento\/#primaryimage","url":"https:\/\/avrupaubkdental.com\/wp-content\/uploads\/2026\/04\/agiz-kokusunu-onlemenin-bilimsel-yollari.jpg","contentUrl":"https:\/\/avrupaubkdental.com\/wp-content\/uploads\/2026\/04\/agiz-kokusunu-onlemenin-bilimsel-yollari.jpg","width":1660,"height":1080},{"@type":"BreadcrumbList","@id":"https:\/\/avrupaubkdental.com\/es\/metodos-cientificos-para-prevenir-el-mal-aliento\/#breadcrumb","itemListElement":[{"@type":"ListItem","position":1,"name":"Home","item":"https:\/\/avrupaubkdental.com\/es\/"},{"@type":"ListItem","position":2,"name":"M\u00e9todos cient\u00edficos para prevenir el mal aliento"}]},{"@type":"WebSite","@id":"https:\/\/avrupaubkdental.com\/es\/#website","url":"https:\/\/avrupaubkdental.com\/es\/","name":"Avrupa UBK Dental","description":"","publisher":{"@id":"https:\/\/avrupaubkdental.com\/es\/#organization"},"potentialAction":[{"@type":"SearchAction","target":{"@type":"EntryPoint","urlTemplate":"https:\/\/avrupaubkdental.com\/es\/?s={search_term_string}"},"query-input":{"@type":"PropertyValueSpecification","valueRequired":true,"valueName":"search_term_string"}}],"inLanguage":"es"},{"@type":"Organization","@id":"https:\/\/avrupaubkdental.com\/es\/#organization","name":"Avrupa UBK Dental","url":"https:\/\/avrupaubkdental.com\/es\/","logo":{"@type":"ImageObject","inLanguage":"es","@id":"https:\/\/avrupaubkdental.com\/es\/#\/schema\/logo\/image\/","url":"https:\/\/avrupaubkdental.com\/wp-content\/uploads\/2023\/09\/cropped-AVR.-DIK-DUZ-SATIR-PNG.png","contentUrl":"https:\/\/avrupaubkdental.com\/wp-content\/uploads\/2023\/09\/cropped-AVR.-DIK-DUZ-SATIR-PNG.png","width":150,"height":150,"caption":"Avrupa UBK Dental"},"image":{"@id":"https:\/\/avrupaubkdental.com\/es\/#\/schema\/logo\/image\/"},"sameAs":["https:\/\/www.instagram.com\/avrupaubkdental\/"]},{"@type":"Person","@id":"https:\/\/avrupaubkdental.com\/es\/#\/schema\/person\/76c7a1c48e922f069d538d16be02e02e","name":"burak","image":{"@type":"ImageObject","inLanguage":"es","@id":"https:\/\/secure.gravatar.com\/avatar\/f746707d3bcfbee87fcc797fe3676d9f7bdbc2fe5ebae5f99c9cb63cc0378230?s=96&d=mm&r=g","url":"https:\/\/secure.gravatar.com\/avatar\/f746707d3bcfbee87fcc797fe3676d9f7bdbc2fe5ebae5f99c9cb63cc0378230?s=96&d=mm&r=g","contentUrl":"https:\/\/secure.gravatar.com\/avatar\/f746707d3bcfbee87fcc797fe3676d9f7bdbc2fe5ebae5f99c9cb63cc0378230?s=96&d=mm&r=g","caption":"burak"},"sameAs":["http:\/\/avrupaubkdental.com"],"url":"https:\/\/avrupaubkdental.com\/es\/author\/burak\/"}]}},"_links":{"self":[{"href":"https:\/\/avrupaubkdental.com\/es\/wp-json\/wp\/v2\/posts\/10031","targetHints":{"allow":["GET"]}}],"collection":[{"href":"https:\/\/avrupaubkdental.com\/es\/wp-json\/wp\/v2\/posts"}],"about":[{"href":"https:\/\/avrupaubkdental.com\/es\/wp-json\/wp\/v2\/types\/post"}],"author":[{"embeddable":true,"href":"https:\/\/avrupaubkdental.com\/es\/wp-json\/wp\/v2\/users\/1"}],"replies":[{"embeddable":true,"href":"https:\/\/avrupaubkdental.com\/es\/wp-json\/wp\/v2\/comments?post=10031"}],"version-history":[{"count":1,"href":"https:\/\/avrupaubkdental.com\/es\/wp-json\/wp\/v2\/posts\/10031\/revisions"}],"predecessor-version":[{"id":10032,"href":"https:\/\/avrupaubkdental.com\/es\/wp-json\/wp\/v2\/posts\/10031\/revisions\/10032"}],"wp:featuredmedia":[{"embeddable":true,"href":"https:\/\/avrupaubkdental.com\/es\/wp-json\/wp\/v2\/media\/10018"}],"wp:attachment":[{"href":"https:\/\/avrupaubkdental.com\/es\/wp-json\/wp\/v2\/media?parent=10031"}],"wp:term":[{"taxonomy":"category","embeddable":true,"href":"https:\/\/avrupaubkdental.com\/es\/wp-json\/wp\/v2\/categories?post=10031"},{"taxonomy":"post_tag","embeddable":true,"href":"https:\/\/avrupaubkdental.com\/es\/wp-json\/wp\/v2\/tags?post=10031"}],"curies":[{"name":"wp","href":"https:\/\/api.w.org\/{rel}","templated":true}]}}