{"id":10739,"date":"2026-08-31T15:14:47","date_gmt":"2026-08-31T12:14:47","guid":{"rendered":"https:\/\/avrupaubkdental.com\/que-causa-que-los-dientes-se-pongan-amarillos-a-que-debemos-prestar-atencion-para-proteger-el-color-de-nuestros-dientes\/"},"modified":"2026-08-31T15:14:48","modified_gmt":"2026-08-31T12:14:48","slug":"que-causa-que-los-dientes-se-pongan-amarillos-a-que-debemos-prestar-atencion-para-proteger-el-color-de-nuestros-dientes","status":"publish","type":"post","link":"https:\/\/avrupaubkdental.com\/es\/que-causa-que-los-dientes-se-pongan-amarillos-a-que-debemos-prestar-atencion-para-proteger-el-color-de-nuestros-dientes\/","title":{"rendered":"\u00bfQu\u00e9 causa que los dientes se pongan amarillos? \u00bfA qu\u00e9 debemos prestar atenci\u00f3n para proteger el color de nuestros dientes?"},"content":{"rendered":"\t\t<div data-elementor-type=\"wp-post\" data-elementor-id=\"10739\" class=\"elementor elementor-10739 elementor-10701\">\n\t\t\t\t\t\t<div class=\"elementor-inner\">\n\t\t\t\t<div class=\"elementor-section-wrap\">\n\t\t\t\t\t\t\t\t\t<section class=\"elementor-section elementor-top-section elementor-element elementor-element-39e762a elementor-section-boxed elementor-section-height-default elementor-section-height-default\" data-id=\"39e762a\" data-element_type=\"section\">\n\t\t\t\t\t\t\t<div class=\"elementor-background-overlay\"><\/div>\n\t\t\t\t\t\t\t<div class=\"elementor-container elementor-column-gap-default\">\n\t\t\t\t\t\t\t<div class=\"elementor-row\">\n\t\t\t\t\t<div class=\"aux-parallax-section elementor-column elementor-col-100 elementor-top-column elementor-element elementor-element-64c7dc4\" data-id=\"64c7dc4\" data-element_type=\"column\" data-settings=\"{&quot;background_background&quot;:&quot;classic&quot;}\">\n\t\t\t<div class=\"elementor-column-wrap elementor-element-populated\">\n\t\t\t\t\t<div class=\"elementor-background-overlay\"><\/div>\n\t\t\t\t\t\t\t<div class=\"elementor-widget-wrap\">\n\t\t\t\t\t\t<div class=\"elementor-element elementor-element-5c52044 elementor-widget elementor-widget-heading\" data-id=\"5c52044\" data-element_type=\"widget\" data-widget_type=\"heading.default\">\n\t\t\t\t<div class=\"elementor-widget-container\">\n\t\t\t<h1 class=\"elementor-heading-title elementor-size-default\">\u00bfQu\u00e9 causa que los dientes se pongan amarillos? \u00bfA qu\u00e9 debemos prestar atenci\u00f3n para proteger el color de nuestros dientes?<\/h1>\t\t<\/div>\n\t\t\t\t<\/div>\n\t\t\t\t\t\t<\/div>\n\t\t\t\t\t<\/div>\n\t\t<\/div>\n\t\t\t\t\t\t\t\t<\/div>\n\t\t\t\t\t<\/div>\n\t\t<\/section>\n\t\t\t\t<section class=\"elementor-section elementor-top-section elementor-element elementor-element-d8125aa elementor-section-boxed elementor-section-height-default elementor-section-height-default\" data-id=\"d8125aa\" data-element_type=\"section\">\n\t\t\t\t\t\t<div class=\"elementor-container elementor-column-gap-default\">\n\t\t\t\t\t\t\t<div class=\"elementor-row\">\n\t\t\t\t\t<div class=\"aux-parallax-section elementor-column elementor-col-50 elementor-top-column elementor-element elementor-element-3383e47\" data-id=\"3383e47\" data-element_type=\"column\">\n\t\t\t<div class=\"elementor-column-wrap elementor-element-populated\">\n\t\t\t\t\t\t\t<div class=\"elementor-widget-wrap\">\n\t\t\t\t\t\t<div class=\"elementor-element elementor-element-4b88edd elementor-widget elementor-widget-text-editor\" data-id=\"4b88edd\" data-element_type=\"widget\" data-widget_type=\"text-editor.default\">\n\t\t\t\t<div class=\"elementor-widget-container\">\n\t\t\t\t\t\t\t\t<div class=\"elementor-text-editor elementor-clearfix\">\n\t\t\t\t<p class=\"p1\">El color de los dientes juega un papel importante para una sonrisa sana y est\u00e9ticamente agradable. Sin embargo, es bastante com\u00fan que los dientes pierdan su blancura original y comiencen a verse m\u00e1s amarillentos con el tiempo.<\/p>\n\t\t\t\t\t<\/div>\n\t\t\t\t\t\t<\/div>\n\t\t\t\t<\/div>\n\t\t\t\t\t\t<\/div>\n\t\t\t\t\t<\/div>\n\t\t<\/div>\n\t\t\t\t<div class=\"aux-parallax-section elementor-column elementor-col-50 elementor-top-column elementor-element elementor-element-837243a\" data-id=\"837243a\" data-element_type=\"column\">\n\t\t\t<div class=\"elementor-column-wrap elementor-element-populated\">\n\t\t\t\t\t\t\t<div class=\"elementor-widget-wrap\">\n\t\t\t\t\t\t<div class=\"elementor-element elementor-element-cfb0b4b elementor-widget elementor-widget-text-editor\" data-id=\"cfb0b4b\" data-element_type=\"widget\" data-widget_type=\"text-editor.default\">\n\t\t\t\t<div class=\"elementor-widget-container\">\n\t\t\t\t\t\t\t\t<div class=\"elementor-text-editor elementor-clearfix\">\n\t\t\t\t<p class=\"p1\">Muchos factores, desde los h\u00e1bitos alimenticios hasta la higiene bucal, pueden provocar cambios en el color de los dientes. En este art\u00edculo, UBK Dental de Europa analiza las causas del amarillamiento dental, los h\u00e1bitos que influyen en el color de los dientes y los aspectos a tener en cuenta para mantener una apariencia m\u00e1s saludable.<\/p>\n\t\t\t\t\t<\/div>\n\t\t\t\t\t\t<\/div>\n\t\t\t\t<\/div>\n\t\t\t\t\t\t<\/div>\n\t\t\t\t\t<\/div>\n\t\t<\/div>\n\t\t\t\t\t\t\t\t<\/div>\n\t\t\t\t\t<\/div>\n\t\t<\/section>\n\t\t\t\t<section class=\"elementor-section elementor-top-section elementor-element elementor-element-643b4ef elementor-section-boxed elementor-section-height-default elementor-section-height-default\" data-id=\"643b4ef\" data-element_type=\"section\" data-settings=\"{&quot;background_background&quot;:&quot;classic&quot;}\">\n\t\t\t\t\t\t<div class=\"elementor-container elementor-column-gap-default\">\n\t\t\t\t\t\t\t<div class=\"elementor-row\">\n\t\t\t\t\t<div class=\"aux-parallax-section elementor-column elementor-col-66 elementor-top-column elementor-element elementor-element-5ec8e10\" data-id=\"5ec8e10\" data-element_type=\"column\" data-settings=\"{&quot;background_background&quot;:&quot;classic&quot;}\">\n\t\t\t<div class=\"elementor-column-wrap elementor-element-populated\">\n\t\t\t\t\t\t\t<div class=\"elementor-widget-wrap\">\n\t\t\t\t\t\t<div class=\"elementor-element elementor-element-d9ee89e elementor-widget elementor-widget-heading\" data-id=\"d9ee89e\" data-element_type=\"widget\" data-widget_type=\"heading.default\">\n\t\t\t\t<div class=\"elementor-widget-container\">\n\t\t\t<h2 class=\"elementor-heading-title elementor-size-default\">\u00bfPor qu\u00e9 se ponen amarillos los dientes?<\/h2>\t\t<\/div>\n\t\t\t\t<\/div>\n\t\t\t\t<div class=\"elementor-element elementor-element-245e2d8 elementor-widget elementor-widget-text-editor\" data-id=\"245e2d8\" data-element_type=\"widget\" data-widget_type=\"text-editor.default\">\n\t\t\t\t<div class=\"elementor-widget-container\">\n\t\t\t\t\t\t\t\t<div class=\"elementor-text-editor elementor-clearfix\">\n\t\t\t\t<p class=\"p1\">El color de los dientes puede variar de una persona a otra. Sin embargo, las manchas y los cambios en la estructura dental que ocurren con el tiempo pueden causar una apariencia amarillenta. El consumo frecuente de bebidas de color, como el t\u00e9 y el caf\u00e9, puede contribuir a manchar la superficie dental. Los productos de tabaco tambi\u00e9n se encuentran entre los factores importantes que afectan negativamente el color de los dientes. Con la edad, los cambios naturales en el esmalte dental tambi\u00e9n pueden hacer que la capa subyacente de dentina, m\u00e1s amarillenta, se vuelva m\u00e1s visible.<\/p>\n\t\t\t\t\t<\/div>\n\t\t\t\t\t\t<\/div>\n\t\t\t\t<\/div>\n\t\t\t\t<div class=\"elementor-element elementor-element-71b2a47 elementor-widget elementor-widget-heading\" data-id=\"71b2a47\" data-element_type=\"widget\" data-widget_type=\"heading.default\">\n\t\t\t\t<div class=\"elementor-widget-container\">\n\t\t\t<h2 class=\"elementor-heading-title elementor-size-default\">\u00bfInfluyen los h\u00e1bitos alimenticios en el color de los dientes?<\/h2>\t\t<\/div>\n\t\t\t\t<\/div>\n\t\t\t\t<div class=\"elementor-element elementor-element-ee51d4d elementor-widget elementor-widget-text-editor\" data-id=\"ee51d4d\" data-element_type=\"widget\" data-widget_type=\"text-editor.default\">\n\t\t\t\t<div class=\"elementor-widget-container\">\n\t\t\t\t\t\t\t\t<div class=\"elementor-text-editor elementor-clearfix\">\n\t\t\t\t<p class=\"p1\">Algunos alimentos y bebidas que consumimos a lo largo del d\u00eda pueden contribuir a la decoloraci\u00f3n dental. El consumo frecuente de caf\u00e9, t\u00e9 y ciertos alimentos oscuros puede causar manchas superficiales con el tiempo. Enjuagarse la boca con agua despu\u00e9s de consumir estos productos y mantener una higiene bucal regular puede ayudar a controlar la decoloraci\u00f3n superficial.<\/p>\n\t\t\t\t\t<\/div>\n\t\t\t\t\t\t<\/div>\n\t\t\t\t<\/div>\n\t\t\t\t\t\t<\/div>\n\t\t\t\t\t<\/div>\n\t\t<\/div>\n\t\t\t\t<div class=\"aux-parallax-section elementor-column elementor-col-33 elementor-top-column elementor-element elementor-element-21709a2\" data-id=\"21709a2\" data-element_type=\"column\">\n\t\t\t<div class=\"elementor-column-wrap elementor-element-populated\">\n\t\t\t\t\t\t\t<div class=\"elementor-widget-wrap\">\n\t\t\t\t\t\t<div class=\"elementor-element elementor-element-8397b3d elementor-widget elementor-widget-image\" data-id=\"8397b3d\" data-element_type=\"widget\" data-widget_type=\"image.default\">\n\t\t\t\t<div class=\"elementor-widget-container\">\n\t\t\t\t\t\t\t\t<div class=\"elementor-image\">\n\t\t\t\t\t\t\t\t\t\t\t\t<img loading=\"lazy\" decoding=\"async\" width=\"1080\" height=\"1350\" src=\"https:\/\/avrupaubkdental.com\/wp-content\/uploads\/2026\/08\/dis-eti-kanamasi-neden-olur-ne-zaman-dis-ekimine1.jpg\" class=\"attachment-full size-full wp-image-10673\" alt=\"\" \/>\t\t\t\t\t\t\t\t\t\t\t\t\t\t<\/div>\n\t\t\t\t\t\t<\/div>\n\t\t\t\t<\/div>\n\t\t\t\t\t\t<\/div>\n\t\t\t\t\t<\/div>\n\t\t<\/div>\n\t\t\t\t\t\t\t\t<\/div>\n\t\t\t\t\t<\/div>\n\t\t<\/section>\n\t\t\t\t<section class=\"elementor-section elementor-top-section elementor-element elementor-element-44f28db elementor-section-boxed elementor-section-height-default elementor-section-height-default\" data-id=\"44f28db\" data-element_type=\"section\" data-settings=\"{&quot;background_background&quot;:&quot;classic&quot;}\">\n\t\t\t\t\t\t<div class=\"elementor-container elementor-column-gap-default\">\n\t\t\t\t\t\t\t<div class=\"elementor-row\">\n\t\t\t\t\t<div class=\"aux-parallax-section elementor-column elementor-col-33 elementor-top-column elementor-element elementor-element-dc2b9e4\" data-id=\"dc2b9e4\" data-element_type=\"column\">\n\t\t\t<div class=\"elementor-column-wrap elementor-element-populated\">\n\t\t\t\t\t\t\t<div class=\"elementor-widget-wrap\">\n\t\t\t\t\t\t<div class=\"elementor-element elementor-element-7e3f69c elementor-widget elementor-widget-image\" data-id=\"7e3f69c\" data-element_type=\"widget\" data-widget_type=\"image.default\">\n\t\t\t\t<div class=\"elementor-widget-container\">\n\t\t\t\t\t\t\t\t<div class=\"elementor-image\">\n\t\t\t\t\t\t\t\t\t\t\t\t<img loading=\"lazy\" decoding=\"async\" width=\"1080\" height=\"1350\" src=\"https:\/\/avrupaubkdental.com\/wp-content\/uploads\/2026\/08\/dis-eti-kanamasi-neden-olur-ne-zaman-dis-ekimine2.jpg\" class=\"attachment-full size-full wp-image-10679\" alt=\"\" \/>\t\t\t\t\t\t\t\t\t\t\t\t\t\t<\/div>\n\t\t\t\t\t\t<\/div>\n\t\t\t\t<\/div>\n\t\t\t\t\t\t<\/div>\n\t\t\t\t\t<\/div>\n\t\t<\/div>\n\t\t\t\t<div class=\"aux-parallax-section elementor-column elementor-col-66 elementor-top-column elementor-element elementor-element-b683173\" data-id=\"b683173\" data-element_type=\"column\">\n\t\t\t<div class=\"elementor-column-wrap elementor-element-populated\">\n\t\t\t\t\t\t\t<div class=\"elementor-widget-wrap\">\n\t\t\t\t\t\t<div class=\"elementor-element elementor-element-31806d5 elementor-widget elementor-widget-heading\" data-id=\"31806d5\" data-element_type=\"widget\" data-widget_type=\"heading.default\">\n\t\t\t\t<div class=\"elementor-widget-container\">\n\t\t\t<h2 class=\"elementor-heading-title elementor-size-default\">La importancia del cuidado bucal<\/h2>\t\t<\/div>\n\t\t\t\t<\/div>\n\t\t\t\t<div class=\"elementor-element elementor-element-6c4de11 elementor-widget elementor-widget-text-editor\" data-id=\"6c4de11\" data-element_type=\"widget\" data-widget_type=\"text-editor.default\">\n\t\t\t\t<div class=\"elementor-widget-container\">\n\t\t\t\t\t\t\t\t<div class=\"elementor-text-editor elementor-clearfix\">\n\t\t\t\t<p class=\"p1\">No cepillarse los dientes con regularidad puede provocar la acumulaci\u00f3n de placa bacteriana en la superficie dental. Esto puede afectar no solo la salud bucal y dental, sino tambi\u00e9n la apariencia de los dientes. Cepillarse los dientes al menos dos veces al d\u00eda con la t\u00e9cnica adecuada y limpiar regularmente entre ellos ayuda a mantener una buena higiene bucal. Sin embargo, cepillarse con demasiada fuerza para blanquear los dientes no es correcto. Un cepillado fuerte y descontrolado puede da\u00f1ar el esmalte dental y las enc\u00edas.<\/p>\n\t\t\t\t\t<\/div>\n\t\t\t\t\t\t<\/div>\n\t\t\t\t<\/div>\n\t\t\t\t<div class=\"elementor-element elementor-element-dd66dd7 elementor-widget elementor-widget-heading\" data-id=\"dd66dd7\" data-element_type=\"widget\" data-widget_type=\"heading.default\">\n\t\t\t\t<div class=\"elementor-widget-container\">\n\t\t\t<h2 class=\"elementor-heading-title elementor-size-default\">Sarro y manchas superficiales<\/h2>\t\t<\/div>\n\t\t\t\t<\/div>\n\t\t\t\t<div class=\"elementor-element elementor-element-6c3bac8 elementor-widget elementor-widget-text-editor\" data-id=\"6c3bac8\" data-element_type=\"widget\" data-widget_type=\"text-editor.default\">\n\t\t\t\t<div class=\"elementor-widget-container\">\n\t\t\t\t\t\t\t\t<div class=\"elementor-text-editor elementor-clearfix\">\n\t\t\t\t<p class=\"p1\">La placa que se acumula en la superficie de los dientes puede endurecerse con el tiempo y convertirse en sarro. La formaci\u00f3n de sarro puede oscurecer los dientes o provocar manchas. La eliminaci\u00f3n profesional del sarro y el pulido dental pueden ayudar a eliminar algunas manchas superficiales en pacientes adecuados. Sin embargo, pueden ser necesarios tratamientos diferentes para corregir cambios en el color natural del diente.<\/p>\n\t\t\t\t\t<\/div>\n\t\t\t\t\t\t<\/div>\n\t\t\t\t<\/div>\n\t\t\t\t\t\t<\/div>\n\t\t\t\t\t<\/div>\n\t\t<\/div>\n\t\t\t\t\t\t\t\t<\/div>\n\t\t\t\t\t<\/div>\n\t\t<\/section>\n\t\t\t\t<section class=\"elementor-section elementor-top-section elementor-element elementor-element-b04339a elementor-section-boxed elementor-section-height-default elementor-section-height-default\" data-id=\"b04339a\" data-element_type=\"section\" data-settings=\"{&quot;background_background&quot;:&quot;classic&quot;}\">\n\t\t\t\t\t\t<div class=\"elementor-container elementor-column-gap-default\">\n\t\t\t\t\t\t\t<div class=\"elementor-row\">\n\t\t\t\t\t<div class=\"aux-parallax-section elementor-column elementor-col-66 elementor-top-column elementor-element elementor-element-01e8ac0\" data-id=\"01e8ac0\" data-element_type=\"column\" data-settings=\"{&quot;background_background&quot;:&quot;classic&quot;}\">\n\t\t\t<div class=\"elementor-column-wrap elementor-element-populated\">\n\t\t\t\t\t\t\t<div class=\"elementor-widget-wrap\">\n\t\t\t\t\t\t<div class=\"elementor-element elementor-element-d9ecbed elementor-widget elementor-widget-heading\" data-id=\"d9ecbed\" data-element_type=\"widget\" data-widget_type=\"heading.default\">\n\t\t\t\t<div class=\"elementor-widget-container\">\n\t\t\t<h2 class=\"elementor-heading-title elementor-size-default\">\u00bfQu\u00e9 es el blanqueamiento dental profesional?<\/h2>\t\t<\/div>\n\t\t\t\t<\/div>\n\t\t\t\t<div class=\"elementor-element elementor-element-16d09d9 elementor-widget elementor-widget-text-editor\" data-id=\"16d09d9\" data-element_type=\"widget\" data-widget_type=\"text-editor.default\">\n\t\t\t\t<div class=\"elementor-widget-container\">\n\t\t\t\t\t\t\t\t<div class=\"elementor-text-editor elementor-clearfix\">\n\t\t\t\t<p class=\"p1\">Las personas insatisfechas con el color de sus dientes pueden considerar opciones de blanqueamiento dental profesional tras una evaluaci\u00f3n por parte de un dentista. La idoneidad del procedimiento depende de la salud dental y gingival de cada persona, las restauraciones existentes y la causa de la decoloraci\u00f3n. Por lo tanto, es importante que el dentista determine el m\u00e9todo apropiado. Los resultados y el plan de tratamiento pueden variar para cada paciente.<\/p>\n\t\t\t\t\t<\/div>\n\t\t\t\t\t\t<\/div>\n\t\t\t\t<\/div>\n\t\t\t\t<div class=\"elementor-element elementor-element-91b5a18 elementor-widget elementor-widget-heading\" data-id=\"91b5a18\" data-element_type=\"widget\" data-widget_type=\"heading.default\">\n\t\t\t\t<div class=\"elementor-widget-container\">\n\t\t\t<h2 class=\"elementor-heading-title elementor-size-default\">\u00bfQu\u00e9 se puede hacer para mantener la blancura de los dientes?<\/h2>\t\t<\/div>\n\t\t\t\t<\/div>\n\t\t\t\t<div class=\"elementor-element elementor-element-02ee664 elementor-widget elementor-widget-text-editor\" data-id=\"02ee664\" data-element_type=\"widget\" data-widget_type=\"text-editor.default\">\n\t\t\t\t<div class=\"elementor-widget-container\">\n\t\t\t\t\t\t\t\t<div class=\"elementor-text-editor elementor-clearfix\">\n\t\t\t\t<p class=\"p1\">El cuidado bucal regular es fundamental para mantener el color de los dientes y la salud bucal en general. Es importante controlar el consumo de bebidas que pueden contribuir a la decoloraci\u00f3n, como el t\u00e9 y el caf\u00e9, evitar el tabaco y realizarse revisiones dentales peri\u00f3dicas. Deben evitarse los m\u00e9todos de blanqueamiento no controlados que utilizan bicarbonato de sodio, lim\u00f3n o productos similares que se encuentran en internet. Las sustancias abrasivas o \u00e1cidas pueden da\u00f1ar el esmalte dental.<\/p>\n\t\t\t\t\t<\/div>\n\t\t\t\t\t\t<\/div>\n\t\t\t\t<\/div>\n\t\t\t\t\t\t<\/div>\n\t\t\t\t\t<\/div>\n\t\t<\/div>\n\t\t\t\t<div class=\"aux-parallax-section elementor-column elementor-col-33 elementor-top-column elementor-element elementor-element-20f72f2\" data-id=\"20f72f2\" data-element_type=\"column\">\n\t\t\t<div class=\"elementor-column-wrap elementor-element-populated\">\n\t\t\t\t\t\t\t<div class=\"elementor-widget-wrap\">\n\t\t\t\t\t\t<div class=\"elementor-element elementor-element-b025211 elementor-widget elementor-widget-image\" data-id=\"b025211\" data-element_type=\"widget\" data-widget_type=\"image.default\">\n\t\t\t\t<div class=\"elementor-widget-container\">\n\t\t\t\t\t\t\t\t<div class=\"elementor-image\">\n\t\t\t\t\t\t\t\t\t\t\t\t<img loading=\"lazy\" decoding=\"async\" width=\"1080\" height=\"1350\" src=\"https:\/\/avrupaubkdental.com\/wp-content\/uploads\/2026\/08\/dis-eti-kanamasi-neden-olur-ne-zaman-dis-ekimine3.jpg\" class=\"attachment-full size-full wp-image-10685\" alt=\"\" \/>\t\t\t\t\t\t\t\t\t\t\t\t\t\t<\/div>\n\t\t\t\t\t\t<\/div>\n\t\t\t\t<\/div>\n\t\t\t\t\t\t<\/div>\n\t\t\t\t\t<\/div>\n\t\t<\/div>\n\t\t\t\t\t\t\t\t<\/div>\n\t\t\t\t\t<\/div>\n\t\t<\/section>\n\t\t\t\t<section class=\"elementor-section elementor-top-section elementor-element elementor-element-33d9791 elementor-section-boxed elementor-section-height-default elementor-section-height-default\" data-id=\"33d9791\" data-element_type=\"section\">\n\t\t\t\t\t\t\t<div class=\"elementor-background-overlay\"><\/div>\n\t\t\t\t\t\t\t<div class=\"elementor-container elementor-column-gap-default\">\n\t\t\t\t\t\t\t<div class=\"elementor-row\">\n\t\t\t\t\t<div class=\"aux-parallax-section elementor-column elementor-col-100 elementor-top-column elementor-element elementor-element-f41da64\" data-id=\"f41da64\" data-element_type=\"column\">\n\t\t\t<div class=\"elementor-column-wrap elementor-element-populated\">\n\t\t\t\t\t\t\t<div class=\"elementor-widget-wrap\">\n\t\t\t\t\t\t<div class=\"elementor-element elementor-element-44ec201 elementor-widget elementor-widget-spacer\" data-id=\"44ec201\" data-element_type=\"widget\" data-widget_type=\"spacer.default\">\n\t\t\t\t<div class=\"elementor-widget-container\">\n\t\t\t\t\t<div class=\"elementor-spacer\">\n\t\t\t<div class=\"elementor-spacer-inner\"><\/div>\n\t\t<\/div>\n\t\t\t\t<\/div>\n\t\t\t\t<\/div>\n\t\t\t\t<div class=\"elementor-element elementor-element-4488dcd elementor-widget elementor-widget-spacer\" data-id=\"4488dcd\" data-element_type=\"widget\" data-widget_type=\"spacer.default\">\n\t\t\t\t<div class=\"elementor-widget-container\">\n\t\t\t\t\t<div class=\"elementor-spacer\">\n\t\t\t<div class=\"elementor-spacer-inner\"><\/div>\n\t\t<\/div>\n\t\t\t\t<\/div>\n\t\t\t\t<\/div>\n\t\t\t\t\t\t<\/div>\n\t\t\t\t\t<\/div>\n\t\t<\/div>\n\t\t\t\t\t\t\t\t<\/div>\n\t\t\t\t\t<\/div>\n\t\t<\/section>\n\t\t\t\t\t\t\t\t\t<\/div>\n\t\t\t<\/div>\n\t\t\t\t\t<\/div>\n\t\t","protected":false},"excerpt":{"rendered":"<p>\u00bfQu\u00e9 causa que los dientes se pongan amarillos? \u00bfA qu\u00e9 debemos prestar atenci\u00f3n para proteger el color de nuestros dientes? El color de los dientes juega un papel importante para una sonrisa sana y est\u00e9ticamente agradable. Sin embargo, es bastante com\u00fan que los dientes pierdan su blancura original y comiencen a verse m\u00e1s amarillentos con [&hellip;]<\/p>\n","protected":false},"author":1,"featured_media":10725,"comment_status":"open","ping_status":"open","sticky":false,"template":"elementor_header_footer","format":"standard","meta":{"_joinchat":[],"footnotes":""},"categories":[10],"tags":[],"class_list":["post-10739","post","type-post","status-publish","format-standard","has-post-thumbnail","hentry","category-sin-categorizar"],"yoast_head":"<!-- This site is optimized with the Yoast SEO plugin v28.2 - https:\/\/yoast.com\/product\/yoast-seo-wordpress\/ -->\n<title>\u00bfQu\u00e9 causa que los dientes se pongan amarillos? \u00bfA qu\u00e9 debemos prestar atenci\u00f3n para proteger el color de nuestros dientes? - Avrupa UBK Dental Bayrampa\u015fa<\/title>\n<meta name=\"robots\" content=\"index, follow, max-snippet:-1, max-image-preview:large, max-video-preview:-1\" \/>\n<link rel=\"canonical\" href=\"https:\/\/avrupaubkdental.com\/es\/que-causa-que-los-dientes-se-pongan-amarillos-a-que-debemos-prestar-atencion-para-proteger-el-color-de-nuestros-dientes\/\" \/>\n<meta property=\"og:locale\" content=\"es_ES\" \/>\n<meta property=\"og:type\" content=\"article\" \/>\n<meta property=\"og:title\" content=\"\u00bfQu\u00e9 causa que los dientes se pongan amarillos? \u00bfA qu\u00e9 debemos prestar atenci\u00f3n para proteger el color de nuestros dientes? - Avrupa UBK Dental Bayrampa\u015fa\" \/>\n<meta property=\"og:description\" content=\"\u00bfQu\u00e9 causa que los dientes se pongan amarillos? \u00bfA qu\u00e9 debemos prestar atenci\u00f3n para proteger el color de nuestros dientes? El color de los dientes juega un papel importante para una sonrisa sana y est\u00e9ticamente agradable. Sin embargo, es bastante com\u00fan que los dientes pierdan su blancura original y comiencen a verse m\u00e1s amarillentos con [&hellip;]\" \/>\n<meta property=\"og:url\" content=\"https:\/\/avrupaubkdental.com\/es\/que-causa-que-los-dientes-se-pongan-amarillos-a-que-debemos-prestar-atencion-para-proteger-el-color-de-nuestros-dientes\/\" \/>\n<meta property=\"og:site_name\" content=\"Avrupa UBK Dental Bayrampa\u015fa\" \/>\n<meta property=\"article:published_time\" content=\"2026-08-31T12:14:47+00:00\" \/>\n<meta property=\"article:modified_time\" content=\"2026-08-31T12:14:48+00:00\" \/>\n<meta property=\"og:image\" content=\"https:\/\/avrupaubkdental.com\/wp-content\/uploads\/2026\/08\/dislerde-sararma-neden-olur-dis-rengini-korumak-icin-nelere-dikkat-edilmeli.jpg\" \/>\n\t<meta property=\"og:image:width\" content=\"1660\" \/>\n\t<meta property=\"og:image:height\" content=\"1080\" \/>\n\t<meta property=\"og:image:type\" content=\"image\/jpeg\" \/>\n<meta name=\"author\" content=\"burak\" \/>\n<meta name=\"twitter:card\" content=\"summary_large_image\" \/>\n<meta name=\"twitter:label1\" content=\"Escrito por\" \/>\n\t<meta name=\"twitter:data1\" content=\"burak\" \/>\n\t<meta name=\"twitter:label2\" content=\"Tiempo de lectura\" \/>\n\t<meta name=\"twitter:data2\" content=\"3 minutos\" \/>\n<script type=\"application\/ld+json\" class=\"yoast-schema-graph\">{\"@context\":\"https:\\\/\\\/schema.org\",\"@graph\":[{\"@type\":\"Article\",\"@id\":\"https:\\\/\\\/avrupaubkdental.com\\\/es\\\/que-causa-que-los-dientes-se-pongan-amarillos-a-que-debemos-prestar-atencion-para-proteger-el-color-de-nuestros-dientes\\\/#article\",\"isPartOf\":{\"@id\":\"https:\\\/\\\/avrupaubkdental.com\\\/es\\\/que-causa-que-los-dientes-se-pongan-amarillos-a-que-debemos-prestar-atencion-para-proteger-el-color-de-nuestros-dientes\\\/\"},\"author\":{\"name\":\"burak\",\"@id\":\"https:\\\/\\\/avrupaubkdental.com\\\/es\\\/#\\\/schema\\\/person\\\/76c7a1c48e922f069d538d16be02e02e\"},\"headline\":\"\u00bfQu\u00e9 causa que los dientes se pongan amarillos? \u00bfA qu\u00e9 debemos prestar atenci\u00f3n para proteger el color de nuestros dientes?\",\"datePublished\":\"2026-08-31T12:14:47+00:00\",\"dateModified\":\"2026-08-31T12:14:48+00:00\",\"mainEntityOfPage\":{\"@id\":\"https:\\\/\\\/avrupaubkdental.com\\\/es\\\/que-causa-que-los-dientes-se-pongan-amarillos-a-que-debemos-prestar-atencion-para-proteger-el-color-de-nuestros-dientes\\\/\"},\"wordCount\":663,\"commentCount\":0,\"publisher\":{\"@id\":\"https:\\\/\\\/avrupaubkdental.com\\\/es\\\/#organization\"},\"image\":{\"@id\":\"https:\\\/\\\/avrupaubkdental.com\\\/es\\\/que-causa-que-los-dientes-se-pongan-amarillos-a-que-debemos-prestar-atencion-para-proteger-el-color-de-nuestros-dientes\\\/#primaryimage\"},\"thumbnailUrl\":\"https:\\\/\\\/avrupaubkdental.com\\\/wp-content\\\/uploads\\\/2026\\\/08\\\/dislerde-sararma-neden-olur-dis-rengini-korumak-icin-nelere-dikkat-edilmeli.jpg\",\"articleSection\":[\"Sin categorizar\"],\"inLanguage\":\"es\",\"potentialAction\":[{\"@type\":\"CommentAction\",\"name\":\"Comment\",\"target\":[\"https:\\\/\\\/avrupaubkdental.com\\\/es\\\/que-causa-que-los-dientes-se-pongan-amarillos-a-que-debemos-prestar-atencion-para-proteger-el-color-de-nuestros-dientes\\\/#respond\"]}]},{\"@type\":\"WebPage\",\"@id\":\"https:\\\/\\\/avrupaubkdental.com\\\/es\\\/que-causa-que-los-dientes-se-pongan-amarillos-a-que-debemos-prestar-atencion-para-proteger-el-color-de-nuestros-dientes\\\/\",\"url\":\"https:\\\/\\\/avrupaubkdental.com\\\/es\\\/que-causa-que-los-dientes-se-pongan-amarillos-a-que-debemos-prestar-atencion-para-proteger-el-color-de-nuestros-dientes\\\/\",\"name\":\"\u00bfQu\u00e9 causa que los dientes se pongan amarillos? \u00bfA qu\u00e9 debemos prestar atenci\u00f3n para proteger el color de nuestros dientes? - Avrupa UBK Dental Bayrampa\u015fa\",\"isPartOf\":{\"@id\":\"https:\\\/\\\/avrupaubkdental.com\\\/es\\\/#website\"},\"primaryImageOfPage\":{\"@id\":\"https:\\\/\\\/avrupaubkdental.com\\\/es\\\/que-causa-que-los-dientes-se-pongan-amarillos-a-que-debemos-prestar-atencion-para-proteger-el-color-de-nuestros-dientes\\\/#primaryimage\"},\"image\":{\"@id\":\"https:\\\/\\\/avrupaubkdental.com\\\/es\\\/que-causa-que-los-dientes-se-pongan-amarillos-a-que-debemos-prestar-atencion-para-proteger-el-color-de-nuestros-dientes\\\/#primaryimage\"},\"thumbnailUrl\":\"https:\\\/\\\/avrupaubkdental.com\\\/wp-content\\\/uploads\\\/2026\\\/08\\\/dislerde-sararma-neden-olur-dis-rengini-korumak-icin-nelere-dikkat-edilmeli.jpg\",\"datePublished\":\"2026-08-31T12:14:47+00:00\",\"dateModified\":\"2026-08-31T12:14:48+00:00\",\"breadcrumb\":{\"@id\":\"https:\\\/\\\/avrupaubkdental.com\\\/es\\\/que-causa-que-los-dientes-se-pongan-amarillos-a-que-debemos-prestar-atencion-para-proteger-el-color-de-nuestros-dientes\\\/#breadcrumb\"},\"inLanguage\":\"es\",\"potentialAction\":[{\"@type\":\"ReadAction\",\"target\":[\"https:\\\/\\\/avrupaubkdental.com\\\/es\\\/que-causa-que-los-dientes-se-pongan-amarillos-a-que-debemos-prestar-atencion-para-proteger-el-color-de-nuestros-dientes\\\/\"]}]},{\"@type\":\"ImageObject\",\"inLanguage\":\"es\",\"@id\":\"https:\\\/\\\/avrupaubkdental.com\\\/es\\\/que-causa-que-los-dientes-se-pongan-amarillos-a-que-debemos-prestar-atencion-para-proteger-el-color-de-nuestros-dientes\\\/#primaryimage\",\"url\":\"https:\\\/\\\/avrupaubkdental.com\\\/wp-content\\\/uploads\\\/2026\\\/08\\\/dislerde-sararma-neden-olur-dis-rengini-korumak-icin-nelere-dikkat-edilmeli.jpg\",\"contentUrl\":\"https:\\\/\\\/avrupaubkdental.com\\\/wp-content\\\/uploads\\\/2026\\\/08\\\/dislerde-sararma-neden-olur-dis-rengini-korumak-icin-nelere-dikkat-edilmeli.jpg\",\"width\":1660,\"height\":1080},{\"@type\":\"BreadcrumbList\",\"@id\":\"https:\\\/\\\/avrupaubkdental.com\\\/es\\\/que-causa-que-los-dientes-se-pongan-amarillos-a-que-debemos-prestar-atencion-para-proteger-el-color-de-nuestros-dientes\\\/#breadcrumb\",\"itemListElement\":[{\"@type\":\"ListItem\",\"position\":1,\"name\":\"Home\",\"item\":\"https:\\\/\\\/avrupaubkdental.com\\\/es\\\/\"},{\"@type\":\"ListItem\",\"position\":2,\"name\":\"\u00bfQu\u00e9 causa que los dientes se pongan amarillos? \u00bfA qu\u00e9 debemos prestar atenci\u00f3n para proteger el color de nuestros dientes?\"}]},{\"@type\":\"WebSite\",\"@id\":\"https:\\\/\\\/avrupaubkdental.com\\\/es\\\/#website\",\"url\":\"https:\\\/\\\/avrupaubkdental.com\\\/es\\\/\",\"name\":\"Avrupa UBK Dental\",\"description\":\"\",\"publisher\":{\"@id\":\"https:\\\/\\\/avrupaubkdental.com\\\/es\\\/#organization\"},\"potentialAction\":[{\"@type\":\"SearchAction\",\"target\":{\"@type\":\"EntryPoint\",\"urlTemplate\":\"https:\\\/\\\/avrupaubkdental.com\\\/es\\\/?s={search_term_string}\"},\"query-input\":{\"@type\":\"PropertyValueSpecification\",\"valueRequired\":true,\"valueName\":\"search_term_string\"}}],\"inLanguage\":\"es\"},{\"@type\":\"Organization\",\"@id\":\"https:\\\/\\\/avrupaubkdental.com\\\/es\\\/#organization\",\"name\":\"Avrupa UBK Dental\",\"url\":\"https:\\\/\\\/avrupaubkdental.com\\\/es\\\/\",\"logo\":{\"@type\":\"ImageObject\",\"inLanguage\":\"es\",\"@id\":\"https:\\\/\\\/avrupaubkdental.com\\\/es\\\/#\\\/schema\\\/logo\\\/image\\\/\",\"url\":\"https:\\\/\\\/avrupaubkdental.com\\\/wp-content\\\/uploads\\\/2023\\\/09\\\/cropped-AVR.-DIK-DUZ-SATIR-PNG.png\",\"contentUrl\":\"https:\\\/\\\/avrupaubkdental.com\\\/wp-content\\\/uploads\\\/2023\\\/09\\\/cropped-AVR.-DIK-DUZ-SATIR-PNG.png\",\"width\":150,\"height\":150,\"caption\":\"Avrupa UBK Dental\"},\"image\":{\"@id\":\"https:\\\/\\\/avrupaubkdental.com\\\/es\\\/#\\\/schema\\\/logo\\\/image\\\/\"},\"sameAs\":[\"https:\\\/\\\/www.instagram.com\\\/avrupaubkdental\\\/\"]},{\"@type\":\"Person\",\"@id\":\"https:\\\/\\\/avrupaubkdental.com\\\/es\\\/#\\\/schema\\\/person\\\/76c7a1c48e922f069d538d16be02e02e\",\"name\":\"burak\",\"image\":{\"@type\":\"ImageObject\",\"inLanguage\":\"es\",\"@id\":\"https:\\\/\\\/secure.gravatar.com\\\/avatar\\\/f746707d3bcfbee87fcc797fe3676d9f7bdbc2fe5ebae5f99c9cb63cc0378230?s=96&d=mm&r=g\",\"url\":\"https:\\\/\\\/secure.gravatar.com\\\/avatar\\\/f746707d3bcfbee87fcc797fe3676d9f7bdbc2fe5ebae5f99c9cb63cc0378230?s=96&d=mm&r=g\",\"contentUrl\":\"https:\\\/\\\/secure.gravatar.com\\\/avatar\\\/f746707d3bcfbee87fcc797fe3676d9f7bdbc2fe5ebae5f99c9cb63cc0378230?s=96&d=mm&r=g\",\"caption\":\"burak\"},\"sameAs\":[\"http:\\\/\\\/avrupaubkdental.com\"],\"url\":\"https:\\\/\\\/avrupaubkdental.com\\\/es\\\/author\\\/burak\\\/\"}]}<\/script>\n<!-- \/ Yoast SEO plugin. -->","yoast_head_json":{"title":"\u00bfQu\u00e9 causa que los dientes se pongan amarillos? \u00bfA qu\u00e9 debemos prestar atenci\u00f3n para proteger el color de nuestros dientes? - Avrupa UBK Dental Bayrampa\u015fa","robots":{"index":"index","follow":"follow","max-snippet":"max-snippet:-1","max-image-preview":"max-image-preview:large","max-video-preview":"max-video-preview:-1"},"canonical":"https:\/\/avrupaubkdental.com\/es\/que-causa-que-los-dientes-se-pongan-amarillos-a-que-debemos-prestar-atencion-para-proteger-el-color-de-nuestros-dientes\/","og_locale":"es_ES","og_type":"article","og_title":"\u00bfQu\u00e9 causa que los dientes se pongan amarillos? \u00bfA qu\u00e9 debemos prestar atenci\u00f3n para proteger el color de nuestros dientes? - Avrupa UBK Dental Bayrampa\u015fa","og_description":"\u00bfQu\u00e9 causa que los dientes se pongan amarillos? \u00bfA qu\u00e9 debemos prestar atenci\u00f3n para proteger el color de nuestros dientes? El color de los dientes juega un papel importante para una sonrisa sana y est\u00e9ticamente agradable. Sin embargo, es bastante com\u00fan que los dientes pierdan su blancura original y comiencen a verse m\u00e1s amarillentos con [&hellip;]","og_url":"https:\/\/avrupaubkdental.com\/es\/que-causa-que-los-dientes-se-pongan-amarillos-a-que-debemos-prestar-atencion-para-proteger-el-color-de-nuestros-dientes\/","og_site_name":"Avrupa UBK Dental Bayrampa\u015fa","article_published_time":"2026-08-31T12:14:47+00:00","article_modified_time":"2026-08-31T12:14:48+00:00","og_image":[{"width":1660,"height":1080,"url":"https:\/\/avrupaubkdental.com\/wp-content\/uploads\/2026\/08\/dislerde-sararma-neden-olur-dis-rengini-korumak-icin-nelere-dikkat-edilmeli.jpg","type":"image\/jpeg"}],"author":"burak","twitter_card":"summary_large_image","twitter_misc":{"Escrito por":"burak","Tiempo de lectura":"3 minutos"},"schema":{"@context":"https:\/\/schema.org","@graph":[{"@type":"Article","@id":"https:\/\/avrupaubkdental.com\/es\/que-causa-que-los-dientes-se-pongan-amarillos-a-que-debemos-prestar-atencion-para-proteger-el-color-de-nuestros-dientes\/#article","isPartOf":{"@id":"https:\/\/avrupaubkdental.com\/es\/que-causa-que-los-dientes-se-pongan-amarillos-a-que-debemos-prestar-atencion-para-proteger-el-color-de-nuestros-dientes\/"},"author":{"name":"burak","@id":"https:\/\/avrupaubkdental.com\/es\/#\/schema\/person\/76c7a1c48e922f069d538d16be02e02e"},"headline":"\u00bfQu\u00e9 causa que los dientes se pongan amarillos? \u00bfA qu\u00e9 debemos prestar atenci\u00f3n para proteger el color de nuestros dientes?","datePublished":"2026-08-31T12:14:47+00:00","dateModified":"2026-08-31T12:14:48+00:00","mainEntityOfPage":{"@id":"https:\/\/avrupaubkdental.com\/es\/que-causa-que-los-dientes-se-pongan-amarillos-a-que-debemos-prestar-atencion-para-proteger-el-color-de-nuestros-dientes\/"},"wordCount":663,"commentCount":0,"publisher":{"@id":"https:\/\/avrupaubkdental.com\/es\/#organization"},"image":{"@id":"https:\/\/avrupaubkdental.com\/es\/que-causa-que-los-dientes-se-pongan-amarillos-a-que-debemos-prestar-atencion-para-proteger-el-color-de-nuestros-dientes\/#primaryimage"},"thumbnailUrl":"https:\/\/avrupaubkdental.com\/wp-content\/uploads\/2026\/08\/dislerde-sararma-neden-olur-dis-rengini-korumak-icin-nelere-dikkat-edilmeli.jpg","articleSection":["Sin categorizar"],"inLanguage":"es","potentialAction":[{"@type":"CommentAction","name":"Comment","target":["https:\/\/avrupaubkdental.com\/es\/que-causa-que-los-dientes-se-pongan-amarillos-a-que-debemos-prestar-atencion-para-proteger-el-color-de-nuestros-dientes\/#respond"]}]},{"@type":"WebPage","@id":"https:\/\/avrupaubkdental.com\/es\/que-causa-que-los-dientes-se-pongan-amarillos-a-que-debemos-prestar-atencion-para-proteger-el-color-de-nuestros-dientes\/","url":"https:\/\/avrupaubkdental.com\/es\/que-causa-que-los-dientes-se-pongan-amarillos-a-que-debemos-prestar-atencion-para-proteger-el-color-de-nuestros-dientes\/","name":"\u00bfQu\u00e9 causa que los dientes se pongan amarillos? \u00bfA qu\u00e9 debemos prestar atenci\u00f3n para proteger el color de nuestros dientes? - Avrupa UBK Dental Bayrampa\u015fa","isPartOf":{"@id":"https:\/\/avrupaubkdental.com\/es\/#website"},"primaryImageOfPage":{"@id":"https:\/\/avrupaubkdental.com\/es\/que-causa-que-los-dientes-se-pongan-amarillos-a-que-debemos-prestar-atencion-para-proteger-el-color-de-nuestros-dientes\/#primaryimage"},"image":{"@id":"https:\/\/avrupaubkdental.com\/es\/que-causa-que-los-dientes-se-pongan-amarillos-a-que-debemos-prestar-atencion-para-proteger-el-color-de-nuestros-dientes\/#primaryimage"},"thumbnailUrl":"https:\/\/avrupaubkdental.com\/wp-content\/uploads\/2026\/08\/dislerde-sararma-neden-olur-dis-rengini-korumak-icin-nelere-dikkat-edilmeli.jpg","datePublished":"2026-08-31T12:14:47+00:00","dateModified":"2026-08-31T12:14:48+00:00","breadcrumb":{"@id":"https:\/\/avrupaubkdental.com\/es\/que-causa-que-los-dientes-se-pongan-amarillos-a-que-debemos-prestar-atencion-para-proteger-el-color-de-nuestros-dientes\/#breadcrumb"},"inLanguage":"es","potentialAction":[{"@type":"ReadAction","target":["https:\/\/avrupaubkdental.com\/es\/que-causa-que-los-dientes-se-pongan-amarillos-a-que-debemos-prestar-atencion-para-proteger-el-color-de-nuestros-dientes\/"]}]},{"@type":"ImageObject","inLanguage":"es","@id":"https:\/\/avrupaubkdental.com\/es\/que-causa-que-los-dientes-se-pongan-amarillos-a-que-debemos-prestar-atencion-para-proteger-el-color-de-nuestros-dientes\/#primaryimage","url":"https:\/\/avrupaubkdental.com\/wp-content\/uploads\/2026\/08\/dislerde-sararma-neden-olur-dis-rengini-korumak-icin-nelere-dikkat-edilmeli.jpg","contentUrl":"https:\/\/avrupaubkdental.com\/wp-content\/uploads\/2026\/08\/dislerde-sararma-neden-olur-dis-rengini-korumak-icin-nelere-dikkat-edilmeli.jpg","width":1660,"height":1080},{"@type":"BreadcrumbList","@id":"https:\/\/avrupaubkdental.com\/es\/que-causa-que-los-dientes-se-pongan-amarillos-a-que-debemos-prestar-atencion-para-proteger-el-color-de-nuestros-dientes\/#breadcrumb","itemListElement":[{"@type":"ListItem","position":1,"name":"Home","item":"https:\/\/avrupaubkdental.com\/es\/"},{"@type":"ListItem","position":2,"name":"\u00bfQu\u00e9 causa que los dientes se pongan amarillos? \u00bfA qu\u00e9 debemos prestar atenci\u00f3n para proteger el color de nuestros dientes?"}]},{"@type":"WebSite","@id":"https:\/\/avrupaubkdental.com\/es\/#website","url":"https:\/\/avrupaubkdental.com\/es\/","name":"Avrupa UBK Dental","description":"","publisher":{"@id":"https:\/\/avrupaubkdental.com\/es\/#organization"},"potentialAction":[{"@type":"SearchAction","target":{"@type":"EntryPoint","urlTemplate":"https:\/\/avrupaubkdental.com\/es\/?s={search_term_string}"},"query-input":{"@type":"PropertyValueSpecification","valueRequired":true,"valueName":"search_term_string"}}],"inLanguage":"es"},{"@type":"Organization","@id":"https:\/\/avrupaubkdental.com\/es\/#organization","name":"Avrupa UBK Dental","url":"https:\/\/avrupaubkdental.com\/es\/","logo":{"@type":"ImageObject","inLanguage":"es","@id":"https:\/\/avrupaubkdental.com\/es\/#\/schema\/logo\/image\/","url":"https:\/\/avrupaubkdental.com\/wp-content\/uploads\/2023\/09\/cropped-AVR.-DIK-DUZ-SATIR-PNG.png","contentUrl":"https:\/\/avrupaubkdental.com\/wp-content\/uploads\/2023\/09\/cropped-AVR.-DIK-DUZ-SATIR-PNG.png","width":150,"height":150,"caption":"Avrupa UBK Dental"},"image":{"@id":"https:\/\/avrupaubkdental.com\/es\/#\/schema\/logo\/image\/"},"sameAs":["https:\/\/www.instagram.com\/avrupaubkdental\/"]},{"@type":"Person","@id":"https:\/\/avrupaubkdental.com\/es\/#\/schema\/person\/76c7a1c48e922f069d538d16be02e02e","name":"burak","image":{"@type":"ImageObject","inLanguage":"es","@id":"https:\/\/secure.gravatar.com\/avatar\/f746707d3bcfbee87fcc797fe3676d9f7bdbc2fe5ebae5f99c9cb63cc0378230?s=96&d=mm&r=g","url":"https:\/\/secure.gravatar.com\/avatar\/f746707d3bcfbee87fcc797fe3676d9f7bdbc2fe5ebae5f99c9cb63cc0378230?s=96&d=mm&r=g","contentUrl":"https:\/\/secure.gravatar.com\/avatar\/f746707d3bcfbee87fcc797fe3676d9f7bdbc2fe5ebae5f99c9cb63cc0378230?s=96&d=mm&r=g","caption":"burak"},"sameAs":["http:\/\/avrupaubkdental.com"],"url":"https:\/\/avrupaubkdental.com\/es\/author\/burak\/"}]}},"_links":{"self":[{"href":"https:\/\/avrupaubkdental.com\/es\/wp-json\/wp\/v2\/posts\/10739","targetHints":{"allow":["GET"]}}],"collection":[{"href":"https:\/\/avrupaubkdental.com\/es\/wp-json\/wp\/v2\/posts"}],"about":[{"href":"https:\/\/avrupaubkdental.com\/es\/wp-json\/wp\/v2\/types\/post"}],"author":[{"embeddable":true,"href":"https:\/\/avrupaubkdental.com\/es\/wp-json\/wp\/v2\/users\/1"}],"replies":[{"embeddable":true,"href":"https:\/\/avrupaubkdental.com\/es\/wp-json\/wp\/v2\/comments?post=10739"}],"version-history":[{"count":1,"href":"https:\/\/avrupaubkdental.com\/es\/wp-json\/wp\/v2\/posts\/10739\/revisions"}],"predecessor-version":[{"id":10740,"href":"https:\/\/avrupaubkdental.com\/es\/wp-json\/wp\/v2\/posts\/10739\/revisions\/10740"}],"wp:featuredmedia":[{"embeddable":true,"href":"https:\/\/avrupaubkdental.com\/es\/wp-json\/wp\/v2\/media\/10725"}],"wp:attachment":[{"href":"https:\/\/avrupaubkdental.com\/es\/wp-json\/wp\/v2\/media?parent=10739"}],"wp:term":[{"taxonomy":"category","embeddable":true,"href":"https:\/\/avrupaubkdental.com\/es\/wp-json\/wp\/v2\/categories?post=10739"},{"taxonomy":"post_tag","embeddable":true,"href":"https:\/\/avrupaubkdental.com\/es\/wp-json\/wp\/v2\/tags?post=10739"}],"curies":[{"name":"wp","href":"https:\/\/api.w.org\/{rel}","templated":true}]}}