{"id":3706,"date":"2023-11-28T12:32:40","date_gmt":"2023-11-28T12:32:40","guid":{"rendered":"https:\/\/avrupaubkdental.com\/2023\/11\/28\/salud-dental-en-invierno-cuidados-bucodentales-en-climas-frios\/"},"modified":"2023-11-29T14:57:42","modified_gmt":"2023-11-29T14:57:42","slug":"salud-dental-en-invierno-cuidados-bucodentales-en-climas-frios","status":"publish","type":"post","link":"https:\/\/avrupaubkdental.com\/es\/salud-dental-en-invierno-cuidados-bucodentales-en-climas-frios\/","title":{"rendered":"Salud dental en invierno: Cuidados bucodentales en climas fr\u00edos"},"content":{"rendered":"\t\t<div data-elementor-type=\"wp-post\" data-elementor-id=\"3706\" class=\"elementor elementor-3706 elementor-3598\">\n\t\t\t\t\t\t<div class=\"elementor-inner\">\n\t\t\t\t<div class=\"elementor-section-wrap\">\n\t\t\t\t\t\t\t\t\t<section class=\"elementor-section elementor-top-section elementor-element elementor-element-39e762a elementor-section-boxed elementor-section-height-default elementor-section-height-default\" data-id=\"39e762a\" data-element_type=\"section\">\n\t\t\t\t\t\t\t<div class=\"elementor-background-overlay\"><\/div>\n\t\t\t\t\t\t\t<div class=\"elementor-container elementor-column-gap-default\">\n\t\t\t\t\t\t\t<div class=\"elementor-row\">\n\t\t\t\t\t<div class=\"aux-parallax-section elementor-column elementor-col-100 elementor-top-column elementor-element elementor-element-64c7dc4\" data-id=\"64c7dc4\" data-element_type=\"column\" data-settings=\"{&quot;background_background&quot;:&quot;classic&quot;}\">\n\t\t\t<div class=\"elementor-column-wrap elementor-element-populated\">\n\t\t\t\t\t<div class=\"elementor-background-overlay\"><\/div>\n\t\t\t\t\t\t\t<div class=\"elementor-widget-wrap\">\n\t\t\t\t\t\t<div class=\"elementor-element elementor-element-5c52044 elementor-widget elementor-widget-heading\" data-id=\"5c52044\" data-element_type=\"widget\" data-widget_type=\"heading.default\">\n\t\t\t\t<div class=\"elementor-widget-container\">\n\t\t\t<h1 class=\"elementor-heading-title elementor-size-default\">K\u0131\u015f Aylar\u0131nda Di\u015f Sa\u011fl\u0131\u011f\u0131: So\u011fuk Havalarda A\u011f\u0131z Bak\u0131m\u0131<\/h1>\t\t<\/div>\n\t\t\t\t<\/div>\n\t\t\t\t\t\t<\/div>\n\t\t\t\t\t<\/div>\n\t\t<\/div>\n\t\t\t\t\t\t\t\t<\/div>\n\t\t\t\t\t<\/div>\n\t\t<\/section>\n\t\t\t\t<section class=\"elementor-section elementor-top-section elementor-element elementor-element-d8125aa elementor-section-boxed elementor-section-height-default elementor-section-height-default\" data-id=\"d8125aa\" data-element_type=\"section\">\n\t\t\t\t\t\t<div class=\"elementor-container elementor-column-gap-default\">\n\t\t\t\t\t\t\t<div class=\"elementor-row\">\n\t\t\t\t\t<div class=\"aux-parallax-section elementor-column elementor-col-50 elementor-top-column elementor-element elementor-element-3383e47\" data-id=\"3383e47\" data-element_type=\"column\">\n\t\t\t<div class=\"elementor-column-wrap elementor-element-populated\">\n\t\t\t\t\t\t\t<div class=\"elementor-widget-wrap\">\n\t\t\t\t\t\t<div class=\"elementor-element elementor-element-4b88edd elementor-widget elementor-widget-text-editor\" data-id=\"4b88edd\" data-element_type=\"widget\" data-widget_type=\"text-editor.default\">\n\t\t\t\t<div class=\"elementor-widget-container\">\n\t\t\t\t\t\t\t\t<div class=\"elementor-text-editor elementor-clearfix\">\n\t\t\t\t<p>Los fr\u00edos meses de invierno no s\u00f3lo son una \u00e9poca en la que debemos vestirnos al aire libre, sino que tambi\u00e9n debemos tomar precauciones especiales para proteger nuestra salud dental.<\/p>\n\t\t\t\t\t<\/div>\n\t\t\t\t\t\t<\/div>\n\t\t\t\t<\/div>\n\t\t\t\t\t\t<\/div>\n\t\t\t\t\t<\/div>\n\t\t<\/div>\n\t\t\t\t<div class=\"aux-parallax-section elementor-column elementor-col-50 elementor-top-column elementor-element elementor-element-837243a\" data-id=\"837243a\" data-element_type=\"column\">\n\t\t\t<div class=\"elementor-column-wrap elementor-element-populated\">\n\t\t\t\t\t\t\t<div class=\"elementor-widget-wrap\">\n\t\t\t\t\t\t<div class=\"elementor-element elementor-element-cfb0b4b elementor-widget elementor-widget-text-editor\" data-id=\"cfb0b4b\" data-element_type=\"widget\" data-widget_type=\"text-editor.default\">\n\t\t\t\t<div class=\"elementor-widget-container\">\n\t\t\t\t\t\t\t\t<div class=\"elementor-text-editor elementor-clearfix\">\n\t\t\t\t<p>El fr\u00edo puede aumentar la sensibilidad dental y repercutir en nuestra salud bucodental. En este art\u00edculo encontrar\u00e1 algunos consejos importantes para proteger su salud dental durante los meses de invierno.<\/p>\n\t\t\t\t\t<\/div>\n\t\t\t\t\t\t<\/div>\n\t\t\t\t<\/div>\n\t\t\t\t\t\t<\/div>\n\t\t\t\t\t<\/div>\n\t\t<\/div>\n\t\t\t\t\t\t\t\t<\/div>\n\t\t\t\t\t<\/div>\n\t\t<\/section>\n\t\t\t\t<section class=\"elementor-section elementor-top-section elementor-element elementor-element-643b4ef elementor-section-boxed elementor-section-height-default elementor-section-height-default\" data-id=\"643b4ef\" data-element_type=\"section\" data-settings=\"{&quot;background_background&quot;:&quot;classic&quot;}\">\n\t\t\t\t\t\t<div class=\"elementor-container elementor-column-gap-default\">\n\t\t\t\t\t\t\t<div class=\"elementor-row\">\n\t\t\t\t\t<div class=\"aux-parallax-section elementor-column elementor-col-66 elementor-top-column elementor-element elementor-element-5ec8e10\" data-id=\"5ec8e10\" data-element_type=\"column\" data-settings=\"{&quot;background_background&quot;:&quot;classic&quot;}\">\n\t\t\t<div class=\"elementor-column-wrap elementor-element-populated\">\n\t\t\t\t\t\t\t<div class=\"elementor-widget-wrap\">\n\t\t\t\t\t\t<div class=\"elementor-element elementor-element-d9ee89e elementor-widget elementor-widget-heading\" data-id=\"d9ee89e\" data-element_type=\"widget\" data-widget_type=\"heading.default\">\n\t\t\t\t<div class=\"elementor-widget-container\">\n\t\t\t<h3 class=\"elementor-heading-title elementor-size-default\">1. Bebidas calientes y sensibilidad dental<\/h3>\t\t<\/div>\n\t\t\t\t<\/div>\n\t\t\t\t<div class=\"elementor-element elementor-element-245e2d8 elementor-widget elementor-widget-text-editor\" data-id=\"245e2d8\" data-element_type=\"widget\" data-widget_type=\"text-editor.default\">\n\t\t\t\t<div class=\"elementor-widget-container\">\n\t\t\t\t\t\t\t\t<div class=\"elementor-text-editor elementor-clearfix\">\n\t\t\t\t<p>El clima fr\u00edo puede aumentar a\u00fan m\u00e1s la sensibilidad dental, por lo que debes tener cuidado durante un periodo en el que las bebidas calientes pueden causar m\u00e1s da\u00f1o a tus dientes. Utilizar una pajita o tomar bebidas como t\u00e9, caf\u00e9 o chocolate caliente a una temperatura m\u00e1s templada puede ayudar a reducir la sensibilidad dental.<\/p>\n\t\t\t\t\t<\/div>\n\t\t\t\t\t\t<\/div>\n\t\t\t\t<\/div>\n\t\t\t\t<div class=\"elementor-element elementor-element-9192a65 elementor-widget elementor-widget-heading\" data-id=\"9192a65\" data-element_type=\"widget\" data-widget_type=\"heading.default\">\n\t\t\t\t<div class=\"elementor-widget-container\">\n\t\t\t<h3 class=\"elementor-heading-title elementor-size-default\">2. Uso de pasta dent\u00edfrica y cepillo de dientes para dientes sensibles<\/h3>\t\t<\/div>\n\t\t\t\t<\/div>\n\t\t\t\t<div class=\"elementor-element elementor-element-dee8cb7 elementor-widget elementor-widget-text-editor\" data-id=\"dee8cb7\" data-element_type=\"widget\" data-widget_type=\"text-editor.default\">\n\t\t\t\t<div class=\"elementor-widget-container\">\n\t\t\t\t\t\t\t\t<div class=\"elementor-text-editor elementor-clearfix\">\n\t\t\t\t<p>Cuando la sensibilidad dental aumenta durante los meses de invierno, es importante utilizar un dent\u00edfrico y un cepillo especialmente formulados para dientes sensibles. Estos productos pueden ayudar a fortalecer el esmalte dental y reducir la sensibilidad.<\/p>\n\t\t\t\t\t<\/div>\n\t\t\t\t\t\t<\/div>\n\t\t\t\t<\/div>\n\t\t\t\t<div class=\"elementor-element elementor-element-951a387 elementor-widget elementor-widget-heading\" data-id=\"951a387\" data-element_type=\"widget\" data-widget_type=\"heading.default\">\n\t\t\t\t<div class=\"elementor-widget-container\">\n\t\t\t<h3 class=\"elementor-heading-title elementor-size-default\">3. Beber mucha agua y prestar atenci\u00f3n a la higiene bucal<\/h3>\t\t<\/div>\n\t\t\t\t<\/div>\n\t\t\t\t<div class=\"elementor-element elementor-element-bcc4cb7 elementor-widget elementor-widget-text-editor\" data-id=\"bcc4cb7\" data-element_type=\"widget\" data-widget_type=\"text-editor.default\">\n\t\t\t\t<div class=\"elementor-widget-container\">\n\t\t\t\t\t\t\t\t<div class=\"elementor-text-editor elementor-clearfix\">\n\t\t\t\t<p>En invierno, cuando se consumen m\u00e1s bebidas calientes, es importante beber mucha agua. Beber agua ayuda a mantener la higiene bucal y combate las bacterias de la boca. Adem\u00e1s, cepillarse los dientes y usar hilo dental con regularidad tambi\u00e9n contribuir\u00e1 a su salud dental durante los meses de invierno.<\/p>\n\t\t\t\t\t<\/div>\n\t\t\t\t\t\t<\/div>\n\t\t\t\t<\/div>\n\t\t\t\t\t\t<\/div>\n\t\t\t\t\t<\/div>\n\t\t<\/div>\n\t\t\t\t<div class=\"aux-parallax-section elementor-column elementor-col-33 elementor-top-column elementor-element elementor-element-21709a2\" data-id=\"21709a2\" data-element_type=\"column\">\n\t\t\t<div class=\"elementor-column-wrap elementor-element-populated\">\n\t\t\t\t\t\t\t<div class=\"elementor-widget-wrap\">\n\t\t\t\t\t\t<div class=\"elementor-element elementor-element-8397b3d elementor-widget elementor-widget-image\" data-id=\"8397b3d\" data-element_type=\"widget\" data-widget_type=\"image.default\">\n\t\t\t\t<div class=\"elementor-widget-container\">\n\t\t\t\t\t\t\t\t<div class=\"elementor-image\">\n\t\t\t\t\t\t\t\t\t\t\t\t<img decoding=\"async\" width=\"1080\" height=\"1350\" src=\"https:\/\/avrupaubkdental.com\/wp-content\/uploads\/2023\/11\/kis-aylarinda-dis-sagligi-icerik-gorsel.jpg\" class=\"attachment-full size-full wp-image-3434\" alt=\"\" srcset=\"https:\/\/avrupaubkdental.com\/wp-content\/uploads\/2023\/11\/kis-aylarinda-dis-sagligi-icerik-gorsel.jpg 1080w, https:\/\/avrupaubkdental.com\/wp-content\/uploads\/2023\/11\/kis-aylarinda-dis-sagligi-icerik-gorsel-200x250.jpg 200w\" sizes=\"(max-width: 1080px) 100vw, 1080px\" \/>\t\t\t\t\t\t\t\t\t\t\t\t\t\t<\/div>\n\t\t\t\t\t\t<\/div>\n\t\t\t\t<\/div>\n\t\t\t\t\t\t<\/div>\n\t\t\t\t\t<\/div>\n\t\t<\/div>\n\t\t\t\t\t\t\t\t<\/div>\n\t\t\t\t\t<\/div>\n\t\t<\/section>\n\t\t\t\t<section class=\"elementor-section elementor-top-section elementor-element elementor-element-44f28db elementor-section-boxed elementor-section-height-default elementor-section-height-default\" data-id=\"44f28db\" data-element_type=\"section\" data-settings=\"{&quot;background_background&quot;:&quot;classic&quot;}\">\n\t\t\t\t\t\t<div class=\"elementor-container elementor-column-gap-default\">\n\t\t\t\t\t\t\t<div class=\"elementor-row\">\n\t\t\t\t\t<div class=\"aux-parallax-section elementor-column elementor-col-33 elementor-top-column elementor-element elementor-element-dc2b9e4\" data-id=\"dc2b9e4\" data-element_type=\"column\">\n\t\t\t<div class=\"elementor-column-wrap elementor-element-populated\">\n\t\t\t\t\t\t\t<div class=\"elementor-widget-wrap\">\n\t\t\t\t\t\t<div class=\"elementor-element elementor-element-7e3f69c elementor-widget elementor-widget-image\" data-id=\"7e3f69c\" data-element_type=\"widget\" data-widget_type=\"image.default\">\n\t\t\t\t<div class=\"elementor-widget-container\">\n\t\t\t\t\t\t\t\t<div class=\"elementor-image\">\n\t\t\t\t\t\t\t\t\t\t\t\t<img decoding=\"async\" width=\"1080\" height=\"1350\" src=\"https:\/\/avrupaubkdental.com\/wp-content\/uploads\/2023\/11\/kis-aylarinda-dis-sagligi-icerik-gorsel-2.jpg\" class=\"attachment-full size-full wp-image-3603\" alt=\"\" srcset=\"https:\/\/avrupaubkdental.com\/wp-content\/uploads\/2023\/11\/kis-aylarinda-dis-sagligi-icerik-gorsel-2.jpg 1080w, https:\/\/avrupaubkdental.com\/wp-content\/uploads\/2023\/11\/kis-aylarinda-dis-sagligi-icerik-gorsel-2-200x250.jpg 200w\" sizes=\"(max-width: 1080px) 100vw, 1080px\" \/>\t\t\t\t\t\t\t\t\t\t\t\t\t\t<\/div>\n\t\t\t\t\t\t<\/div>\n\t\t\t\t<\/div>\n\t\t\t\t\t\t<\/div>\n\t\t\t\t\t<\/div>\n\t\t<\/div>\n\t\t\t\t<div class=\"aux-parallax-section elementor-column elementor-col-66 elementor-top-column elementor-element elementor-element-b683173\" data-id=\"b683173\" data-element_type=\"column\">\n\t\t\t<div class=\"elementor-column-wrap elementor-element-populated\">\n\t\t\t\t\t\t\t<div class=\"elementor-widget-wrap\">\n\t\t\t\t\t\t<div class=\"elementor-element elementor-element-3da2af3 elementor-widget elementor-widget-heading\" data-id=\"3da2af3\" data-element_type=\"widget\" data-widget_type=\"heading.default\">\n\t\t\t\t<div class=\"elementor-widget-container\">\n\t\t\t<h3 class=\"elementor-heading-title elementor-size-default\">4. Probar soluciones bucales y colutorios<\/h3>\t\t<\/div>\n\t\t\t\t<\/div>\n\t\t\t\t<div class=\"elementor-element elementor-element-7750b48 elementor-widget elementor-widget-text-editor\" data-id=\"7750b48\" data-element_type=\"widget\" data-widget_type=\"text-editor.default\">\n\t\t\t\t<div class=\"elementor-widget-container\">\n\t\t\t\t\t\t\t\t<div class=\"elementor-text-editor elementor-clearfix\">\n\t\t\t\t<p>Las soluciones bucales y los colutorios que contienen antis\u00e9pticos pueden mejorar tu higiene bucal y combatir las bacterias de la boca. Es importante consultar al dentista antes de utilizar estos productos.<\/p>\n\t\t\t\t\t<\/div>\n\t\t\t\t\t\t<\/div>\n\t\t\t\t<\/div>\n\t\t\t\t<div class=\"elementor-element elementor-element-4dcdae6 elementor-widget elementor-widget-heading\" data-id=\"4dcdae6\" data-element_type=\"widget\" data-widget_type=\"heading.default\">\n\t\t\t\t<div class=\"elementor-widget-container\">\n\t\t\t<h3 class=\"elementor-heading-title elementor-size-default\">5. No descuides las revisiones dentales peri\u00f3dicas<\/h3>\t\t<\/div>\n\t\t\t\t<\/div>\n\t\t\t\t<div class=\"elementor-element elementor-element-d8ee5b4 elementor-widget elementor-widget-text-editor\" data-id=\"d8ee5b4\" data-element_type=\"widget\" data-widget_type=\"text-editor.default\">\n\t\t\t\t<div class=\"elementor-widget-container\">\n\t\t\t\t\t\t\t\t<div class=\"elementor-text-editor elementor-clearfix\">\n\t\t\t\t<p>Una forma importante de proteger su salud dental en invierno son las revisiones dentales peri\u00f3dicas. Acudir a las citas programadas con su dentista puede ayudar a diagnosticar y tratar a tiempo posibles problemas.<\/p>\n\t\t\t\t\t<\/div>\n\t\t\t\t\t\t<\/div>\n\t\t\t\t<\/div>\n\t\t\t\t\t\t<\/div>\n\t\t\t\t\t<\/div>\n\t\t<\/div>\n\t\t\t\t\t\t\t\t<\/div>\n\t\t\t\t\t<\/div>\n\t\t<\/section>\n\t\t\t\t<section class=\"elementor-section elementor-top-section elementor-element elementor-element-33d9791 elementor-section-boxed elementor-section-height-default elementor-section-height-default\" data-id=\"33d9791\" data-element_type=\"section\">\n\t\t\t\t\t\t\t<div class=\"elementor-background-overlay\"><\/div>\n\t\t\t\t\t\t\t<div class=\"elementor-container elementor-column-gap-default\">\n\t\t\t\t\t\t\t<div class=\"elementor-row\">\n\t\t\t\t\t<div class=\"aux-parallax-section elementor-column elementor-col-100 elementor-top-column elementor-element elementor-element-f41da64\" data-id=\"f41da64\" data-element_type=\"column\">\n\t\t\t<div class=\"elementor-column-wrap elementor-element-populated\">\n\t\t\t\t\t\t\t<div class=\"elementor-widget-wrap\">\n\t\t\t\t\t\t<div class=\"elementor-element elementor-element-44ec201 elementor-widget elementor-widget-spacer\" data-id=\"44ec201\" data-element_type=\"widget\" data-widget_type=\"spacer.default\">\n\t\t\t\t<div class=\"elementor-widget-container\">\n\t\t\t\t\t<div class=\"elementor-spacer\">\n\t\t\t<div class=\"elementor-spacer-inner\"><\/div>\n\t\t<\/div>\n\t\t\t\t<\/div>\n\t\t\t\t<\/div>\n\t\t\t\t<div class=\"elementor-element elementor-element-4488dcd elementor-widget elementor-widget-spacer\" data-id=\"4488dcd\" data-element_type=\"widget\" data-widget_type=\"spacer.default\">\n\t\t\t\t<div class=\"elementor-widget-container\">\n\t\t\t\t\t<div class=\"elementor-spacer\">\n\t\t\t<div class=\"elementor-spacer-inner\"><\/div>\n\t\t<\/div>\n\t\t\t\t<\/div>\n\t\t\t\t<\/div>\n\t\t\t\t\t\t<\/div>\n\t\t\t\t\t<\/div>\n\t\t<\/div>\n\t\t\t\t\t\t\t\t<\/div>\n\t\t\t\t\t<\/div>\n\t\t<\/section>\n\t\t\t\t\t\t\t\t\t<\/div>\n\t\t\t<\/div>\n\t\t\t\t\t<\/div>\n\t\t","protected":false},"excerpt":{"rendered":"<p>K\u0131\u015f Aylar\u0131nda Di\u015f Sa\u011fl\u0131\u011f\u0131: So\u011fuk Havalarda A\u011f\u0131z Bak\u0131m\u0131 Los fr\u00edos meses de invierno no s\u00f3lo son una \u00e9poca en la que debemos vestirnos al aire libre, sino que tambi\u00e9n debemos tomar precauciones especiales para proteger nuestra salud dental. El fr\u00edo puede aumentar la sensibilidad dental y repercutir en nuestra salud bucodental. En este art\u00edculo encontrar\u00e1 [&hellip;]<\/p>\n","protected":false},"author":1,"featured_media":3427,"comment_status":"open","ping_status":"open","sticky":false,"template":"elementor_header_footer","format":"standard","meta":{"_joinchat":[],"footnotes":""},"categories":[10],"tags":[],"class_list":["post-3706","post","type-post","status-publish","format-standard","has-post-thumbnail","hentry","category-sin-categorizar"],"yoast_head":"<!-- This site is optimized with the Yoast SEO plugin v27.4 - https:\/\/yoast.com\/product\/yoast-seo-wordpress\/ -->\n<title>Salud dental en invierno: Cuidados bucodentales en climas fr\u00edos - Avrupa UBK Dental Bayrampa\u015fa<\/title>\n<meta name=\"robots\" content=\"index, follow, max-snippet:-1, max-image-preview:large, max-video-preview:-1\" \/>\n<link rel=\"canonical\" href=\"https:\/\/avrupaubkdental.com\/es\/salud-dental-en-invierno-cuidados-bucodentales-en-climas-frios\/\" \/>\n<meta property=\"og:locale\" content=\"es_ES\" \/>\n<meta property=\"og:type\" content=\"article\" \/>\n<meta property=\"og:title\" content=\"Salud dental en invierno: Cuidados bucodentales en climas fr\u00edos - Avrupa UBK Dental Bayrampa\u015fa\" \/>\n<meta property=\"og:description\" content=\"K\u0131\u015f Aylar\u0131nda Di\u015f Sa\u011fl\u0131\u011f\u0131: So\u011fuk Havalarda A\u011f\u0131z Bak\u0131m\u0131 Los fr\u00edos meses de invierno no s\u00f3lo son una \u00e9poca en la que debemos vestirnos al aire libre, sino que tambi\u00e9n debemos tomar precauciones especiales para proteger nuestra salud dental. El fr\u00edo puede aumentar la sensibilidad dental y repercutir en nuestra salud bucodental. En este art\u00edculo encontrar\u00e1 [&hellip;]\" \/>\n<meta property=\"og:url\" content=\"https:\/\/avrupaubkdental.com\/es\/salud-dental-en-invierno-cuidados-bucodentales-en-climas-frios\/\" \/>\n<meta property=\"og:site_name\" content=\"Avrupa UBK Dental Bayrampa\u015fa\" \/>\n<meta property=\"article:published_time\" content=\"2023-11-28T12:32:40+00:00\" \/>\n<meta property=\"article:modified_time\" content=\"2023-11-29T14:57:42+00:00\" \/>\n<meta property=\"og:image\" content=\"https:\/\/avrupaubkdental.com\/wp-content\/uploads\/2023\/11\/kis-aylarinda-dis-sagligi-kapak-gorsel.jpg\" \/>\n\t<meta property=\"og:image:width\" content=\"1660\" \/>\n\t<meta property=\"og:image:height\" content=\"1080\" \/>\n\t<meta property=\"og:image:type\" content=\"image\/jpeg\" \/>\n<meta name=\"author\" content=\"burak\" \/>\n<meta name=\"twitter:card\" content=\"summary_large_image\" \/>\n<meta name=\"twitter:label1\" content=\"Escrito por\" \/>\n\t<meta name=\"twitter:data1\" content=\"burak\" \/>\n\t<meta name=\"twitter:label2\" content=\"Tiempo de lectura\" \/>\n\t<meta name=\"twitter:data2\" content=\"2 minutos\" \/>\n<script type=\"application\/ld+json\" class=\"yoast-schema-graph\">{\"@context\":\"https:\\\/\\\/schema.org\",\"@graph\":[{\"@type\":\"Article\",\"@id\":\"https:\\\/\\\/avrupaubkdental.com\\\/es\\\/salud-dental-en-invierno-cuidados-bucodentales-en-climas-frios\\\/#article\",\"isPartOf\":{\"@id\":\"https:\\\/\\\/avrupaubkdental.com\\\/es\\\/salud-dental-en-invierno-cuidados-bucodentales-en-climas-frios\\\/\"},\"author\":{\"name\":\"burak\",\"@id\":\"https:\\\/\\\/avrupaubkdental.com\\\/es\\\/#\\\/schema\\\/person\\\/76c7a1c48e922f069d538d16be02e02e\"},\"headline\":\"Salud dental en invierno: Cuidados bucodentales en climas fr\u00edos\",\"datePublished\":\"2023-11-28T12:32:40+00:00\",\"dateModified\":\"2023-11-29T14:57:42+00:00\",\"mainEntityOfPage\":{\"@id\":\"https:\\\/\\\/avrupaubkdental.com\\\/es\\\/salud-dental-en-invierno-cuidados-bucodentales-en-climas-frios\\\/\"},\"wordCount\":345,\"commentCount\":0,\"publisher\":{\"@id\":\"https:\\\/\\\/avrupaubkdental.com\\\/es\\\/#organization\"},\"image\":{\"@id\":\"https:\\\/\\\/avrupaubkdental.com\\\/es\\\/salud-dental-en-invierno-cuidados-bucodentales-en-climas-frios\\\/#primaryimage\"},\"thumbnailUrl\":\"https:\\\/\\\/avrupaubkdental.com\\\/wp-content\\\/uploads\\\/2023\\\/11\\\/kis-aylarinda-dis-sagligi-kapak-gorsel.jpg\",\"articleSection\":[\"Sin categorizar\"],\"inLanguage\":\"es\",\"potentialAction\":[{\"@type\":\"CommentAction\",\"name\":\"Comment\",\"target\":[\"https:\\\/\\\/avrupaubkdental.com\\\/es\\\/salud-dental-en-invierno-cuidados-bucodentales-en-climas-frios\\\/#respond\"]}]},{\"@type\":\"WebPage\",\"@id\":\"https:\\\/\\\/avrupaubkdental.com\\\/es\\\/salud-dental-en-invierno-cuidados-bucodentales-en-climas-frios\\\/\",\"url\":\"https:\\\/\\\/avrupaubkdental.com\\\/es\\\/salud-dental-en-invierno-cuidados-bucodentales-en-climas-frios\\\/\",\"name\":\"Salud dental en invierno: Cuidados bucodentales en climas fr\u00edos - Avrupa UBK Dental Bayrampa\u015fa\",\"isPartOf\":{\"@id\":\"https:\\\/\\\/avrupaubkdental.com\\\/es\\\/#website\"},\"primaryImageOfPage\":{\"@id\":\"https:\\\/\\\/avrupaubkdental.com\\\/es\\\/salud-dental-en-invierno-cuidados-bucodentales-en-climas-frios\\\/#primaryimage\"},\"image\":{\"@id\":\"https:\\\/\\\/avrupaubkdental.com\\\/es\\\/salud-dental-en-invierno-cuidados-bucodentales-en-climas-frios\\\/#primaryimage\"},\"thumbnailUrl\":\"https:\\\/\\\/avrupaubkdental.com\\\/wp-content\\\/uploads\\\/2023\\\/11\\\/kis-aylarinda-dis-sagligi-kapak-gorsel.jpg\",\"datePublished\":\"2023-11-28T12:32:40+00:00\",\"dateModified\":\"2023-11-29T14:57:42+00:00\",\"breadcrumb\":{\"@id\":\"https:\\\/\\\/avrupaubkdental.com\\\/es\\\/salud-dental-en-invierno-cuidados-bucodentales-en-climas-frios\\\/#breadcrumb\"},\"inLanguage\":\"es\",\"potentialAction\":[{\"@type\":\"ReadAction\",\"target\":[\"https:\\\/\\\/avrupaubkdental.com\\\/es\\\/salud-dental-en-invierno-cuidados-bucodentales-en-climas-frios\\\/\"]}]},{\"@type\":\"ImageObject\",\"inLanguage\":\"es\",\"@id\":\"https:\\\/\\\/avrupaubkdental.com\\\/es\\\/salud-dental-en-invierno-cuidados-bucodentales-en-climas-frios\\\/#primaryimage\",\"url\":\"https:\\\/\\\/avrupaubkdental.com\\\/wp-content\\\/uploads\\\/2023\\\/11\\\/kis-aylarinda-dis-sagligi-kapak-gorsel.jpg\",\"contentUrl\":\"https:\\\/\\\/avrupaubkdental.com\\\/wp-content\\\/uploads\\\/2023\\\/11\\\/kis-aylarinda-dis-sagligi-kapak-gorsel.jpg\",\"width\":1660,\"height\":1080},{\"@type\":\"BreadcrumbList\",\"@id\":\"https:\\\/\\\/avrupaubkdental.com\\\/es\\\/salud-dental-en-invierno-cuidados-bucodentales-en-climas-frios\\\/#breadcrumb\",\"itemListElement\":[{\"@type\":\"ListItem\",\"position\":1,\"name\":\"Home\",\"item\":\"https:\\\/\\\/avrupaubkdental.com\\\/es\\\/\"},{\"@type\":\"ListItem\",\"position\":2,\"name\":\"Salud dental en invierno: Cuidados bucodentales en climas fr\u00edos\"}]},{\"@type\":\"WebSite\",\"@id\":\"https:\\\/\\\/avrupaubkdental.com\\\/es\\\/#website\",\"url\":\"https:\\\/\\\/avrupaubkdental.com\\\/es\\\/\",\"name\":\"Avrupa UBK Dental\",\"description\":\"\",\"publisher\":{\"@id\":\"https:\\\/\\\/avrupaubkdental.com\\\/es\\\/#organization\"},\"potentialAction\":[{\"@type\":\"SearchAction\",\"target\":{\"@type\":\"EntryPoint\",\"urlTemplate\":\"https:\\\/\\\/avrupaubkdental.com\\\/es\\\/?s={search_term_string}\"},\"query-input\":{\"@type\":\"PropertyValueSpecification\",\"valueRequired\":true,\"valueName\":\"search_term_string\"}}],\"inLanguage\":\"es\"},{\"@type\":\"Organization\",\"@id\":\"https:\\\/\\\/avrupaubkdental.com\\\/es\\\/#organization\",\"name\":\"Avrupa UBK Dental\",\"url\":\"https:\\\/\\\/avrupaubkdental.com\\\/es\\\/\",\"logo\":{\"@type\":\"ImageObject\",\"inLanguage\":\"es\",\"@id\":\"https:\\\/\\\/avrupaubkdental.com\\\/es\\\/#\\\/schema\\\/logo\\\/image\\\/\",\"url\":\"https:\\\/\\\/avrupaubkdental.com\\\/wp-content\\\/uploads\\\/2023\\\/09\\\/cropped-AVR.-DIK-DUZ-SATIR-PNG.png\",\"contentUrl\":\"https:\\\/\\\/avrupaubkdental.com\\\/wp-content\\\/uploads\\\/2023\\\/09\\\/cropped-AVR.-DIK-DUZ-SATIR-PNG.png\",\"width\":150,\"height\":150,\"caption\":\"Avrupa UBK Dental\"},\"image\":{\"@id\":\"https:\\\/\\\/avrupaubkdental.com\\\/es\\\/#\\\/schema\\\/logo\\\/image\\\/\"},\"sameAs\":[\"https:\\\/\\\/www.instagram.com\\\/avrupaubkdental\\\/\"]},{\"@type\":\"Person\",\"@id\":\"https:\\\/\\\/avrupaubkdental.com\\\/es\\\/#\\\/schema\\\/person\\\/76c7a1c48e922f069d538d16be02e02e\",\"name\":\"burak\",\"image\":{\"@type\":\"ImageObject\",\"inLanguage\":\"es\",\"@id\":\"https:\\\/\\\/secure.gravatar.com\\\/avatar\\\/f746707d3bcfbee87fcc797fe3676d9f7bdbc2fe5ebae5f99c9cb63cc0378230?s=96&d=mm&r=g\",\"url\":\"https:\\\/\\\/secure.gravatar.com\\\/avatar\\\/f746707d3bcfbee87fcc797fe3676d9f7bdbc2fe5ebae5f99c9cb63cc0378230?s=96&d=mm&r=g\",\"contentUrl\":\"https:\\\/\\\/secure.gravatar.com\\\/avatar\\\/f746707d3bcfbee87fcc797fe3676d9f7bdbc2fe5ebae5f99c9cb63cc0378230?s=96&d=mm&r=g\",\"caption\":\"burak\"},\"sameAs\":[\"http:\\\/\\\/avrupaubkdental.com\"],\"url\":\"https:\\\/\\\/avrupaubkdental.com\\\/es\\\/author\\\/burak\\\/\"}]}<\/script>\n<!-- \/ Yoast SEO plugin. -->","yoast_head_json":{"title":"Salud dental en invierno: Cuidados bucodentales en climas fr\u00edos - Avrupa UBK Dental Bayrampa\u015fa","robots":{"index":"index","follow":"follow","max-snippet":"max-snippet:-1","max-image-preview":"max-image-preview:large","max-video-preview":"max-video-preview:-1"},"canonical":"https:\/\/avrupaubkdental.com\/es\/salud-dental-en-invierno-cuidados-bucodentales-en-climas-frios\/","og_locale":"es_ES","og_type":"article","og_title":"Salud dental en invierno: Cuidados bucodentales en climas fr\u00edos - Avrupa UBK Dental Bayrampa\u015fa","og_description":"K\u0131\u015f Aylar\u0131nda Di\u015f Sa\u011fl\u0131\u011f\u0131: So\u011fuk Havalarda A\u011f\u0131z Bak\u0131m\u0131 Los fr\u00edos meses de invierno no s\u00f3lo son una \u00e9poca en la que debemos vestirnos al aire libre, sino que tambi\u00e9n debemos tomar precauciones especiales para proteger nuestra salud dental. El fr\u00edo puede aumentar la sensibilidad dental y repercutir en nuestra salud bucodental. En este art\u00edculo encontrar\u00e1 [&hellip;]","og_url":"https:\/\/avrupaubkdental.com\/es\/salud-dental-en-invierno-cuidados-bucodentales-en-climas-frios\/","og_site_name":"Avrupa UBK Dental Bayrampa\u015fa","article_published_time":"2023-11-28T12:32:40+00:00","article_modified_time":"2023-11-29T14:57:42+00:00","og_image":[{"width":1660,"height":1080,"url":"https:\/\/avrupaubkdental.com\/wp-content\/uploads\/2023\/11\/kis-aylarinda-dis-sagligi-kapak-gorsel.jpg","type":"image\/jpeg"}],"author":"burak","twitter_card":"summary_large_image","twitter_misc":{"Escrito por":"burak","Tiempo de lectura":"2 minutos"},"schema":{"@context":"https:\/\/schema.org","@graph":[{"@type":"Article","@id":"https:\/\/avrupaubkdental.com\/es\/salud-dental-en-invierno-cuidados-bucodentales-en-climas-frios\/#article","isPartOf":{"@id":"https:\/\/avrupaubkdental.com\/es\/salud-dental-en-invierno-cuidados-bucodentales-en-climas-frios\/"},"author":{"name":"burak","@id":"https:\/\/avrupaubkdental.com\/es\/#\/schema\/person\/76c7a1c48e922f069d538d16be02e02e"},"headline":"Salud dental en invierno: Cuidados bucodentales en climas fr\u00edos","datePublished":"2023-11-28T12:32:40+00:00","dateModified":"2023-11-29T14:57:42+00:00","mainEntityOfPage":{"@id":"https:\/\/avrupaubkdental.com\/es\/salud-dental-en-invierno-cuidados-bucodentales-en-climas-frios\/"},"wordCount":345,"commentCount":0,"publisher":{"@id":"https:\/\/avrupaubkdental.com\/es\/#organization"},"image":{"@id":"https:\/\/avrupaubkdental.com\/es\/salud-dental-en-invierno-cuidados-bucodentales-en-climas-frios\/#primaryimage"},"thumbnailUrl":"https:\/\/avrupaubkdental.com\/wp-content\/uploads\/2023\/11\/kis-aylarinda-dis-sagligi-kapak-gorsel.jpg","articleSection":["Sin categorizar"],"inLanguage":"es","potentialAction":[{"@type":"CommentAction","name":"Comment","target":["https:\/\/avrupaubkdental.com\/es\/salud-dental-en-invierno-cuidados-bucodentales-en-climas-frios\/#respond"]}]},{"@type":"WebPage","@id":"https:\/\/avrupaubkdental.com\/es\/salud-dental-en-invierno-cuidados-bucodentales-en-climas-frios\/","url":"https:\/\/avrupaubkdental.com\/es\/salud-dental-en-invierno-cuidados-bucodentales-en-climas-frios\/","name":"Salud dental en invierno: Cuidados bucodentales en climas fr\u00edos - Avrupa UBK Dental Bayrampa\u015fa","isPartOf":{"@id":"https:\/\/avrupaubkdental.com\/es\/#website"},"primaryImageOfPage":{"@id":"https:\/\/avrupaubkdental.com\/es\/salud-dental-en-invierno-cuidados-bucodentales-en-climas-frios\/#primaryimage"},"image":{"@id":"https:\/\/avrupaubkdental.com\/es\/salud-dental-en-invierno-cuidados-bucodentales-en-climas-frios\/#primaryimage"},"thumbnailUrl":"https:\/\/avrupaubkdental.com\/wp-content\/uploads\/2023\/11\/kis-aylarinda-dis-sagligi-kapak-gorsel.jpg","datePublished":"2023-11-28T12:32:40+00:00","dateModified":"2023-11-29T14:57:42+00:00","breadcrumb":{"@id":"https:\/\/avrupaubkdental.com\/es\/salud-dental-en-invierno-cuidados-bucodentales-en-climas-frios\/#breadcrumb"},"inLanguage":"es","potentialAction":[{"@type":"ReadAction","target":["https:\/\/avrupaubkdental.com\/es\/salud-dental-en-invierno-cuidados-bucodentales-en-climas-frios\/"]}]},{"@type":"ImageObject","inLanguage":"es","@id":"https:\/\/avrupaubkdental.com\/es\/salud-dental-en-invierno-cuidados-bucodentales-en-climas-frios\/#primaryimage","url":"https:\/\/avrupaubkdental.com\/wp-content\/uploads\/2023\/11\/kis-aylarinda-dis-sagligi-kapak-gorsel.jpg","contentUrl":"https:\/\/avrupaubkdental.com\/wp-content\/uploads\/2023\/11\/kis-aylarinda-dis-sagligi-kapak-gorsel.jpg","width":1660,"height":1080},{"@type":"BreadcrumbList","@id":"https:\/\/avrupaubkdental.com\/es\/salud-dental-en-invierno-cuidados-bucodentales-en-climas-frios\/#breadcrumb","itemListElement":[{"@type":"ListItem","position":1,"name":"Home","item":"https:\/\/avrupaubkdental.com\/es\/"},{"@type":"ListItem","position":2,"name":"Salud dental en invierno: Cuidados bucodentales en climas fr\u00edos"}]},{"@type":"WebSite","@id":"https:\/\/avrupaubkdental.com\/es\/#website","url":"https:\/\/avrupaubkdental.com\/es\/","name":"Avrupa UBK Dental","description":"","publisher":{"@id":"https:\/\/avrupaubkdental.com\/es\/#organization"},"potentialAction":[{"@type":"SearchAction","target":{"@type":"EntryPoint","urlTemplate":"https:\/\/avrupaubkdental.com\/es\/?s={search_term_string}"},"query-input":{"@type":"PropertyValueSpecification","valueRequired":true,"valueName":"search_term_string"}}],"inLanguage":"es"},{"@type":"Organization","@id":"https:\/\/avrupaubkdental.com\/es\/#organization","name":"Avrupa UBK Dental","url":"https:\/\/avrupaubkdental.com\/es\/","logo":{"@type":"ImageObject","inLanguage":"es","@id":"https:\/\/avrupaubkdental.com\/es\/#\/schema\/logo\/image\/","url":"https:\/\/avrupaubkdental.com\/wp-content\/uploads\/2023\/09\/cropped-AVR.-DIK-DUZ-SATIR-PNG.png","contentUrl":"https:\/\/avrupaubkdental.com\/wp-content\/uploads\/2023\/09\/cropped-AVR.-DIK-DUZ-SATIR-PNG.png","width":150,"height":150,"caption":"Avrupa UBK Dental"},"image":{"@id":"https:\/\/avrupaubkdental.com\/es\/#\/schema\/logo\/image\/"},"sameAs":["https:\/\/www.instagram.com\/avrupaubkdental\/"]},{"@type":"Person","@id":"https:\/\/avrupaubkdental.com\/es\/#\/schema\/person\/76c7a1c48e922f069d538d16be02e02e","name":"burak","image":{"@type":"ImageObject","inLanguage":"es","@id":"https:\/\/secure.gravatar.com\/avatar\/f746707d3bcfbee87fcc797fe3676d9f7bdbc2fe5ebae5f99c9cb63cc0378230?s=96&d=mm&r=g","url":"https:\/\/secure.gravatar.com\/avatar\/f746707d3bcfbee87fcc797fe3676d9f7bdbc2fe5ebae5f99c9cb63cc0378230?s=96&d=mm&r=g","contentUrl":"https:\/\/secure.gravatar.com\/avatar\/f746707d3bcfbee87fcc797fe3676d9f7bdbc2fe5ebae5f99c9cb63cc0378230?s=96&d=mm&r=g","caption":"burak"},"sameAs":["http:\/\/avrupaubkdental.com"],"url":"https:\/\/avrupaubkdental.com\/es\/author\/burak\/"}]}},"_links":{"self":[{"href":"https:\/\/avrupaubkdental.com\/es\/wp-json\/wp\/v2\/posts\/3706","targetHints":{"allow":["GET"]}}],"collection":[{"href":"https:\/\/avrupaubkdental.com\/es\/wp-json\/wp\/v2\/posts"}],"about":[{"href":"https:\/\/avrupaubkdental.com\/es\/wp-json\/wp\/v2\/types\/post"}],"author":[{"embeddable":true,"href":"https:\/\/avrupaubkdental.com\/es\/wp-json\/wp\/v2\/users\/1"}],"replies":[{"embeddable":true,"href":"https:\/\/avrupaubkdental.com\/es\/wp-json\/wp\/v2\/comments?post=3706"}],"version-history":[{"count":2,"href":"https:\/\/avrupaubkdental.com\/es\/wp-json\/wp\/v2\/posts\/3706\/revisions"}],"predecessor-version":[{"id":3764,"href":"https:\/\/avrupaubkdental.com\/es\/wp-json\/wp\/v2\/posts\/3706\/revisions\/3764"}],"wp:featuredmedia":[{"embeddable":true,"href":"https:\/\/avrupaubkdental.com\/es\/wp-json\/wp\/v2\/media\/3427"}],"wp:attachment":[{"href":"https:\/\/avrupaubkdental.com\/es\/wp-json\/wp\/v2\/media?parent=3706"}],"wp:term":[{"taxonomy":"category","embeddable":true,"href":"https:\/\/avrupaubkdental.com\/es\/wp-json\/wp\/v2\/categories?post=3706"},{"taxonomy":"post_tag","embeddable":true,"href":"https:\/\/avrupaubkdental.com\/es\/wp-json\/wp\/v2\/tags?post=3706"}],"curies":[{"name":"wp","href":"https:\/\/api.w.org\/{rel}","templated":true}]}}