{"id":10737,"date":"2026-08-31T15:08:47","date_gmt":"2026-08-31T12:08:47","guid":{"rendered":"https:\/\/avrupaubkdental.com\/ce-cauzeaza-ingalbenirea-dintilor-la-ce-ar-trebui-sa-fim-atenti-pentru-a-proteja-culoarea-dintilor\/"},"modified":"2026-08-31T15:08:48","modified_gmt":"2026-08-31T12:08:48","slug":"ce-cauzeaza-ingalbenirea-dintilor-la-ce-ar-trebui-sa-fim-atenti-pentru-a-proteja-culoarea-dintilor","status":"publish","type":"post","link":"https:\/\/avrupaubkdental.com\/ro\/ce-cauzeaza-ingalbenirea-dintilor-la-ce-ar-trebui-sa-fim-atenti-pentru-a-proteja-culoarea-dintilor\/","title":{"rendered":"Ce cauzeaz\u0103 \u00eeng\u0103lbenirea din\u021bilor? La ce ar trebui s\u0103 fim aten\u021bi pentru a proteja culoarea din\u021bilor?"},"content":{"rendered":"\t\t<div data-elementor-type=\"wp-post\" data-elementor-id=\"10737\" class=\"elementor elementor-10737 elementor-10701\">\n\t\t\t\t\t\t<div class=\"elementor-inner\">\n\t\t\t\t<div class=\"elementor-section-wrap\">\n\t\t\t\t\t\t\t\t\t<section class=\"elementor-section elementor-top-section elementor-element elementor-element-39e762a elementor-section-boxed elementor-section-height-default elementor-section-height-default\" data-id=\"39e762a\" data-element_type=\"section\">\n\t\t\t\t\t\t\t<div class=\"elementor-background-overlay\"><\/div>\n\t\t\t\t\t\t\t<div class=\"elementor-container elementor-column-gap-default\">\n\t\t\t\t\t\t\t<div class=\"elementor-row\">\n\t\t\t\t\t<div class=\"aux-parallax-section elementor-column elementor-col-100 elementor-top-column elementor-element elementor-element-64c7dc4\" data-id=\"64c7dc4\" data-element_type=\"column\" data-settings=\"{&quot;background_background&quot;:&quot;classic&quot;}\">\n\t\t\t<div class=\"elementor-column-wrap elementor-element-populated\">\n\t\t\t\t\t<div class=\"elementor-background-overlay\"><\/div>\n\t\t\t\t\t\t\t<div class=\"elementor-widget-wrap\">\n\t\t\t\t\t\t<div class=\"elementor-element elementor-element-5c52044 elementor-widget elementor-widget-heading\" data-id=\"5c52044\" data-element_type=\"widget\" data-widget_type=\"heading.default\">\n\t\t\t\t<div class=\"elementor-widget-container\">\n\t\t\t<h1 class=\"elementor-heading-title elementor-size-default\">Ce cauzeaz\u0103 \u00eeng\u0103lbenirea din\u021bilor? La ce ar trebui s\u0103 fim aten\u021bi pentru a proteja culoarea din\u021bilor?<\/h1>\t\t<\/div>\n\t\t\t\t<\/div>\n\t\t\t\t\t\t<\/div>\n\t\t\t\t\t<\/div>\n\t\t<\/div>\n\t\t\t\t\t\t\t\t<\/div>\n\t\t\t\t\t<\/div>\n\t\t<\/section>\n\t\t\t\t<section class=\"elementor-section elementor-top-section elementor-element elementor-element-d8125aa elementor-section-boxed elementor-section-height-default elementor-section-height-default\" data-id=\"d8125aa\" data-element_type=\"section\">\n\t\t\t\t\t\t<div class=\"elementor-container elementor-column-gap-default\">\n\t\t\t\t\t\t\t<div class=\"elementor-row\">\n\t\t\t\t\t<div class=\"aux-parallax-section elementor-column elementor-col-50 elementor-top-column elementor-element elementor-element-3383e47\" data-id=\"3383e47\" data-element_type=\"column\">\n\t\t\t<div class=\"elementor-column-wrap elementor-element-populated\">\n\t\t\t\t\t\t\t<div class=\"elementor-widget-wrap\">\n\t\t\t\t\t\t<div class=\"elementor-element elementor-element-4b88edd elementor-widget elementor-widget-text-editor\" data-id=\"4b88edd\" data-element_type=\"widget\" data-widget_type=\"text-editor.default\">\n\t\t\t\t<div class=\"elementor-widget-container\">\n\t\t\t\t\t\t\t\t<div class=\"elementor-text-editor elementor-clearfix\">\n\t\t\t\t<p class=\"p1\">Culoarea din\u021bilor joac\u0103 un rol important atunci c\u00e2nd vine vorba de un z\u00e2mbet s\u0103n\u0103tos \u0219i pl\u0103cut din punct de vedere estetic. Cu toate acestea, este destul de frecvent ca din\u021bii s\u0103 \u00ee\u0219i piard\u0103 albul original \u0219i s\u0103 \u00eenceap\u0103 s\u0103 par\u0103 mai \u00eeng\u0103lbeni\u021bi \u00een timp.<\/p>\n\t\t\t\t\t<\/div>\n\t\t\t\t\t\t<\/div>\n\t\t\t\t<\/div>\n\t\t\t\t\t\t<\/div>\n\t\t\t\t\t<\/div>\n\t\t<\/div>\n\t\t\t\t<div class=\"aux-parallax-section elementor-column elementor-col-50 elementor-top-column elementor-element elementor-element-837243a\" data-id=\"837243a\" data-element_type=\"column\">\n\t\t\t<div class=\"elementor-column-wrap elementor-element-populated\">\n\t\t\t\t\t\t\t<div class=\"elementor-widget-wrap\">\n\t\t\t\t\t\t<div class=\"elementor-element elementor-element-cfb0b4b elementor-widget elementor-widget-text-editor\" data-id=\"cfb0b4b\" data-element_type=\"widget\" data-widget_type=\"text-editor.default\">\n\t\t\t\t<div class=\"elementor-widget-container\">\n\t\t\t\t\t\t\t\t<div class=\"elementor-text-editor elementor-clearfix\">\n\t\t\t\t<p class=\"p1\">Mul\u021bi factori, de la obiceiurile alimentare la igiena oral\u0103, pot provoca modific\u0103ri ale culorii din\u021bilor. \u00cen acest articol, UBK Dental din Europa discut\u0103 cauzele \u00eeng\u0103lbenirii din\u021bilor, obiceiurile care afecteaz\u0103 culoarea din\u021bilor \u0219i aspectele de luat \u00een considerare pentru men\u021binerea unui aspect mai s\u0103n\u0103tos.<\/p>\n\t\t\t\t\t<\/div>\n\t\t\t\t\t\t<\/div>\n\t\t\t\t<\/div>\n\t\t\t\t\t\t<\/div>\n\t\t\t\t\t<\/div>\n\t\t<\/div>\n\t\t\t\t\t\t\t\t<\/div>\n\t\t\t\t\t<\/div>\n\t\t<\/section>\n\t\t\t\t<section class=\"elementor-section elementor-top-section elementor-element elementor-element-643b4ef elementor-section-boxed elementor-section-height-default elementor-section-height-default\" data-id=\"643b4ef\" data-element_type=\"section\" data-settings=\"{&quot;background_background&quot;:&quot;classic&quot;}\">\n\t\t\t\t\t\t<div class=\"elementor-container elementor-column-gap-default\">\n\t\t\t\t\t\t\t<div class=\"elementor-row\">\n\t\t\t\t\t<div class=\"aux-parallax-section elementor-column elementor-col-66 elementor-top-column elementor-element elementor-element-5ec8e10\" data-id=\"5ec8e10\" data-element_type=\"column\" data-settings=\"{&quot;background_background&quot;:&quot;classic&quot;}\">\n\t\t\t<div class=\"elementor-column-wrap elementor-element-populated\">\n\t\t\t\t\t\t\t<div class=\"elementor-widget-wrap\">\n\t\t\t\t\t\t<div class=\"elementor-element elementor-element-d9ee89e elementor-widget elementor-widget-heading\" data-id=\"d9ee89e\" data-element_type=\"widget\" data-widget_type=\"heading.default\">\n\t\t\t\t<div class=\"elementor-widget-container\">\n\t\t\t<h2 class=\"elementor-heading-title elementor-size-default\">De ce se \u00eeng\u0103lbenesc din\u021bii?<\/h2>\t\t<\/div>\n\t\t\t\t<\/div>\n\t\t\t\t<div class=\"elementor-element elementor-element-245e2d8 elementor-widget elementor-widget-text-editor\" data-id=\"245e2d8\" data-element_type=\"widget\" data-widget_type=\"text-editor.default\">\n\t\t\t\t<div class=\"elementor-widget-container\">\n\t\t\t\t\t\t\t\t<div class=\"elementor-text-editor elementor-clearfix\">\n\t\t\t\t<p class=\"p1\">Culoarea din\u021bilor poate varia de la o persoan\u0103 la alta. Cu toate acestea, petele \u0219i modific\u0103rile structurii dentare care apar \u00een timp pot cauza un aspect g\u0103lbui. Consumul frecvent de b\u0103uturi colorate, cum ar fi ceaiul \u0219i cafeaua, poate contribui la p\u0103tarea suprafe\u021bei dintelui. Produsele din tutun se num\u0103r\u0103, de asemenea, printre factorii importan\u021bi care afecteaz\u0103 negativ culoarea din\u021bilor. Pe m\u0103sur\u0103 ce \u00eemb\u0103tr\u00e2nim, modific\u0103rile naturale ale smal\u021bului dentar pot duce, de asemenea, la cre\u0219terea proeminen\u021bei stratului de dentin\u0103 subiacent, mai g\u0103lbui.<\/p>\n\t\t\t\t\t<\/div>\n\t\t\t\t\t\t<\/div>\n\t\t\t\t<\/div>\n\t\t\t\t<div class=\"elementor-element elementor-element-71b2a47 elementor-widget elementor-widget-heading\" data-id=\"71b2a47\" data-element_type=\"widget\" data-widget_type=\"heading.default\">\n\t\t\t\t<div class=\"elementor-widget-container\">\n\t\t\t<h2 class=\"elementor-heading-title elementor-size-default\">Obiceiurile alimentare afecteaz\u0103 culoarea din\u021bilor?<\/h2>\t\t<\/div>\n\t\t\t\t<\/div>\n\t\t\t\t<div class=\"elementor-element elementor-element-ee51d4d elementor-widget elementor-widget-text-editor\" data-id=\"ee51d4d\" data-element_type=\"widget\" data-widget_type=\"text-editor.default\">\n\t\t\t\t<div class=\"elementor-widget-container\">\n\t\t\t\t\t\t\t\t<div class=\"elementor-text-editor elementor-clearfix\">\n\t\t\t\t<p class=\"p1\">Unele alimente \u0219i b\u0103uturi pe care le consum\u0103m pe parcursul zilei pot contribui la decolorarea din\u021bilor. Consumul frecvent de cafea, ceai \u0219i anumite alimente de culoare \u00eenchis\u0103 poate provoca pete superficiale \u00een timp. Cl\u0103tirea gurii cu ap\u0103 dup\u0103 consumul acestor produse \u0219i men\u021binerea unei igiene orale regulate pot ajuta la controlul decolor\u0103rii suprafe\u021bei.<\/p>\n\t\t\t\t\t<\/div>\n\t\t\t\t\t\t<\/div>\n\t\t\t\t<\/div>\n\t\t\t\t\t\t<\/div>\n\t\t\t\t\t<\/div>\n\t\t<\/div>\n\t\t\t\t<div class=\"aux-parallax-section elementor-column elementor-col-33 elementor-top-column elementor-element elementor-element-21709a2\" data-id=\"21709a2\" data-element_type=\"column\">\n\t\t\t<div class=\"elementor-column-wrap elementor-element-populated\">\n\t\t\t\t\t\t\t<div class=\"elementor-widget-wrap\">\n\t\t\t\t\t\t<div class=\"elementor-element elementor-element-8397b3d elementor-widget elementor-widget-image\" data-id=\"8397b3d\" data-element_type=\"widget\" data-widget_type=\"image.default\">\n\t\t\t\t<div class=\"elementor-widget-container\">\n\t\t\t\t\t\t\t\t<div class=\"elementor-image\">\n\t\t\t\t\t\t\t\t\t\t\t\t<img loading=\"lazy\" decoding=\"async\" width=\"1080\" height=\"1350\" src=\"https:\/\/avrupaubkdental.com\/wp-content\/uploads\/2026\/08\/dis-eti-kanamasi-neden-olur-ne-zaman-dis-ekimine1.jpg\" class=\"attachment-full size-full wp-image-10672\" alt=\"\" \/>\t\t\t\t\t\t\t\t\t\t\t\t\t\t<\/div>\n\t\t\t\t\t\t<\/div>\n\t\t\t\t<\/div>\n\t\t\t\t\t\t<\/div>\n\t\t\t\t\t<\/div>\n\t\t<\/div>\n\t\t\t\t\t\t\t\t<\/div>\n\t\t\t\t\t<\/div>\n\t\t<\/section>\n\t\t\t\t<section class=\"elementor-section elementor-top-section elementor-element elementor-element-44f28db elementor-section-boxed elementor-section-height-default elementor-section-height-default\" data-id=\"44f28db\" data-element_type=\"section\" data-settings=\"{&quot;background_background&quot;:&quot;classic&quot;}\">\n\t\t\t\t\t\t<div class=\"elementor-container elementor-column-gap-default\">\n\t\t\t\t\t\t\t<div class=\"elementor-row\">\n\t\t\t\t\t<div class=\"aux-parallax-section elementor-column elementor-col-33 elementor-top-column elementor-element elementor-element-dc2b9e4\" data-id=\"dc2b9e4\" data-element_type=\"column\">\n\t\t\t<div class=\"elementor-column-wrap elementor-element-populated\">\n\t\t\t\t\t\t\t<div class=\"elementor-widget-wrap\">\n\t\t\t\t\t\t<div class=\"elementor-element elementor-element-7e3f69c elementor-widget elementor-widget-image\" data-id=\"7e3f69c\" data-element_type=\"widget\" data-widget_type=\"image.default\">\n\t\t\t\t<div class=\"elementor-widget-container\">\n\t\t\t\t\t\t\t\t<div class=\"elementor-image\">\n\t\t\t\t\t\t\t\t\t\t\t\t<img loading=\"lazy\" decoding=\"async\" width=\"1080\" height=\"1350\" src=\"https:\/\/avrupaubkdental.com\/wp-content\/uploads\/2026\/08\/dis-eti-kanamasi-neden-olur-ne-zaman-dis-ekimine2.jpg\" class=\"attachment-full size-full wp-image-10678\" alt=\"\" \/>\t\t\t\t\t\t\t\t\t\t\t\t\t\t<\/div>\n\t\t\t\t\t\t<\/div>\n\t\t\t\t<\/div>\n\t\t\t\t\t\t<\/div>\n\t\t\t\t\t<\/div>\n\t\t<\/div>\n\t\t\t\t<div class=\"aux-parallax-section elementor-column elementor-col-66 elementor-top-column elementor-element elementor-element-b683173\" data-id=\"b683173\" data-element_type=\"column\">\n\t\t\t<div class=\"elementor-column-wrap elementor-element-populated\">\n\t\t\t\t\t\t\t<div class=\"elementor-widget-wrap\">\n\t\t\t\t\t\t<div class=\"elementor-element elementor-element-31806d5 elementor-widget elementor-widget-heading\" data-id=\"31806d5\" data-element_type=\"widget\" data-widget_type=\"heading.default\">\n\t\t\t\t<div class=\"elementor-widget-container\">\n\t\t\t<h2 class=\"elementor-heading-title elementor-size-default\">Importan\u021ba \u00eengrijirii orale<\/h2>\t\t<\/div>\n\t\t\t\t<\/div>\n\t\t\t\t<div class=\"elementor-element elementor-element-6c4de11 elementor-widget elementor-widget-text-editor\" data-id=\"6c4de11\" data-element_type=\"widget\" data-widget_type=\"text-editor.default\">\n\t\t\t\t<div class=\"elementor-widget-container\">\n\t\t\t\t\t\t\t\t<div class=\"elementor-text-editor elementor-clearfix\">\n\t\t\t\t<p class=\"p1\">Neperajul regulat al din\u021bilor poate duce la acumularea de plac\u0103 bacterian\u0103 pe suprafa\u021ba dintelui. Acest lucru poate afecta nu numai s\u0103n\u0103tatea oral\u0103 \u0219i dentar\u0103, ci \u0219i aspectul din\u021bilor. Periajul din\u021bilor de cel pu\u021bin dou\u0103 ori pe zi, cu tehnica corect\u0103, \u0219i cur\u0103\u021barea regulat\u0103 \u00eentre din\u021bi ajut\u0103 la men\u021binerea igienei orale. Cu toate acestea, periajul prea puternic pentru albirea din\u021bilor nu este corect. Periajul puternic \u0219i necontrolat poate deteriora smal\u021bul din\u021bilor \u0219i gingiile.<\/p>\n\t\t\t\t\t<\/div>\n\t\t\t\t\t\t<\/div>\n\t\t\t\t<\/div>\n\t\t\t\t<div class=\"elementor-element elementor-element-dd66dd7 elementor-widget elementor-widget-heading\" data-id=\"dd66dd7\" data-element_type=\"widget\" data-widget_type=\"heading.default\">\n\t\t\t\t<div class=\"elementor-widget-container\">\n\t\t\t<h2 class=\"elementor-heading-title elementor-size-default\">Tartru \u0219i pete de suprafa\u021b\u0103<\/h2>\t\t<\/div>\n\t\t\t\t<\/div>\n\t\t\t\t<div class=\"elementor-element elementor-element-6c3bac8 elementor-widget elementor-widget-text-editor\" data-id=\"6c3bac8\" data-element_type=\"widget\" data-widget_type=\"text-editor.default\">\n\t\t\t\t<div class=\"elementor-widget-container\">\n\t\t\t\t\t\t\t\t<div class=\"elementor-text-editor elementor-clearfix\">\n\t\t\t\t<p class=\"p1\">Placa bacterian\u0103 care se acumuleaz\u0103 pe suprafa\u021ba din\u021bilor se poate \u00eent\u0103ri \u00een timp \u0219i se poate transforma \u00een tartru. Formarea tartrului poate face ca din\u021bii s\u0103 par\u0103 mai \u00eentuneca\u021bi sau s\u0103 aib\u0103 culori neuniforme. \u00cendep\u0103rtarea \u0219i lustruirea profesional\u0103 a tartrului pot ajuta la \u00eendep\u0103rtarea unor pete de suprafa\u021b\u0103 la pacien\u021bii potrivi\u021bi. Cu toate acestea, pot fi necesare tratamente diferite pentru modific\u0103rile culorii naturale a dintelui.<\/p>\n\t\t\t\t\t<\/div>\n\t\t\t\t\t\t<\/div>\n\t\t\t\t<\/div>\n\t\t\t\t\t\t<\/div>\n\t\t\t\t\t<\/div>\n\t\t<\/div>\n\t\t\t\t\t\t\t\t<\/div>\n\t\t\t\t\t<\/div>\n\t\t<\/section>\n\t\t\t\t<section class=\"elementor-section elementor-top-section elementor-element elementor-element-b04339a elementor-section-boxed elementor-section-height-default elementor-section-height-default\" data-id=\"b04339a\" data-element_type=\"section\" data-settings=\"{&quot;background_background&quot;:&quot;classic&quot;}\">\n\t\t\t\t\t\t<div class=\"elementor-container elementor-column-gap-default\">\n\t\t\t\t\t\t\t<div class=\"elementor-row\">\n\t\t\t\t\t<div class=\"aux-parallax-section elementor-column elementor-col-66 elementor-top-column elementor-element elementor-element-01e8ac0\" data-id=\"01e8ac0\" data-element_type=\"column\" data-settings=\"{&quot;background_background&quot;:&quot;classic&quot;}\">\n\t\t\t<div class=\"elementor-column-wrap elementor-element-populated\">\n\t\t\t\t\t\t\t<div class=\"elementor-widget-wrap\">\n\t\t\t\t\t\t<div class=\"elementor-element elementor-element-d9ecbed elementor-widget elementor-widget-heading\" data-id=\"d9ecbed\" data-element_type=\"widget\" data-widget_type=\"heading.default\">\n\t\t\t\t<div class=\"elementor-widget-container\">\n\t\t\t<h2 class=\"elementor-heading-title elementor-size-default\">Ce este albirea profesional\u0103 a din\u021bilor?<\/h2>\t\t<\/div>\n\t\t\t\t<\/div>\n\t\t\t\t<div class=\"elementor-element elementor-element-16d09d9 elementor-widget elementor-widget-text-editor\" data-id=\"16d09d9\" data-element_type=\"widget\" data-widget_type=\"text-editor.default\">\n\t\t\t\t<div class=\"elementor-widget-container\">\n\t\t\t\t\t\t\t\t<div class=\"elementor-text-editor elementor-clearfix\">\n\t\t\t\t<p class=\"p1\">Persoanele nemul\u021bumite de culoarea din\u021bilor lor pot lua \u00een considerare op\u021biuni profesionale de albire a din\u021bilor dup\u0103 o evaluare efectuat\u0103 de un medic dentist. Adecvarea procedurii de albire depinde de s\u0103n\u0103tatea dentar\u0103 \u0219i gingival\u0103 a individului, de restaur\u0103rile existente \u0219i de cauza decolor\u0103rii. Prin urmare, este important ca medicul dentist s\u0103 determine metoda adecvat\u0103. Rezultatele \u0219i planul de tratament pot varia pentru fiecare pacient.<\/p>\n\t\t\t\t\t<\/div>\n\t\t\t\t\t\t<\/div>\n\t\t\t\t<\/div>\n\t\t\t\t<div class=\"elementor-element elementor-element-91b5a18 elementor-widget elementor-widget-heading\" data-id=\"91b5a18\" data-element_type=\"widget\" data-widget_type=\"heading.default\">\n\t\t\t\t<div class=\"elementor-widget-container\">\n\t\t\t<h2 class=\"elementor-heading-title elementor-size-default\">Ce se poate face pentru a men\u021bine albul din\u021bilor?<\/h2>\t\t<\/div>\n\t\t\t\t<\/div>\n\t\t\t\t<div class=\"elementor-element elementor-element-02ee664 elementor-widget elementor-widget-text-editor\" data-id=\"02ee664\" data-element_type=\"widget\" data-widget_type=\"text-editor.default\">\n\t\t\t\t<div class=\"elementor-widget-container\">\n\t\t\t\t\t\t\t\t<div class=\"elementor-text-editor elementor-clearfix\">\n\t\t\t\t<p class=\"p1\">\u00cengrijirea oral\u0103 regulat\u0103 este un pas fundamental \u00een men\u021binerea culorii din\u021bilor \u0219i a s\u0103n\u0103t\u0103\u021bii orale generale. Este important s\u0103 se controleze consumul de b\u0103uturi care pot contribui la decolorare, cum ar fi ceaiul \u0219i cafeaua, s\u0103 se evite produsele din tutun \u0219i s\u0103 se efectueze controale stomatologice regulate. Metodele de albire necontrolat\u0103 care utilizeaz\u0103 bicarbonat de sodiu, l\u0103m\u00e2ie sau produse similare g\u0103site online trebuie evitate. Substan\u021bele abrazive sau acide pot deteriora smal\u021bul din\u021bilor.<\/p>\n\t\t\t\t\t<\/div>\n\t\t\t\t\t\t<\/div>\n\t\t\t\t<\/div>\n\t\t\t\t\t\t<\/div>\n\t\t\t\t\t<\/div>\n\t\t<\/div>\n\t\t\t\t<div class=\"aux-parallax-section elementor-column elementor-col-33 elementor-top-column elementor-element elementor-element-20f72f2\" data-id=\"20f72f2\" data-element_type=\"column\">\n\t\t\t<div class=\"elementor-column-wrap elementor-element-populated\">\n\t\t\t\t\t\t\t<div class=\"elementor-widget-wrap\">\n\t\t\t\t\t\t<div class=\"elementor-element elementor-element-b025211 elementor-widget elementor-widget-image\" data-id=\"b025211\" data-element_type=\"widget\" data-widget_type=\"image.default\">\n\t\t\t\t<div class=\"elementor-widget-container\">\n\t\t\t\t\t\t\t\t<div class=\"elementor-image\">\n\t\t\t\t\t\t\t\t\t\t\t\t<img loading=\"lazy\" decoding=\"async\" width=\"1080\" height=\"1350\" src=\"https:\/\/avrupaubkdental.com\/wp-content\/uploads\/2026\/08\/dis-eti-kanamasi-neden-olur-ne-zaman-dis-ekimine3.jpg\" class=\"attachment-full size-full wp-image-10684\" alt=\"\" \/>\t\t\t\t\t\t\t\t\t\t\t\t\t\t<\/div>\n\t\t\t\t\t\t<\/div>\n\t\t\t\t<\/div>\n\t\t\t\t\t\t<\/div>\n\t\t\t\t\t<\/div>\n\t\t<\/div>\n\t\t\t\t\t\t\t\t<\/div>\n\t\t\t\t\t<\/div>\n\t\t<\/section>\n\t\t\t\t<section class=\"elementor-section elementor-top-section elementor-element elementor-element-33d9791 elementor-section-boxed elementor-section-height-default elementor-section-height-default\" data-id=\"33d9791\" data-element_type=\"section\">\n\t\t\t\t\t\t\t<div class=\"elementor-background-overlay\"><\/div>\n\t\t\t\t\t\t\t<div class=\"elementor-container elementor-column-gap-default\">\n\t\t\t\t\t\t\t<div class=\"elementor-row\">\n\t\t\t\t\t<div class=\"aux-parallax-section elementor-column elementor-col-100 elementor-top-column elementor-element elementor-element-f41da64\" data-id=\"f41da64\" data-element_type=\"column\">\n\t\t\t<div class=\"elementor-column-wrap elementor-element-populated\">\n\t\t\t\t\t\t\t<div class=\"elementor-widget-wrap\">\n\t\t\t\t\t\t<div class=\"elementor-element elementor-element-44ec201 elementor-widget elementor-widget-spacer\" data-id=\"44ec201\" data-element_type=\"widget\" data-widget_type=\"spacer.default\">\n\t\t\t\t<div class=\"elementor-widget-container\">\n\t\t\t\t\t<div class=\"elementor-spacer\">\n\t\t\t<div class=\"elementor-spacer-inner\"><\/div>\n\t\t<\/div>\n\t\t\t\t<\/div>\n\t\t\t\t<\/div>\n\t\t\t\t<div class=\"elementor-element elementor-element-4488dcd elementor-widget elementor-widget-spacer\" data-id=\"4488dcd\" data-element_type=\"widget\" data-widget_type=\"spacer.default\">\n\t\t\t\t<div class=\"elementor-widget-container\">\n\t\t\t\t\t<div class=\"elementor-spacer\">\n\t\t\t<div class=\"elementor-spacer-inner\"><\/div>\n\t\t<\/div>\n\t\t\t\t<\/div>\n\t\t\t\t<\/div>\n\t\t\t\t\t\t<\/div>\n\t\t\t\t\t<\/div>\n\t\t<\/div>\n\t\t\t\t\t\t\t\t<\/div>\n\t\t\t\t\t<\/div>\n\t\t<\/section>\n\t\t\t\t\t\t\t\t\t<\/div>\n\t\t\t<\/div>\n\t\t\t\t\t<\/div>\n\t\t","protected":false},"excerpt":{"rendered":"<p>Ce cauzeaz\u0103 \u00eeng\u0103lbenirea din\u021bilor? La ce ar trebui s\u0103 fim aten\u021bi pentru a proteja culoarea din\u021bilor? Culoarea din\u021bilor joac\u0103 un rol important atunci c\u00e2nd vine vorba de un z\u00e2mbet s\u0103n\u0103tos \u0219i pl\u0103cut din punct de vedere estetic. Cu toate acestea, este destul de frecvent ca din\u021bii s\u0103 \u00ee\u0219i piard\u0103 albul original \u0219i s\u0103 \u00eenceap\u0103 s\u0103 [&hellip;]<\/p>\n","protected":false},"author":1,"featured_media":10724,"comment_status":"open","ping_status":"open","sticky":false,"template":"elementor_header_footer","format":"standard","meta":{"_joinchat":[],"footnotes":""},"categories":[29],"tags":[],"class_list":["post-10737","post","type-post","status-publish","format-standard","has-post-thumbnail","hentry","category-uncategorized-ro"],"yoast_head":"<!-- This site is optimized with the Yoast SEO plugin v28.2 - https:\/\/yoast.com\/product\/yoast-seo-wordpress\/ -->\n<title>Ce cauzeaz\u0103 \u00eeng\u0103lbenirea din\u021bilor? La ce ar trebui s\u0103 fim aten\u021bi pentru a proteja culoarea din\u021bilor? - Avrupa UBK Dental Bayrampa\u015fa<\/title>\n<meta name=\"robots\" content=\"index, follow, max-snippet:-1, max-image-preview:large, max-video-preview:-1\" \/>\n<link rel=\"canonical\" href=\"https:\/\/avrupaubkdental.com\/ro\/ce-cauzeaza-ingalbenirea-dintilor-la-ce-ar-trebui-sa-fim-atenti-pentru-a-proteja-culoarea-dintilor\/\" \/>\n<meta property=\"og:locale\" content=\"ro_RO\" \/>\n<meta property=\"og:type\" content=\"article\" \/>\n<meta property=\"og:title\" content=\"Ce cauzeaz\u0103 \u00eeng\u0103lbenirea din\u021bilor? La ce ar trebui s\u0103 fim aten\u021bi pentru a proteja culoarea din\u021bilor? - Avrupa UBK Dental Bayrampa\u015fa\" \/>\n<meta property=\"og:description\" content=\"Ce cauzeaz\u0103 \u00eeng\u0103lbenirea din\u021bilor? La ce ar trebui s\u0103 fim aten\u021bi pentru a proteja culoarea din\u021bilor? Culoarea din\u021bilor joac\u0103 un rol important atunci c\u00e2nd vine vorba de un z\u00e2mbet s\u0103n\u0103tos \u0219i pl\u0103cut din punct de vedere estetic. Cu toate acestea, este destul de frecvent ca din\u021bii s\u0103 \u00ee\u0219i piard\u0103 albul original \u0219i s\u0103 \u00eenceap\u0103 s\u0103 [&hellip;]\" \/>\n<meta property=\"og:url\" content=\"https:\/\/avrupaubkdental.com\/ro\/ce-cauzeaza-ingalbenirea-dintilor-la-ce-ar-trebui-sa-fim-atenti-pentru-a-proteja-culoarea-dintilor\/\" \/>\n<meta property=\"og:site_name\" content=\"Avrupa UBK Dental Bayrampa\u015fa\" \/>\n<meta property=\"article:published_time\" content=\"2026-08-31T12:08:47+00:00\" \/>\n<meta property=\"article:modified_time\" content=\"2026-08-31T12:08:48+00:00\" \/>\n<meta property=\"og:image\" content=\"https:\/\/avrupaubkdental.com\/wp-content\/uploads\/2026\/08\/dislerde-sararma-neden-olur-dis-rengini-korumak-icin-nelere-dikkat-edilmeli.jpg\" \/>\n\t<meta property=\"og:image:width\" content=\"1660\" \/>\n\t<meta property=\"og:image:height\" content=\"1080\" \/>\n\t<meta property=\"og:image:type\" content=\"image\/jpeg\" \/>\n<meta name=\"author\" content=\"burak\" \/>\n<meta name=\"twitter:card\" content=\"summary_large_image\" \/>\n<meta name=\"twitter:label1\" content=\"Scris de\" \/>\n\t<meta name=\"twitter:data1\" content=\"burak\" \/>\n\t<meta name=\"twitter:label2\" content=\"Timp estimat pentru citire\" \/>\n\t<meta name=\"twitter:data2\" content=\"3 minute\" \/>\n<script type=\"application\/ld+json\" class=\"yoast-schema-graph\">{\"@context\":\"https:\\\/\\\/schema.org\",\"@graph\":[{\"@type\":\"Article\",\"@id\":\"https:\\\/\\\/avrupaubkdental.com\\\/ro\\\/ce-cauzeaza-ingalbenirea-dintilor-la-ce-ar-trebui-sa-fim-atenti-pentru-a-proteja-culoarea-dintilor\\\/#article\",\"isPartOf\":{\"@id\":\"https:\\\/\\\/avrupaubkdental.com\\\/ro\\\/ce-cauzeaza-ingalbenirea-dintilor-la-ce-ar-trebui-sa-fim-atenti-pentru-a-proteja-culoarea-dintilor\\\/\"},\"author\":{\"name\":\"burak\",\"@id\":\"https:\\\/\\\/avrupaubkdental.com\\\/ro\\\/#\\\/schema\\\/person\\\/76c7a1c48e922f069d538d16be02e02e\"},\"headline\":\"Ce cauzeaz\u0103 \u00eeng\u0103lbenirea din\u021bilor? La ce ar trebui s\u0103 fim aten\u021bi pentru a proteja culoarea din\u021bilor?\",\"datePublished\":\"2026-08-31T12:08:47+00:00\",\"dateModified\":\"2026-08-31T12:08:48+00:00\",\"mainEntityOfPage\":{\"@id\":\"https:\\\/\\\/avrupaubkdental.com\\\/ro\\\/ce-cauzeaza-ingalbenirea-dintilor-la-ce-ar-trebui-sa-fim-atenti-pentru-a-proteja-culoarea-dintilor\\\/\"},\"wordCount\":660,\"commentCount\":0,\"publisher\":{\"@id\":\"https:\\\/\\\/avrupaubkdental.com\\\/ro\\\/#organization\"},\"image\":{\"@id\":\"https:\\\/\\\/avrupaubkdental.com\\\/ro\\\/ce-cauzeaza-ingalbenirea-dintilor-la-ce-ar-trebui-sa-fim-atenti-pentru-a-proteja-culoarea-dintilor\\\/#primaryimage\"},\"thumbnailUrl\":\"https:\\\/\\\/avrupaubkdental.com\\\/wp-content\\\/uploads\\\/2026\\\/08\\\/dislerde-sararma-neden-olur-dis-rengini-korumak-icin-nelere-dikkat-edilmeli.jpg\",\"articleSection\":[\"Uncategorized @ro\"],\"inLanguage\":\"ro-RO\",\"potentialAction\":[{\"@type\":\"CommentAction\",\"name\":\"Comment\",\"target\":[\"https:\\\/\\\/avrupaubkdental.com\\\/ro\\\/ce-cauzeaza-ingalbenirea-dintilor-la-ce-ar-trebui-sa-fim-atenti-pentru-a-proteja-culoarea-dintilor\\\/#respond\"]}]},{\"@type\":\"WebPage\",\"@id\":\"https:\\\/\\\/avrupaubkdental.com\\\/ro\\\/ce-cauzeaza-ingalbenirea-dintilor-la-ce-ar-trebui-sa-fim-atenti-pentru-a-proteja-culoarea-dintilor\\\/\",\"url\":\"https:\\\/\\\/avrupaubkdental.com\\\/ro\\\/ce-cauzeaza-ingalbenirea-dintilor-la-ce-ar-trebui-sa-fim-atenti-pentru-a-proteja-culoarea-dintilor\\\/\",\"name\":\"Ce cauzeaz\u0103 \u00eeng\u0103lbenirea din\u021bilor? La ce ar trebui s\u0103 fim aten\u021bi pentru a proteja culoarea din\u021bilor? - Avrupa UBK Dental Bayrampa\u015fa\",\"isPartOf\":{\"@id\":\"https:\\\/\\\/avrupaubkdental.com\\\/ro\\\/#website\"},\"primaryImageOfPage\":{\"@id\":\"https:\\\/\\\/avrupaubkdental.com\\\/ro\\\/ce-cauzeaza-ingalbenirea-dintilor-la-ce-ar-trebui-sa-fim-atenti-pentru-a-proteja-culoarea-dintilor\\\/#primaryimage\"},\"image\":{\"@id\":\"https:\\\/\\\/avrupaubkdental.com\\\/ro\\\/ce-cauzeaza-ingalbenirea-dintilor-la-ce-ar-trebui-sa-fim-atenti-pentru-a-proteja-culoarea-dintilor\\\/#primaryimage\"},\"thumbnailUrl\":\"https:\\\/\\\/avrupaubkdental.com\\\/wp-content\\\/uploads\\\/2026\\\/08\\\/dislerde-sararma-neden-olur-dis-rengini-korumak-icin-nelere-dikkat-edilmeli.jpg\",\"datePublished\":\"2026-08-31T12:08:47+00:00\",\"dateModified\":\"2026-08-31T12:08:48+00:00\",\"breadcrumb\":{\"@id\":\"https:\\\/\\\/avrupaubkdental.com\\\/ro\\\/ce-cauzeaza-ingalbenirea-dintilor-la-ce-ar-trebui-sa-fim-atenti-pentru-a-proteja-culoarea-dintilor\\\/#breadcrumb\"},\"inLanguage\":\"ro-RO\",\"potentialAction\":[{\"@type\":\"ReadAction\",\"target\":[\"https:\\\/\\\/avrupaubkdental.com\\\/ro\\\/ce-cauzeaza-ingalbenirea-dintilor-la-ce-ar-trebui-sa-fim-atenti-pentru-a-proteja-culoarea-dintilor\\\/\"]}]},{\"@type\":\"ImageObject\",\"inLanguage\":\"ro-RO\",\"@id\":\"https:\\\/\\\/avrupaubkdental.com\\\/ro\\\/ce-cauzeaza-ingalbenirea-dintilor-la-ce-ar-trebui-sa-fim-atenti-pentru-a-proteja-culoarea-dintilor\\\/#primaryimage\",\"url\":\"https:\\\/\\\/avrupaubkdental.com\\\/wp-content\\\/uploads\\\/2026\\\/08\\\/dislerde-sararma-neden-olur-dis-rengini-korumak-icin-nelere-dikkat-edilmeli.jpg\",\"contentUrl\":\"https:\\\/\\\/avrupaubkdental.com\\\/wp-content\\\/uploads\\\/2026\\\/08\\\/dislerde-sararma-neden-olur-dis-rengini-korumak-icin-nelere-dikkat-edilmeli.jpg\",\"width\":1660,\"height\":1080},{\"@type\":\"BreadcrumbList\",\"@id\":\"https:\\\/\\\/avrupaubkdental.com\\\/ro\\\/ce-cauzeaza-ingalbenirea-dintilor-la-ce-ar-trebui-sa-fim-atenti-pentru-a-proteja-culoarea-dintilor\\\/#breadcrumb\",\"itemListElement\":[{\"@type\":\"ListItem\",\"position\":1,\"name\":\"Home\",\"item\":\"https:\\\/\\\/avrupaubkdental.com\\\/ro\\\/\"},{\"@type\":\"ListItem\",\"position\":2,\"name\":\"Ce cauzeaz\u0103 \u00eeng\u0103lbenirea din\u021bilor? La ce ar trebui s\u0103 fim aten\u021bi pentru a proteja culoarea din\u021bilor?\"}]},{\"@type\":\"WebSite\",\"@id\":\"https:\\\/\\\/avrupaubkdental.com\\\/ro\\\/#website\",\"url\":\"https:\\\/\\\/avrupaubkdental.com\\\/ro\\\/\",\"name\":\"Avrupa UBK Dental\",\"description\":\"\",\"publisher\":{\"@id\":\"https:\\\/\\\/avrupaubkdental.com\\\/ro\\\/#organization\"},\"potentialAction\":[{\"@type\":\"SearchAction\",\"target\":{\"@type\":\"EntryPoint\",\"urlTemplate\":\"https:\\\/\\\/avrupaubkdental.com\\\/ro\\\/?s={search_term_string}\"},\"query-input\":{\"@type\":\"PropertyValueSpecification\",\"valueRequired\":true,\"valueName\":\"search_term_string\"}}],\"inLanguage\":\"ro-RO\"},{\"@type\":\"Organization\",\"@id\":\"https:\\\/\\\/avrupaubkdental.com\\\/ro\\\/#organization\",\"name\":\"Avrupa UBK Dental\",\"url\":\"https:\\\/\\\/avrupaubkdental.com\\\/ro\\\/\",\"logo\":{\"@type\":\"ImageObject\",\"inLanguage\":\"ro-RO\",\"@id\":\"https:\\\/\\\/avrupaubkdental.com\\\/ro\\\/#\\\/schema\\\/logo\\\/image\\\/\",\"url\":\"https:\\\/\\\/avrupaubkdental.com\\\/wp-content\\\/uploads\\\/2023\\\/09\\\/cropped-AVR.-DIK-DUZ-SATIR-PNG.png\",\"contentUrl\":\"https:\\\/\\\/avrupaubkdental.com\\\/wp-content\\\/uploads\\\/2023\\\/09\\\/cropped-AVR.-DIK-DUZ-SATIR-PNG.png\",\"width\":150,\"height\":150,\"caption\":\"Avrupa UBK Dental\"},\"image\":{\"@id\":\"https:\\\/\\\/avrupaubkdental.com\\\/ro\\\/#\\\/schema\\\/logo\\\/image\\\/\"},\"sameAs\":[\"https:\\\/\\\/www.instagram.com\\\/avrupaubkdental\\\/\"]},{\"@type\":\"Person\",\"@id\":\"https:\\\/\\\/avrupaubkdental.com\\\/ro\\\/#\\\/schema\\\/person\\\/76c7a1c48e922f069d538d16be02e02e\",\"name\":\"burak\",\"image\":{\"@type\":\"ImageObject\",\"inLanguage\":\"ro-RO\",\"@id\":\"https:\\\/\\\/secure.gravatar.com\\\/avatar\\\/f746707d3bcfbee87fcc797fe3676d9f7bdbc2fe5ebae5f99c9cb63cc0378230?s=96&d=mm&r=g\",\"url\":\"https:\\\/\\\/secure.gravatar.com\\\/avatar\\\/f746707d3bcfbee87fcc797fe3676d9f7bdbc2fe5ebae5f99c9cb63cc0378230?s=96&d=mm&r=g\",\"contentUrl\":\"https:\\\/\\\/secure.gravatar.com\\\/avatar\\\/f746707d3bcfbee87fcc797fe3676d9f7bdbc2fe5ebae5f99c9cb63cc0378230?s=96&d=mm&r=g\",\"caption\":\"burak\"},\"sameAs\":[\"http:\\\/\\\/avrupaubkdental.com\"],\"url\":\"https:\\\/\\\/avrupaubkdental.com\\\/ro\\\/author\\\/burak\\\/\"}]}<\/script>\n<!-- \/ Yoast SEO plugin. -->","yoast_head_json":{"title":"Ce cauzeaz\u0103 \u00eeng\u0103lbenirea din\u021bilor? La ce ar trebui s\u0103 fim aten\u021bi pentru a proteja culoarea din\u021bilor? - Avrupa UBK Dental Bayrampa\u015fa","robots":{"index":"index","follow":"follow","max-snippet":"max-snippet:-1","max-image-preview":"max-image-preview:large","max-video-preview":"max-video-preview:-1"},"canonical":"https:\/\/avrupaubkdental.com\/ro\/ce-cauzeaza-ingalbenirea-dintilor-la-ce-ar-trebui-sa-fim-atenti-pentru-a-proteja-culoarea-dintilor\/","og_locale":"ro_RO","og_type":"article","og_title":"Ce cauzeaz\u0103 \u00eeng\u0103lbenirea din\u021bilor? La ce ar trebui s\u0103 fim aten\u021bi pentru a proteja culoarea din\u021bilor? - Avrupa UBK Dental Bayrampa\u015fa","og_description":"Ce cauzeaz\u0103 \u00eeng\u0103lbenirea din\u021bilor? La ce ar trebui s\u0103 fim aten\u021bi pentru a proteja culoarea din\u021bilor? Culoarea din\u021bilor joac\u0103 un rol important atunci c\u00e2nd vine vorba de un z\u00e2mbet s\u0103n\u0103tos \u0219i pl\u0103cut din punct de vedere estetic. Cu toate acestea, este destul de frecvent ca din\u021bii s\u0103 \u00ee\u0219i piard\u0103 albul original \u0219i s\u0103 \u00eenceap\u0103 s\u0103 [&hellip;]","og_url":"https:\/\/avrupaubkdental.com\/ro\/ce-cauzeaza-ingalbenirea-dintilor-la-ce-ar-trebui-sa-fim-atenti-pentru-a-proteja-culoarea-dintilor\/","og_site_name":"Avrupa UBK Dental Bayrampa\u015fa","article_published_time":"2026-08-31T12:08:47+00:00","article_modified_time":"2026-08-31T12:08:48+00:00","og_image":[{"width":1660,"height":1080,"url":"https:\/\/avrupaubkdental.com\/wp-content\/uploads\/2026\/08\/dislerde-sararma-neden-olur-dis-rengini-korumak-icin-nelere-dikkat-edilmeli.jpg","type":"image\/jpeg"}],"author":"burak","twitter_card":"summary_large_image","twitter_misc":{"Scris de":"burak","Timp estimat pentru citire":"3 minute"},"schema":{"@context":"https:\/\/schema.org","@graph":[{"@type":"Article","@id":"https:\/\/avrupaubkdental.com\/ro\/ce-cauzeaza-ingalbenirea-dintilor-la-ce-ar-trebui-sa-fim-atenti-pentru-a-proteja-culoarea-dintilor\/#article","isPartOf":{"@id":"https:\/\/avrupaubkdental.com\/ro\/ce-cauzeaza-ingalbenirea-dintilor-la-ce-ar-trebui-sa-fim-atenti-pentru-a-proteja-culoarea-dintilor\/"},"author":{"name":"burak","@id":"https:\/\/avrupaubkdental.com\/ro\/#\/schema\/person\/76c7a1c48e922f069d538d16be02e02e"},"headline":"Ce cauzeaz\u0103 \u00eeng\u0103lbenirea din\u021bilor? La ce ar trebui s\u0103 fim aten\u021bi pentru a proteja culoarea din\u021bilor?","datePublished":"2026-08-31T12:08:47+00:00","dateModified":"2026-08-31T12:08:48+00:00","mainEntityOfPage":{"@id":"https:\/\/avrupaubkdental.com\/ro\/ce-cauzeaza-ingalbenirea-dintilor-la-ce-ar-trebui-sa-fim-atenti-pentru-a-proteja-culoarea-dintilor\/"},"wordCount":660,"commentCount":0,"publisher":{"@id":"https:\/\/avrupaubkdental.com\/ro\/#organization"},"image":{"@id":"https:\/\/avrupaubkdental.com\/ro\/ce-cauzeaza-ingalbenirea-dintilor-la-ce-ar-trebui-sa-fim-atenti-pentru-a-proteja-culoarea-dintilor\/#primaryimage"},"thumbnailUrl":"https:\/\/avrupaubkdental.com\/wp-content\/uploads\/2026\/08\/dislerde-sararma-neden-olur-dis-rengini-korumak-icin-nelere-dikkat-edilmeli.jpg","articleSection":["Uncategorized @ro"],"inLanguage":"ro-RO","potentialAction":[{"@type":"CommentAction","name":"Comment","target":["https:\/\/avrupaubkdental.com\/ro\/ce-cauzeaza-ingalbenirea-dintilor-la-ce-ar-trebui-sa-fim-atenti-pentru-a-proteja-culoarea-dintilor\/#respond"]}]},{"@type":"WebPage","@id":"https:\/\/avrupaubkdental.com\/ro\/ce-cauzeaza-ingalbenirea-dintilor-la-ce-ar-trebui-sa-fim-atenti-pentru-a-proteja-culoarea-dintilor\/","url":"https:\/\/avrupaubkdental.com\/ro\/ce-cauzeaza-ingalbenirea-dintilor-la-ce-ar-trebui-sa-fim-atenti-pentru-a-proteja-culoarea-dintilor\/","name":"Ce cauzeaz\u0103 \u00eeng\u0103lbenirea din\u021bilor? La ce ar trebui s\u0103 fim aten\u021bi pentru a proteja culoarea din\u021bilor? - Avrupa UBK Dental Bayrampa\u015fa","isPartOf":{"@id":"https:\/\/avrupaubkdental.com\/ro\/#website"},"primaryImageOfPage":{"@id":"https:\/\/avrupaubkdental.com\/ro\/ce-cauzeaza-ingalbenirea-dintilor-la-ce-ar-trebui-sa-fim-atenti-pentru-a-proteja-culoarea-dintilor\/#primaryimage"},"image":{"@id":"https:\/\/avrupaubkdental.com\/ro\/ce-cauzeaza-ingalbenirea-dintilor-la-ce-ar-trebui-sa-fim-atenti-pentru-a-proteja-culoarea-dintilor\/#primaryimage"},"thumbnailUrl":"https:\/\/avrupaubkdental.com\/wp-content\/uploads\/2026\/08\/dislerde-sararma-neden-olur-dis-rengini-korumak-icin-nelere-dikkat-edilmeli.jpg","datePublished":"2026-08-31T12:08:47+00:00","dateModified":"2026-08-31T12:08:48+00:00","breadcrumb":{"@id":"https:\/\/avrupaubkdental.com\/ro\/ce-cauzeaza-ingalbenirea-dintilor-la-ce-ar-trebui-sa-fim-atenti-pentru-a-proteja-culoarea-dintilor\/#breadcrumb"},"inLanguage":"ro-RO","potentialAction":[{"@type":"ReadAction","target":["https:\/\/avrupaubkdental.com\/ro\/ce-cauzeaza-ingalbenirea-dintilor-la-ce-ar-trebui-sa-fim-atenti-pentru-a-proteja-culoarea-dintilor\/"]}]},{"@type":"ImageObject","inLanguage":"ro-RO","@id":"https:\/\/avrupaubkdental.com\/ro\/ce-cauzeaza-ingalbenirea-dintilor-la-ce-ar-trebui-sa-fim-atenti-pentru-a-proteja-culoarea-dintilor\/#primaryimage","url":"https:\/\/avrupaubkdental.com\/wp-content\/uploads\/2026\/08\/dislerde-sararma-neden-olur-dis-rengini-korumak-icin-nelere-dikkat-edilmeli.jpg","contentUrl":"https:\/\/avrupaubkdental.com\/wp-content\/uploads\/2026\/08\/dislerde-sararma-neden-olur-dis-rengini-korumak-icin-nelere-dikkat-edilmeli.jpg","width":1660,"height":1080},{"@type":"BreadcrumbList","@id":"https:\/\/avrupaubkdental.com\/ro\/ce-cauzeaza-ingalbenirea-dintilor-la-ce-ar-trebui-sa-fim-atenti-pentru-a-proteja-culoarea-dintilor\/#breadcrumb","itemListElement":[{"@type":"ListItem","position":1,"name":"Home","item":"https:\/\/avrupaubkdental.com\/ro\/"},{"@type":"ListItem","position":2,"name":"Ce cauzeaz\u0103 \u00eeng\u0103lbenirea din\u021bilor? La ce ar trebui s\u0103 fim aten\u021bi pentru a proteja culoarea din\u021bilor?"}]},{"@type":"WebSite","@id":"https:\/\/avrupaubkdental.com\/ro\/#website","url":"https:\/\/avrupaubkdental.com\/ro\/","name":"Avrupa UBK Dental","description":"","publisher":{"@id":"https:\/\/avrupaubkdental.com\/ro\/#organization"},"potentialAction":[{"@type":"SearchAction","target":{"@type":"EntryPoint","urlTemplate":"https:\/\/avrupaubkdental.com\/ro\/?s={search_term_string}"},"query-input":{"@type":"PropertyValueSpecification","valueRequired":true,"valueName":"search_term_string"}}],"inLanguage":"ro-RO"},{"@type":"Organization","@id":"https:\/\/avrupaubkdental.com\/ro\/#organization","name":"Avrupa UBK Dental","url":"https:\/\/avrupaubkdental.com\/ro\/","logo":{"@type":"ImageObject","inLanguage":"ro-RO","@id":"https:\/\/avrupaubkdental.com\/ro\/#\/schema\/logo\/image\/","url":"https:\/\/avrupaubkdental.com\/wp-content\/uploads\/2023\/09\/cropped-AVR.-DIK-DUZ-SATIR-PNG.png","contentUrl":"https:\/\/avrupaubkdental.com\/wp-content\/uploads\/2023\/09\/cropped-AVR.-DIK-DUZ-SATIR-PNG.png","width":150,"height":150,"caption":"Avrupa UBK Dental"},"image":{"@id":"https:\/\/avrupaubkdental.com\/ro\/#\/schema\/logo\/image\/"},"sameAs":["https:\/\/www.instagram.com\/avrupaubkdental\/"]},{"@type":"Person","@id":"https:\/\/avrupaubkdental.com\/ro\/#\/schema\/person\/76c7a1c48e922f069d538d16be02e02e","name":"burak","image":{"@type":"ImageObject","inLanguage":"ro-RO","@id":"https:\/\/secure.gravatar.com\/avatar\/f746707d3bcfbee87fcc797fe3676d9f7bdbc2fe5ebae5f99c9cb63cc0378230?s=96&d=mm&r=g","url":"https:\/\/secure.gravatar.com\/avatar\/f746707d3bcfbee87fcc797fe3676d9f7bdbc2fe5ebae5f99c9cb63cc0378230?s=96&d=mm&r=g","contentUrl":"https:\/\/secure.gravatar.com\/avatar\/f746707d3bcfbee87fcc797fe3676d9f7bdbc2fe5ebae5f99c9cb63cc0378230?s=96&d=mm&r=g","caption":"burak"},"sameAs":["http:\/\/avrupaubkdental.com"],"url":"https:\/\/avrupaubkdental.com\/ro\/author\/burak\/"}]}},"_links":{"self":[{"href":"https:\/\/avrupaubkdental.com\/ro\/wp-json\/wp\/v2\/posts\/10737","targetHints":{"allow":["GET"]}}],"collection":[{"href":"https:\/\/avrupaubkdental.com\/ro\/wp-json\/wp\/v2\/posts"}],"about":[{"href":"https:\/\/avrupaubkdental.com\/ro\/wp-json\/wp\/v2\/types\/post"}],"author":[{"embeddable":true,"href":"https:\/\/avrupaubkdental.com\/ro\/wp-json\/wp\/v2\/users\/1"}],"replies":[{"embeddable":true,"href":"https:\/\/avrupaubkdental.com\/ro\/wp-json\/wp\/v2\/comments?post=10737"}],"version-history":[{"count":1,"href":"https:\/\/avrupaubkdental.com\/ro\/wp-json\/wp\/v2\/posts\/10737\/revisions"}],"predecessor-version":[{"id":10738,"href":"https:\/\/avrupaubkdental.com\/ro\/wp-json\/wp\/v2\/posts\/10737\/revisions\/10738"}],"wp:featuredmedia":[{"embeddable":true,"href":"https:\/\/avrupaubkdental.com\/ro\/wp-json\/wp\/v2\/media\/10724"}],"wp:attachment":[{"href":"https:\/\/avrupaubkdental.com\/ro\/wp-json\/wp\/v2\/media?parent=10737"}],"wp:term":[{"taxonomy":"category","embeddable":true,"href":"https:\/\/avrupaubkdental.com\/ro\/wp-json\/wp\/v2\/categories?post=10737"},{"taxonomy":"post_tag","embeddable":true,"href":"https:\/\/avrupaubkdental.com\/ro\/wp-json\/wp\/v2\/tags?post=10737"}],"curies":[{"name":"wp","href":"https:\/\/api.w.org\/{rel}","templated":true}]}}