{"id":7876,"date":"2025-06-18T16:41:11","date_gmt":"2025-06-18T13:41:11","guid":{"rendered":"https:\/\/avrupaubkdental.com\/rolul-igienei-somnului-in-sanatatea-dentara\/"},"modified":"2025-06-18T16:41:12","modified_gmt":"2025-06-18T13:41:12","slug":"rolul-igienei-somnului-in-sanatatea-dentara","status":"publish","type":"post","link":"https:\/\/avrupaubkdental.com\/ro\/rolul-igienei-somnului-in-sanatatea-dentara\/","title":{"rendered":"Rolul igienei somnului \u00een s\u0103n\u0103tatea dentar\u0103"},"content":{"rendered":"\t\t<div data-elementor-type=\"wp-post\" data-elementor-id=\"7876\" class=\"elementor elementor-7876 elementor-7801\">\n\t\t\t\t\t\t<div class=\"elementor-inner\">\n\t\t\t\t<div class=\"elementor-section-wrap\">\n\t\t\t\t\t\t\t\t\t<section class=\"elementor-section elementor-top-section elementor-element elementor-element-39e762a elementor-section-boxed elementor-section-height-default elementor-section-height-default\" data-id=\"39e762a\" data-element_type=\"section\">\n\t\t\t\t\t\t\t<div class=\"elementor-background-overlay\"><\/div>\n\t\t\t\t\t\t\t<div class=\"elementor-container elementor-column-gap-default\">\n\t\t\t\t\t\t\t<div class=\"elementor-row\">\n\t\t\t\t\t<div class=\"aux-parallax-section elementor-column elementor-col-100 elementor-top-column elementor-element elementor-element-64c7dc4\" data-id=\"64c7dc4\" data-element_type=\"column\" data-settings=\"{&quot;background_background&quot;:&quot;classic&quot;}\">\n\t\t\t<div class=\"elementor-column-wrap elementor-element-populated\">\n\t\t\t\t\t<div class=\"elementor-background-overlay\"><\/div>\n\t\t\t\t\t\t\t<div class=\"elementor-widget-wrap\">\n\t\t\t\t\t\t<div class=\"elementor-element elementor-element-5c52044 elementor-widget elementor-widget-heading\" data-id=\"5c52044\" data-element_type=\"widget\" data-widget_type=\"heading.default\">\n\t\t\t\t<div class=\"elementor-widget-container\">\n\t\t\t<h1 class=\"elementor-heading-title elementor-size-default\">Rolul igienei somnului \u00een s\u0103n\u0103tatea dentar\u0103<\/h1>\t\t<\/div>\n\t\t\t\t<\/div>\n\t\t\t\t\t\t<\/div>\n\t\t\t\t\t<\/div>\n\t\t<\/div>\n\t\t\t\t\t\t\t\t<\/div>\n\t\t\t\t\t<\/div>\n\t\t<\/section>\n\t\t\t\t<section class=\"elementor-section elementor-top-section elementor-element elementor-element-d8125aa elementor-section-boxed elementor-section-height-default elementor-section-height-default\" data-id=\"d8125aa\" data-element_type=\"section\">\n\t\t\t\t\t\t<div class=\"elementor-container elementor-column-gap-default\">\n\t\t\t\t\t\t\t<div class=\"elementor-row\">\n\t\t\t\t\t<div class=\"aux-parallax-section elementor-column elementor-col-50 elementor-top-column elementor-element elementor-element-3383e47\" data-id=\"3383e47\" data-element_type=\"column\">\n\t\t\t<div class=\"elementor-column-wrap elementor-element-populated\">\n\t\t\t\t\t\t\t<div class=\"elementor-widget-wrap\">\n\t\t\t\t\t\t<div class=\"elementor-element elementor-element-4b88edd elementor-widget elementor-widget-text-editor\" data-id=\"4b88edd\" data-element_type=\"widget\" data-widget_type=\"text-editor.default\">\n\t\t\t\t<div class=\"elementor-widget-container\">\n\t\t\t\t\t\t\t\t<div class=\"elementor-text-editor elementor-clearfix\">\n\t\t\t\t<p>Somnul, care este str\u00e2ns legat de s\u0103n\u0103tatea general\u0103, are, de asemenea, un impact semnificativ asupra s\u0103n\u0103t\u0103\u021bii dentare \u0219i orale. Calitatea slab\u0103 a somnului afecteaz\u0103 negativ nu numai sistemul imunitar, ci \u0219i echilibrul din gur\u0103 \u0219i s\u0103n\u0103tatea gingiilor. <\/p>\n\t\t\t\t\t<\/div>\n\t\t\t\t\t\t<\/div>\n\t\t\t\t<\/div>\n\t\t\t\t\t\t<\/div>\n\t\t\t\t\t<\/div>\n\t\t<\/div>\n\t\t\t\t<div class=\"aux-parallax-section elementor-column elementor-col-50 elementor-top-column elementor-element elementor-element-837243a\" data-id=\"837243a\" data-element_type=\"column\">\n\t\t\t<div class=\"elementor-column-wrap elementor-element-populated\">\n\t\t\t\t\t\t\t<div class=\"elementor-widget-wrap\">\n\t\t\t\t\t\t<div class=\"elementor-element elementor-element-cfb0b4b elementor-widget elementor-widget-text-editor\" data-id=\"cfb0b4b\" data-element_type=\"widget\" data-widget_type=\"text-editor.default\">\n\t\t\t\t<div class=\"elementor-widget-container\">\n\t\t\t\t\t\t\t\t<div class=\"elementor-text-editor elementor-clearfix\">\n\t\t\t\t<p>Pentru a men\u021bine s\u0103n\u0103tatea dentar\u0103, este necesar s\u0103 ave\u021bi un tipar de somn de calitate, \u00een plus fa\u021b\u0103 de periajul regulat al din\u021bilor, alimenta\u021bia \u0219i controalele dentare de rutin\u0103.<\/p>\n\t\t\t\t\t<\/div>\n\t\t\t\t\t\t<\/div>\n\t\t\t\t<\/div>\n\t\t\t\t\t\t<\/div>\n\t\t\t\t\t<\/div>\n\t\t<\/div>\n\t\t\t\t\t\t\t\t<\/div>\n\t\t\t\t\t<\/div>\n\t\t<\/section>\n\t\t\t\t<section class=\"elementor-section elementor-top-section elementor-element elementor-element-643b4ef elementor-section-boxed elementor-section-height-default elementor-section-height-default\" data-id=\"643b4ef\" data-element_type=\"section\" data-settings=\"{&quot;background_background&quot;:&quot;classic&quot;}\">\n\t\t\t\t\t\t<div class=\"elementor-container elementor-column-gap-default\">\n\t\t\t\t\t\t\t<div class=\"elementor-row\">\n\t\t\t\t\t<div class=\"aux-parallax-section elementor-column elementor-col-66 elementor-top-column elementor-element elementor-element-5ec8e10\" data-id=\"5ec8e10\" data-element_type=\"column\" data-settings=\"{&quot;background_background&quot;:&quot;classic&quot;}\">\n\t\t\t<div class=\"elementor-column-wrap elementor-element-populated\">\n\t\t\t\t\t\t\t<div class=\"elementor-widget-wrap\">\n\t\t\t\t\t\t<div class=\"elementor-element elementor-element-d9ee89e elementor-widget elementor-widget-heading\" data-id=\"d9ee89e\" data-element_type=\"widget\" data-widget_type=\"heading.default\">\n\t\t\t\t<div class=\"elementor-widget-container\">\n\t\t\t<h2 class=\"elementor-heading-title elementor-size-default\">Calitatea somnului \u0219i scr\u00e2\u0219nitul din\u021bilor (bruxism)<\/h2>\t\t<\/div>\n\t\t\t\t<\/div>\n\t\t\t\t<div class=\"elementor-element elementor-element-245e2d8 elementor-widget elementor-widget-text-editor\" data-id=\"245e2d8\" data-element_type=\"widget\" data-widget_type=\"text-editor.default\">\n\t\t\t\t<div class=\"elementor-widget-container\">\n\t\t\t\t\t\t\t\t<div class=\"elementor-text-editor elementor-clearfix\">\n\t\t\t\t<p data-start=\"617\" data-end=\"912\">Str\u00e2ngerea sau scr\u00e2\u0219nirea involuntar\u0103 a din\u021bilor \u00een timpul somnului se nume\u0219te \u201ebruxism\u201d. Acest lucru este cauzat, de obicei, de stres, anxietate sau calitatea proast\u0103 a somnului. Bruxismul poate duce la uzura smal\u021bului din\u021bilor, sensibilitate dentar\u0103, dureri maxilare \u0219i chiar dureri de cap. Astfel de probleme sunt mai frecvente atunci c\u00e2nd igiena somnului nu este men\u021binut\u0103. Pentru a proteja din\u021bii pe timpul nop\u021bii, utilizarea unei pl\u0103ci de noapte sub supravegherea unui medic poate fi o solu\u021bie eficient\u0103.    <\/p>\n\t\t\t\t\t<\/div>\n\t\t\t\t\t\t<\/div>\n\t\t\t\t<\/div>\n\t\t\t\t<div class=\"elementor-element elementor-element-03f6c3b elementor-widget elementor-widget-heading\" data-id=\"03f6c3b\" data-element_type=\"widget\" data-widget_type=\"heading.default\">\n\t\t\t\t<div class=\"elementor-widget-container\">\n\t\t\t<h2 class=\"elementor-heading-title elementor-size-default\">Gura deschis\u0103 \u0219i gura uscat\u0103 \u00een timpul somnului<\/h2>\t\t<\/div>\n\t\t\t\t<\/div>\n\t\t\t\t<div class=\"elementor-element elementor-element-cad127c elementor-widget elementor-widget-text-editor\" data-id=\"cad127c\" data-element_type=\"widget\" data-widget_type=\"text-editor.default\">\n\t\t\t\t<div class=\"elementor-widget-container\">\n\t\t\t\t\t\t\t\t<div class=\"elementor-text-editor elementor-clearfix\">\n\t\t\t\t<p data-start=\"1126\" data-end=\"1452\">Respira\u021bia trebuie s\u0103 se fac\u0103 pe nas \u00een timpul unui somn s\u0103n\u0103tos. Cu toate acestea, unele persoane dezvolt\u0103 obiceiul de a dormi cu gura deschis\u0103 din cauza congestiei nazale, alergiilor sau apneei \u00een somn. Acest lucru cauzeaz\u0103 usc\u0103ciunea gurii, iar bacteriile se \u00eenmul\u021besc mai u\u0219or deoarece efectul protector al salivei este redus. Saliva redus\u0103 predispune la formarea cariilor, boli ale gingiilor \u0219i respira\u021bie ur\u00e2t mirositoare. Pentru a preveni uscarea gurii \u00een timpul somnului, trebuie men\u021binut un echilibru al umidit\u0103\u021bii \u00een dormitor, trebuie consumat\u0103 suficient\u0103 ap\u0103 \u00een timpul zilei \u0219i trebuie utilizate spray-uri hidratante pentru gur\u0103, dac\u0103 este necesar, la recomandarea medicului.    <\/p>\n\t\t\t\t\t<\/div>\n\t\t\t\t\t\t<\/div>\n\t\t\t\t<\/div>\n\t\t\t\t\t\t<\/div>\n\t\t\t\t\t<\/div>\n\t\t<\/div>\n\t\t\t\t<div class=\"aux-parallax-section elementor-column elementor-col-33 elementor-top-column elementor-element elementor-element-21709a2\" data-id=\"21709a2\" data-element_type=\"column\">\n\t\t\t<div class=\"elementor-column-wrap elementor-element-populated\">\n\t\t\t\t\t\t\t<div class=\"elementor-widget-wrap\">\n\t\t\t\t\t\t<div class=\"elementor-element elementor-element-8397b3d elementor-widget elementor-widget-image\" data-id=\"8397b3d\" data-element_type=\"widget\" data-widget_type=\"image.default\">\n\t\t\t\t<div class=\"elementor-widget-container\">\n\t\t\t\t\t\t\t\t<div class=\"elementor-image\">\n\t\t\t\t\t\t\t\t\t\t\t\t<img decoding=\"async\" width=\"1080\" height=\"1350\" src=\"https:\/\/avrupaubkdental.com\/wp-content\/uploads\/2025\/06\/dis-sagliginda-uyku-hijyeninin-rolu-1.jpg\" class=\"attachment-full size-full wp-image-7806\" alt=\"\" srcset=\"https:\/\/avrupaubkdental.com\/wp-content\/uploads\/2025\/06\/dis-sagliginda-uyku-hijyeninin-rolu-1.jpg 1080w, https:\/\/avrupaubkdental.com\/wp-content\/uploads\/2025\/06\/dis-sagliginda-uyku-hijyeninin-rolu-1-200x250.jpg 200w\" sizes=\"(max-width: 1080px) 100vw, 1080px\" \/>\t\t\t\t\t\t\t\t\t\t\t\t\t\t<\/div>\n\t\t\t\t\t\t<\/div>\n\t\t\t\t<\/div>\n\t\t\t\t\t\t<\/div>\n\t\t\t\t\t<\/div>\n\t\t<\/div>\n\t\t\t\t\t\t\t\t<\/div>\n\t\t\t\t\t<\/div>\n\t\t<\/section>\n\t\t\t\t<section class=\"elementor-section elementor-top-section elementor-element elementor-element-44f28db elementor-section-boxed elementor-section-height-default elementor-section-height-default\" data-id=\"44f28db\" data-element_type=\"section\" data-settings=\"{&quot;background_background&quot;:&quot;classic&quot;}\">\n\t\t\t\t\t\t<div class=\"elementor-container elementor-column-gap-default\">\n\t\t\t\t\t\t\t<div class=\"elementor-row\">\n\t\t\t\t\t<div class=\"aux-parallax-section elementor-column elementor-col-33 elementor-top-column elementor-element elementor-element-dc2b9e4\" data-id=\"dc2b9e4\" data-element_type=\"column\">\n\t\t\t<div class=\"elementor-column-wrap elementor-element-populated\">\n\t\t\t\t\t\t\t<div class=\"elementor-widget-wrap\">\n\t\t\t\t\t\t<div class=\"elementor-element elementor-element-7e3f69c elementor-widget elementor-widget-image\" data-id=\"7e3f69c\" data-element_type=\"widget\" data-widget_type=\"image.default\">\n\t\t\t\t<div class=\"elementor-widget-container\">\n\t\t\t\t\t\t\t\t<div class=\"elementor-image\">\n\t\t\t\t\t\t\t\t\t\t\t\t<img decoding=\"async\" width=\"1080\" height=\"1350\" src=\"https:\/\/avrupaubkdental.com\/wp-content\/uploads\/2025\/06\/dis-sagliginda-uyku-hijyeninin-rolu-2.jpg\" class=\"attachment-full size-full wp-image-7812\" alt=\"\" srcset=\"https:\/\/avrupaubkdental.com\/wp-content\/uploads\/2025\/06\/dis-sagliginda-uyku-hijyeninin-rolu-2.jpg 1080w, https:\/\/avrupaubkdental.com\/wp-content\/uploads\/2025\/06\/dis-sagliginda-uyku-hijyeninin-rolu-2-200x250.jpg 200w\" sizes=\"(max-width: 1080px) 100vw, 1080px\" \/>\t\t\t\t\t\t\t\t\t\t\t\t\t\t<\/div>\n\t\t\t\t\t\t<\/div>\n\t\t\t\t<\/div>\n\t\t\t\t\t\t<\/div>\n\t\t\t\t\t<\/div>\n\t\t<\/div>\n\t\t\t\t<div class=\"aux-parallax-section elementor-column elementor-col-66 elementor-top-column elementor-element elementor-element-b683173\" data-id=\"b683173\" data-element_type=\"column\">\n\t\t\t<div class=\"elementor-column-wrap elementor-element-populated\">\n\t\t\t\t\t\t\t<div class=\"elementor-widget-wrap\">\n\t\t\t\t\t\t<div class=\"elementor-element elementor-element-71b2a47 elementor-widget elementor-widget-heading\" data-id=\"71b2a47\" data-element_type=\"widget\" data-widget_type=\"heading.default\">\n\t\t\t\t<div class=\"elementor-widget-container\">\n\t\t\t<h2 class=\"elementor-heading-title elementor-size-default\">Apneea \u00een somn \u0219i s\u0103n\u0103tatea oral\u0103<\/h2>\t\t<\/div>\n\t\t\t\t<\/div>\n\t\t\t\t<div class=\"elementor-element elementor-element-37fcb8f elementor-widget elementor-widget-text-editor\" data-id=\"37fcb8f\" data-element_type=\"widget\" data-widget_type=\"text-editor.default\">\n\t\t\t\t<div class=\"elementor-widget-container\">\n\t\t\t\t\t\t\t\t<div class=\"elementor-text-editor elementor-clearfix\">\n\t\t\t\t<p data-start=\"1651\" data-end=\"1915\">Apneea \u00een somn este o tulburare caracterizat\u0103 prin oprirea respiratorie de scurt\u0103 durat\u0103 \u00een timpul somnului. Aceast\u0103 afec\u021biune poate afecta nu numai s\u0103n\u0103tatea sistemic\u0103, ci \u0219i s\u0103n\u0103tatea oral\u0103 \u0219i dentar\u0103. Gura uscat\u0103, gingivita \u0219i uzura din\u021bilor sunt mai frecvente la persoanele cu apnee \u00een somn. \u00cen plus, \u00een cazurile de apnee netratat\u0103, stomatologii pot contribui la \u00eembun\u0103t\u0103\u021birea calit\u0103\u021bii somnului prin reglarea pozi\u021biei maxilarului cu ajutorul unor aparate speciale. Acest lucru are indirect un efect pozitiv asupra s\u0103n\u0103t\u0103\u021bii dentare.    <\/p>\n\t\t\t\t\t<\/div>\n\t\t\t\t\t\t<\/div>\n\t\t\t\t<\/div>\n\t\t\t\t\t\t<\/div>\n\t\t\t\t\t<\/div>\n\t\t<\/div>\n\t\t\t\t\t\t\t\t<\/div>\n\t\t\t\t\t<\/div>\n\t\t<\/section>\n\t\t\t\t<section class=\"elementor-section elementor-top-section elementor-element elementor-element-8f9a5c2 elementor-section-boxed elementor-section-height-default elementor-section-height-default\" data-id=\"8f9a5c2\" data-element_type=\"section\" data-settings=\"{&quot;background_background&quot;:&quot;classic&quot;}\">\n\t\t\t\t\t\t<div class=\"elementor-container elementor-column-gap-default\">\n\t\t\t\t\t\t\t<div class=\"elementor-row\">\n\t\t\t\t\t<div class=\"aux-parallax-section elementor-column elementor-col-66 elementor-top-column elementor-element elementor-element-6f195f9\" data-id=\"6f195f9\" data-element_type=\"column\" data-settings=\"{&quot;background_background&quot;:&quot;classic&quot;}\">\n\t\t\t<div class=\"elementor-column-wrap elementor-element-populated\">\n\t\t\t\t\t\t\t<div class=\"elementor-widget-wrap\">\n\t\t\t\t\t\t<div class=\"elementor-element elementor-element-2316ee7 elementor-widget elementor-widget-heading\" data-id=\"2316ee7\" data-element_type=\"widget\" data-widget_type=\"heading.default\">\n\t\t\t\t<div class=\"elementor-widget-container\">\n\t\t\t<h2 class=\"elementor-heading-title elementor-size-default\">Contribu\u021bia \u00eembun\u0103t\u0103\u021birii igienei somnului la s\u0103n\u0103tatea dentar\u0103<\/h2>\t\t<\/div>\n\t\t\t\t<\/div>\n\t\t\t\t<div class=\"elementor-element elementor-element-d3884ca elementor-widget elementor-widget-text-editor\" data-id=\"d3884ca\" data-element_type=\"widget\" data-widget_type=\"text-editor.default\">\n\t\t\t\t<div class=\"elementor-widget-container\">\n\t\t\t\t\t\t\t\t<div class=\"elementor-text-editor elementor-clearfix\">\n\t\t\t\t<p data-start=\"2081\" data-end=\"2359\">Adoptarea unor obiceiuri de somn regulate contribuie \u00een mod direct la protejarea s\u0103n\u0103t\u0103\u021bii dentare. Adormirea \u0219i trezirea la aceea\u0219i or\u0103, limitarea utiliz\u0103rii ecranelor \u00eenainte de culcare, evitarea cofeinei \u0219i a alimentelor zaharoase nu numai c\u0103 \u00eembun\u0103t\u0103\u021besc calitatea somnului, dar reduc \u0219i factorii negativi la care sunt expu\u0219i din\u021bii \u00een timpul nop\u021bii. Gust\u0103rile nocturne, \u00een special alimentele zaharoase, invit\u0103 la apari\u021bia cariilor dentare. Atunci c\u00e2nd aceste obiceiuri sunt reglementate \u00eempreun\u0103 cu igiena somnului, s\u0103n\u0103tatea oral\u0103 poate fi protejat\u0103 mai eficient.   <\/p>\n\t\t\t\t\t<\/div>\n\t\t\t\t\t\t<\/div>\n\t\t\t\t<\/div>\n\t\t\t\t\t\t<\/div>\n\t\t\t\t\t<\/div>\n\t\t<\/div>\n\t\t\t\t<div class=\"aux-parallax-section elementor-column elementor-col-33 elementor-top-column elementor-element elementor-element-c691ac5\" data-id=\"c691ac5\" data-element_type=\"column\">\n\t\t\t<div class=\"elementor-column-wrap elementor-element-populated\">\n\t\t\t\t\t\t\t<div class=\"elementor-widget-wrap\">\n\t\t\t\t\t\t<div class=\"elementor-element elementor-element-2ac086e elementor-widget elementor-widget-image\" data-id=\"2ac086e\" data-element_type=\"widget\" data-widget_type=\"image.default\">\n\t\t\t\t<div class=\"elementor-widget-container\">\n\t\t\t\t\t\t\t\t<div class=\"elementor-image\">\n\t\t\t\t\t\t\t\t\t\t\t\t<img decoding=\"async\" width=\"1080\" height=\"1350\" src=\"https:\/\/avrupaubkdental.com\/wp-content\/uploads\/2025\/06\/dis-sagliginda-uyku-hijyeninin-rolu-3.jpg\" class=\"attachment-full size-full wp-image-7818\" alt=\"\" srcset=\"https:\/\/avrupaubkdental.com\/wp-content\/uploads\/2025\/06\/dis-sagliginda-uyku-hijyeninin-rolu-3.jpg 1080w, https:\/\/avrupaubkdental.com\/wp-content\/uploads\/2025\/06\/dis-sagliginda-uyku-hijyeninin-rolu-3-200x250.jpg 200w\" sizes=\"(max-width: 1080px) 100vw, 1080px\" \/>\t\t\t\t\t\t\t\t\t\t\t\t\t\t<\/div>\n\t\t\t\t\t\t<\/div>\n\t\t\t\t<\/div>\n\t\t\t\t\t\t<\/div>\n\t\t\t\t\t<\/div>\n\t\t<\/div>\n\t\t\t\t\t\t\t\t<\/div>\n\t\t\t\t\t<\/div>\n\t\t<\/section>\n\t\t\t\t<section class=\"elementor-section elementor-top-section elementor-element elementor-element-33d9791 elementor-section-boxed elementor-section-height-default elementor-section-height-default\" data-id=\"33d9791\" data-element_type=\"section\">\n\t\t\t\t\t\t\t<div class=\"elementor-background-overlay\"><\/div>\n\t\t\t\t\t\t\t<div class=\"elementor-container elementor-column-gap-default\">\n\t\t\t\t\t\t\t<div class=\"elementor-row\">\n\t\t\t\t\t<div class=\"aux-parallax-section elementor-column elementor-col-100 elementor-top-column elementor-element elementor-element-f41da64\" data-id=\"f41da64\" data-element_type=\"column\">\n\t\t\t<div class=\"elementor-column-wrap elementor-element-populated\">\n\t\t\t\t\t\t\t<div class=\"elementor-widget-wrap\">\n\t\t\t\t\t\t<div class=\"elementor-element elementor-element-44ec201 elementor-widget elementor-widget-spacer\" data-id=\"44ec201\" data-element_type=\"widget\" data-widget_type=\"spacer.default\">\n\t\t\t\t<div class=\"elementor-widget-container\">\n\t\t\t\t\t<div class=\"elementor-spacer\">\n\t\t\t<div class=\"elementor-spacer-inner\"><\/div>\n\t\t<\/div>\n\t\t\t\t<\/div>\n\t\t\t\t<\/div>\n\t\t\t\t<div class=\"elementor-element elementor-element-4488dcd elementor-widget elementor-widget-spacer\" data-id=\"4488dcd\" data-element_type=\"widget\" data-widget_type=\"spacer.default\">\n\t\t\t\t<div class=\"elementor-widget-container\">\n\t\t\t\t\t<div class=\"elementor-spacer\">\n\t\t\t<div class=\"elementor-spacer-inner\"><\/div>\n\t\t<\/div>\n\t\t\t\t<\/div>\n\t\t\t\t<\/div>\n\t\t\t\t\t\t<\/div>\n\t\t\t\t\t<\/div>\n\t\t<\/div>\n\t\t\t\t\t\t\t\t<\/div>\n\t\t\t\t\t<\/div>\n\t\t<\/section>\n\t\t\t\t\t\t\t\t\t<\/div>\n\t\t\t<\/div>\n\t\t\t\t\t<\/div>\n\t\t","protected":false},"excerpt":{"rendered":"<p>Rolul igienei somnului \u00een s\u0103n\u0103tatea dentar\u0103 Somnul, care este str\u00e2ns legat de s\u0103n\u0103tatea general\u0103, are, de asemenea, un impact semnificativ asupra s\u0103n\u0103t\u0103\u021bii dentare \u0219i orale. Calitatea slab\u0103 a somnului afecteaz\u0103 negativ nu numai sistemul imunitar, ci \u0219i echilibrul din gur\u0103 \u0219i s\u0103n\u0103tatea gingiilor. Pentru a men\u021bine s\u0103n\u0103tatea dentar\u0103, este necesar s\u0103 ave\u021bi un tipar de [&hellip;]<\/p>\n","protected":false},"author":1,"featured_media":7824,"comment_status":"open","ping_status":"open","sticky":false,"template":"elementor_header_footer","format":"standard","meta":{"_joinchat":[],"footnotes":""},"categories":[29],"tags":[],"class_list":["post-7876","post","type-post","status-publish","format-standard","has-post-thumbnail","hentry","category-uncategorized-ro"],"yoast_head":"<!-- This site is optimized with the Yoast SEO plugin v27.4 - https:\/\/yoast.com\/product\/yoast-seo-wordpress\/ -->\n<title>Rolul igienei somnului \u00een s\u0103n\u0103tatea dentar\u0103 - Avrupa UBK Dental Bayrampa\u015fa<\/title>\n<meta name=\"robots\" content=\"index, follow, max-snippet:-1, max-image-preview:large, max-video-preview:-1\" \/>\n<link rel=\"canonical\" href=\"https:\/\/avrupaubkdental.com\/ro\/rolul-igienei-somnului-in-sanatatea-dentara\/\" \/>\n<meta property=\"og:locale\" content=\"ro_RO\" \/>\n<meta property=\"og:type\" content=\"article\" \/>\n<meta property=\"og:title\" content=\"Rolul igienei somnului \u00een s\u0103n\u0103tatea dentar\u0103 - Avrupa UBK Dental Bayrampa\u015fa\" \/>\n<meta property=\"og:description\" content=\"Rolul igienei somnului \u00een s\u0103n\u0103tatea dentar\u0103 Somnul, care este str\u00e2ns legat de s\u0103n\u0103tatea general\u0103, are, de asemenea, un impact semnificativ asupra s\u0103n\u0103t\u0103\u021bii dentare \u0219i orale. Calitatea slab\u0103 a somnului afecteaz\u0103 negativ nu numai sistemul imunitar, ci \u0219i echilibrul din gur\u0103 \u0219i s\u0103n\u0103tatea gingiilor. Pentru a men\u021bine s\u0103n\u0103tatea dentar\u0103, este necesar s\u0103 ave\u021bi un tipar de [&hellip;]\" \/>\n<meta property=\"og:url\" content=\"https:\/\/avrupaubkdental.com\/ro\/rolul-igienei-somnului-in-sanatatea-dentara\/\" \/>\n<meta property=\"og:site_name\" content=\"Avrupa UBK Dental Bayrampa\u015fa\" \/>\n<meta property=\"article:published_time\" content=\"2025-06-18T13:41:11+00:00\" \/>\n<meta property=\"article:modified_time\" content=\"2025-06-18T13:41:12+00:00\" \/>\n<meta property=\"og:image\" content=\"https:\/\/avrupaubkdental.com\/wp-content\/uploads\/2025\/06\/dis-sagliginda-uyku-hijyeninin-rolu.jpg\" \/>\n\t<meta property=\"og:image:width\" content=\"1660\" \/>\n\t<meta property=\"og:image:height\" content=\"1080\" \/>\n\t<meta property=\"og:image:type\" content=\"image\/jpeg\" \/>\n<meta name=\"author\" content=\"burak\" \/>\n<meta name=\"twitter:card\" content=\"summary_large_image\" \/>\n<meta name=\"twitter:label1\" content=\"Scris de\" \/>\n\t<meta name=\"twitter:data1\" content=\"burak\" \/>\n\t<meta name=\"twitter:label2\" content=\"Timp estimat pentru citire\" \/>\n\t<meta name=\"twitter:data2\" content=\"3 minute\" \/>\n<script type=\"application\/ld+json\" class=\"yoast-schema-graph\">{\"@context\":\"https:\\\/\\\/schema.org\",\"@graph\":[{\"@type\":\"Article\",\"@id\":\"https:\\\/\\\/avrupaubkdental.com\\\/ro\\\/rolul-igienei-somnului-in-sanatatea-dentara\\\/#article\",\"isPartOf\":{\"@id\":\"https:\\\/\\\/avrupaubkdental.com\\\/ro\\\/rolul-igienei-somnului-in-sanatatea-dentara\\\/\"},\"author\":{\"name\":\"burak\",\"@id\":\"https:\\\/\\\/avrupaubkdental.com\\\/ro\\\/#\\\/schema\\\/person\\\/76c7a1c48e922f069d538d16be02e02e\"},\"headline\":\"Rolul igienei somnului \u00een s\u0103n\u0103tatea dentar\u0103\",\"datePublished\":\"2025-06-18T13:41:11+00:00\",\"dateModified\":\"2025-06-18T13:41:12+00:00\",\"mainEntityOfPage\":{\"@id\":\"https:\\\/\\\/avrupaubkdental.com\\\/ro\\\/rolul-igienei-somnului-in-sanatatea-dentara\\\/\"},\"wordCount\":516,\"commentCount\":0,\"publisher\":{\"@id\":\"https:\\\/\\\/avrupaubkdental.com\\\/ro\\\/#organization\"},\"image\":{\"@id\":\"https:\\\/\\\/avrupaubkdental.com\\\/ro\\\/rolul-igienei-somnului-in-sanatatea-dentara\\\/#primaryimage\"},\"thumbnailUrl\":\"https:\\\/\\\/avrupaubkdental.com\\\/wp-content\\\/uploads\\\/2025\\\/06\\\/dis-sagliginda-uyku-hijyeninin-rolu.jpg\",\"articleSection\":[\"Uncategorized @ro\"],\"inLanguage\":\"ro-RO\",\"potentialAction\":[{\"@type\":\"CommentAction\",\"name\":\"Comment\",\"target\":[\"https:\\\/\\\/avrupaubkdental.com\\\/ro\\\/rolul-igienei-somnului-in-sanatatea-dentara\\\/#respond\"]}]},{\"@type\":\"WebPage\",\"@id\":\"https:\\\/\\\/avrupaubkdental.com\\\/ro\\\/rolul-igienei-somnului-in-sanatatea-dentara\\\/\",\"url\":\"https:\\\/\\\/avrupaubkdental.com\\\/ro\\\/rolul-igienei-somnului-in-sanatatea-dentara\\\/\",\"name\":\"Rolul igienei somnului \u00een s\u0103n\u0103tatea dentar\u0103 - Avrupa UBK Dental Bayrampa\u015fa\",\"isPartOf\":{\"@id\":\"https:\\\/\\\/avrupaubkdental.com\\\/ro\\\/#website\"},\"primaryImageOfPage\":{\"@id\":\"https:\\\/\\\/avrupaubkdental.com\\\/ro\\\/rolul-igienei-somnului-in-sanatatea-dentara\\\/#primaryimage\"},\"image\":{\"@id\":\"https:\\\/\\\/avrupaubkdental.com\\\/ro\\\/rolul-igienei-somnului-in-sanatatea-dentara\\\/#primaryimage\"},\"thumbnailUrl\":\"https:\\\/\\\/avrupaubkdental.com\\\/wp-content\\\/uploads\\\/2025\\\/06\\\/dis-sagliginda-uyku-hijyeninin-rolu.jpg\",\"datePublished\":\"2025-06-18T13:41:11+00:00\",\"dateModified\":\"2025-06-18T13:41:12+00:00\",\"breadcrumb\":{\"@id\":\"https:\\\/\\\/avrupaubkdental.com\\\/ro\\\/rolul-igienei-somnului-in-sanatatea-dentara\\\/#breadcrumb\"},\"inLanguage\":\"ro-RO\",\"potentialAction\":[{\"@type\":\"ReadAction\",\"target\":[\"https:\\\/\\\/avrupaubkdental.com\\\/ro\\\/rolul-igienei-somnului-in-sanatatea-dentara\\\/\"]}]},{\"@type\":\"ImageObject\",\"inLanguage\":\"ro-RO\",\"@id\":\"https:\\\/\\\/avrupaubkdental.com\\\/ro\\\/rolul-igienei-somnului-in-sanatatea-dentara\\\/#primaryimage\",\"url\":\"https:\\\/\\\/avrupaubkdental.com\\\/wp-content\\\/uploads\\\/2025\\\/06\\\/dis-sagliginda-uyku-hijyeninin-rolu.jpg\",\"contentUrl\":\"https:\\\/\\\/avrupaubkdental.com\\\/wp-content\\\/uploads\\\/2025\\\/06\\\/dis-sagliginda-uyku-hijyeninin-rolu.jpg\",\"width\":1660,\"height\":1080},{\"@type\":\"BreadcrumbList\",\"@id\":\"https:\\\/\\\/avrupaubkdental.com\\\/ro\\\/rolul-igienei-somnului-in-sanatatea-dentara\\\/#breadcrumb\",\"itemListElement\":[{\"@type\":\"ListItem\",\"position\":1,\"name\":\"Home\",\"item\":\"https:\\\/\\\/avrupaubkdental.com\\\/ro\\\/\"},{\"@type\":\"ListItem\",\"position\":2,\"name\":\"Rolul igienei somnului \u00een s\u0103n\u0103tatea dentar\u0103\"}]},{\"@type\":\"WebSite\",\"@id\":\"https:\\\/\\\/avrupaubkdental.com\\\/ro\\\/#website\",\"url\":\"https:\\\/\\\/avrupaubkdental.com\\\/ro\\\/\",\"name\":\"Avrupa UBK Dental\",\"description\":\"\",\"publisher\":{\"@id\":\"https:\\\/\\\/avrupaubkdental.com\\\/ro\\\/#organization\"},\"potentialAction\":[{\"@type\":\"SearchAction\",\"target\":{\"@type\":\"EntryPoint\",\"urlTemplate\":\"https:\\\/\\\/avrupaubkdental.com\\\/ro\\\/?s={search_term_string}\"},\"query-input\":{\"@type\":\"PropertyValueSpecification\",\"valueRequired\":true,\"valueName\":\"search_term_string\"}}],\"inLanguage\":\"ro-RO\"},{\"@type\":\"Organization\",\"@id\":\"https:\\\/\\\/avrupaubkdental.com\\\/ro\\\/#organization\",\"name\":\"Avrupa UBK Dental\",\"url\":\"https:\\\/\\\/avrupaubkdental.com\\\/ro\\\/\",\"logo\":{\"@type\":\"ImageObject\",\"inLanguage\":\"ro-RO\",\"@id\":\"https:\\\/\\\/avrupaubkdental.com\\\/ro\\\/#\\\/schema\\\/logo\\\/image\\\/\",\"url\":\"https:\\\/\\\/avrupaubkdental.com\\\/wp-content\\\/uploads\\\/2023\\\/09\\\/cropped-AVR.-DIK-DUZ-SATIR-PNG.png\",\"contentUrl\":\"https:\\\/\\\/avrupaubkdental.com\\\/wp-content\\\/uploads\\\/2023\\\/09\\\/cropped-AVR.-DIK-DUZ-SATIR-PNG.png\",\"width\":150,\"height\":150,\"caption\":\"Avrupa UBK Dental\"},\"image\":{\"@id\":\"https:\\\/\\\/avrupaubkdental.com\\\/ro\\\/#\\\/schema\\\/logo\\\/image\\\/\"},\"sameAs\":[\"https:\\\/\\\/www.instagram.com\\\/avrupaubkdental\\\/\"]},{\"@type\":\"Person\",\"@id\":\"https:\\\/\\\/avrupaubkdental.com\\\/ro\\\/#\\\/schema\\\/person\\\/76c7a1c48e922f069d538d16be02e02e\",\"name\":\"burak\",\"image\":{\"@type\":\"ImageObject\",\"inLanguage\":\"ro-RO\",\"@id\":\"https:\\\/\\\/secure.gravatar.com\\\/avatar\\\/f746707d3bcfbee87fcc797fe3676d9f7bdbc2fe5ebae5f99c9cb63cc0378230?s=96&d=mm&r=g\",\"url\":\"https:\\\/\\\/secure.gravatar.com\\\/avatar\\\/f746707d3bcfbee87fcc797fe3676d9f7bdbc2fe5ebae5f99c9cb63cc0378230?s=96&d=mm&r=g\",\"contentUrl\":\"https:\\\/\\\/secure.gravatar.com\\\/avatar\\\/f746707d3bcfbee87fcc797fe3676d9f7bdbc2fe5ebae5f99c9cb63cc0378230?s=96&d=mm&r=g\",\"caption\":\"burak\"},\"sameAs\":[\"http:\\\/\\\/avrupaubkdental.com\"],\"url\":\"https:\\\/\\\/avrupaubkdental.com\\\/ro\\\/author\\\/burak\\\/\"}]}<\/script>\n<!-- \/ Yoast SEO plugin. -->","yoast_head_json":{"title":"Rolul igienei somnului \u00een s\u0103n\u0103tatea dentar\u0103 - Avrupa UBK Dental Bayrampa\u015fa","robots":{"index":"index","follow":"follow","max-snippet":"max-snippet:-1","max-image-preview":"max-image-preview:large","max-video-preview":"max-video-preview:-1"},"canonical":"https:\/\/avrupaubkdental.com\/ro\/rolul-igienei-somnului-in-sanatatea-dentara\/","og_locale":"ro_RO","og_type":"article","og_title":"Rolul igienei somnului \u00een s\u0103n\u0103tatea dentar\u0103 - Avrupa UBK Dental Bayrampa\u015fa","og_description":"Rolul igienei somnului \u00een s\u0103n\u0103tatea dentar\u0103 Somnul, care este str\u00e2ns legat de s\u0103n\u0103tatea general\u0103, are, de asemenea, un impact semnificativ asupra s\u0103n\u0103t\u0103\u021bii dentare \u0219i orale. Calitatea slab\u0103 a somnului afecteaz\u0103 negativ nu numai sistemul imunitar, ci \u0219i echilibrul din gur\u0103 \u0219i s\u0103n\u0103tatea gingiilor. Pentru a men\u021bine s\u0103n\u0103tatea dentar\u0103, este necesar s\u0103 ave\u021bi un tipar de [&hellip;]","og_url":"https:\/\/avrupaubkdental.com\/ro\/rolul-igienei-somnului-in-sanatatea-dentara\/","og_site_name":"Avrupa UBK Dental Bayrampa\u015fa","article_published_time":"2025-06-18T13:41:11+00:00","article_modified_time":"2025-06-18T13:41:12+00:00","og_image":[{"width":1660,"height":1080,"url":"https:\/\/avrupaubkdental.com\/wp-content\/uploads\/2025\/06\/dis-sagliginda-uyku-hijyeninin-rolu.jpg","type":"image\/jpeg"}],"author":"burak","twitter_card":"summary_large_image","twitter_misc":{"Scris de":"burak","Timp estimat pentru citire":"3 minute"},"schema":{"@context":"https:\/\/schema.org","@graph":[{"@type":"Article","@id":"https:\/\/avrupaubkdental.com\/ro\/rolul-igienei-somnului-in-sanatatea-dentara\/#article","isPartOf":{"@id":"https:\/\/avrupaubkdental.com\/ro\/rolul-igienei-somnului-in-sanatatea-dentara\/"},"author":{"name":"burak","@id":"https:\/\/avrupaubkdental.com\/ro\/#\/schema\/person\/76c7a1c48e922f069d538d16be02e02e"},"headline":"Rolul igienei somnului \u00een s\u0103n\u0103tatea dentar\u0103","datePublished":"2025-06-18T13:41:11+00:00","dateModified":"2025-06-18T13:41:12+00:00","mainEntityOfPage":{"@id":"https:\/\/avrupaubkdental.com\/ro\/rolul-igienei-somnului-in-sanatatea-dentara\/"},"wordCount":516,"commentCount":0,"publisher":{"@id":"https:\/\/avrupaubkdental.com\/ro\/#organization"},"image":{"@id":"https:\/\/avrupaubkdental.com\/ro\/rolul-igienei-somnului-in-sanatatea-dentara\/#primaryimage"},"thumbnailUrl":"https:\/\/avrupaubkdental.com\/wp-content\/uploads\/2025\/06\/dis-sagliginda-uyku-hijyeninin-rolu.jpg","articleSection":["Uncategorized @ro"],"inLanguage":"ro-RO","potentialAction":[{"@type":"CommentAction","name":"Comment","target":["https:\/\/avrupaubkdental.com\/ro\/rolul-igienei-somnului-in-sanatatea-dentara\/#respond"]}]},{"@type":"WebPage","@id":"https:\/\/avrupaubkdental.com\/ro\/rolul-igienei-somnului-in-sanatatea-dentara\/","url":"https:\/\/avrupaubkdental.com\/ro\/rolul-igienei-somnului-in-sanatatea-dentara\/","name":"Rolul igienei somnului \u00een s\u0103n\u0103tatea dentar\u0103 - Avrupa UBK Dental Bayrampa\u015fa","isPartOf":{"@id":"https:\/\/avrupaubkdental.com\/ro\/#website"},"primaryImageOfPage":{"@id":"https:\/\/avrupaubkdental.com\/ro\/rolul-igienei-somnului-in-sanatatea-dentara\/#primaryimage"},"image":{"@id":"https:\/\/avrupaubkdental.com\/ro\/rolul-igienei-somnului-in-sanatatea-dentara\/#primaryimage"},"thumbnailUrl":"https:\/\/avrupaubkdental.com\/wp-content\/uploads\/2025\/06\/dis-sagliginda-uyku-hijyeninin-rolu.jpg","datePublished":"2025-06-18T13:41:11+00:00","dateModified":"2025-06-18T13:41:12+00:00","breadcrumb":{"@id":"https:\/\/avrupaubkdental.com\/ro\/rolul-igienei-somnului-in-sanatatea-dentara\/#breadcrumb"},"inLanguage":"ro-RO","potentialAction":[{"@type":"ReadAction","target":["https:\/\/avrupaubkdental.com\/ro\/rolul-igienei-somnului-in-sanatatea-dentara\/"]}]},{"@type":"ImageObject","inLanguage":"ro-RO","@id":"https:\/\/avrupaubkdental.com\/ro\/rolul-igienei-somnului-in-sanatatea-dentara\/#primaryimage","url":"https:\/\/avrupaubkdental.com\/wp-content\/uploads\/2025\/06\/dis-sagliginda-uyku-hijyeninin-rolu.jpg","contentUrl":"https:\/\/avrupaubkdental.com\/wp-content\/uploads\/2025\/06\/dis-sagliginda-uyku-hijyeninin-rolu.jpg","width":1660,"height":1080},{"@type":"BreadcrumbList","@id":"https:\/\/avrupaubkdental.com\/ro\/rolul-igienei-somnului-in-sanatatea-dentara\/#breadcrumb","itemListElement":[{"@type":"ListItem","position":1,"name":"Home","item":"https:\/\/avrupaubkdental.com\/ro\/"},{"@type":"ListItem","position":2,"name":"Rolul igienei somnului \u00een s\u0103n\u0103tatea dentar\u0103"}]},{"@type":"WebSite","@id":"https:\/\/avrupaubkdental.com\/ro\/#website","url":"https:\/\/avrupaubkdental.com\/ro\/","name":"Avrupa UBK Dental","description":"","publisher":{"@id":"https:\/\/avrupaubkdental.com\/ro\/#organization"},"potentialAction":[{"@type":"SearchAction","target":{"@type":"EntryPoint","urlTemplate":"https:\/\/avrupaubkdental.com\/ro\/?s={search_term_string}"},"query-input":{"@type":"PropertyValueSpecification","valueRequired":true,"valueName":"search_term_string"}}],"inLanguage":"ro-RO"},{"@type":"Organization","@id":"https:\/\/avrupaubkdental.com\/ro\/#organization","name":"Avrupa UBK Dental","url":"https:\/\/avrupaubkdental.com\/ro\/","logo":{"@type":"ImageObject","inLanguage":"ro-RO","@id":"https:\/\/avrupaubkdental.com\/ro\/#\/schema\/logo\/image\/","url":"https:\/\/avrupaubkdental.com\/wp-content\/uploads\/2023\/09\/cropped-AVR.-DIK-DUZ-SATIR-PNG.png","contentUrl":"https:\/\/avrupaubkdental.com\/wp-content\/uploads\/2023\/09\/cropped-AVR.-DIK-DUZ-SATIR-PNG.png","width":150,"height":150,"caption":"Avrupa UBK Dental"},"image":{"@id":"https:\/\/avrupaubkdental.com\/ro\/#\/schema\/logo\/image\/"},"sameAs":["https:\/\/www.instagram.com\/avrupaubkdental\/"]},{"@type":"Person","@id":"https:\/\/avrupaubkdental.com\/ro\/#\/schema\/person\/76c7a1c48e922f069d538d16be02e02e","name":"burak","image":{"@type":"ImageObject","inLanguage":"ro-RO","@id":"https:\/\/secure.gravatar.com\/avatar\/f746707d3bcfbee87fcc797fe3676d9f7bdbc2fe5ebae5f99c9cb63cc0378230?s=96&d=mm&r=g","url":"https:\/\/secure.gravatar.com\/avatar\/f746707d3bcfbee87fcc797fe3676d9f7bdbc2fe5ebae5f99c9cb63cc0378230?s=96&d=mm&r=g","contentUrl":"https:\/\/secure.gravatar.com\/avatar\/f746707d3bcfbee87fcc797fe3676d9f7bdbc2fe5ebae5f99c9cb63cc0378230?s=96&d=mm&r=g","caption":"burak"},"sameAs":["http:\/\/avrupaubkdental.com"],"url":"https:\/\/avrupaubkdental.com\/ro\/author\/burak\/"}]}},"_links":{"self":[{"href":"https:\/\/avrupaubkdental.com\/ro\/wp-json\/wp\/v2\/posts\/7876","targetHints":{"allow":["GET"]}}],"collection":[{"href":"https:\/\/avrupaubkdental.com\/ro\/wp-json\/wp\/v2\/posts"}],"about":[{"href":"https:\/\/avrupaubkdental.com\/ro\/wp-json\/wp\/v2\/types\/post"}],"author":[{"embeddable":true,"href":"https:\/\/avrupaubkdental.com\/ro\/wp-json\/wp\/v2\/users\/1"}],"replies":[{"embeddable":true,"href":"https:\/\/avrupaubkdental.com\/ro\/wp-json\/wp\/v2\/comments?post=7876"}],"version-history":[{"count":1,"href":"https:\/\/avrupaubkdental.com\/ro\/wp-json\/wp\/v2\/posts\/7876\/revisions"}],"predecessor-version":[{"id":7877,"href":"https:\/\/avrupaubkdental.com\/ro\/wp-json\/wp\/v2\/posts\/7876\/revisions\/7877"}],"wp:featuredmedia":[{"embeddable":true,"href":"https:\/\/avrupaubkdental.com\/ro\/wp-json\/wp\/v2\/media\/7824"}],"wp:attachment":[{"href":"https:\/\/avrupaubkdental.com\/ro\/wp-json\/wp\/v2\/media?parent=7876"}],"wp:term":[{"taxonomy":"category","embeddable":true,"href":"https:\/\/avrupaubkdental.com\/ro\/wp-json\/wp\/v2\/categories?post=7876"},{"taxonomy":"post_tag","embeddable":true,"href":"https:\/\/avrupaubkdental.com\/ro\/wp-json\/wp\/v2\/tags?post=7876"}],"curies":[{"name":"wp","href":"https:\/\/api.w.org\/{rel}","templated":true}]}}