{"id":8113,"date":"2025-07-14T14:58:33","date_gmt":"2025-07-14T11:58:33","guid":{"rendered":"https:\/\/avrupaubkdental.com\/recesiunea-gingiilor-mai-mult-decat-o-preocupare-estetica\/"},"modified":"2025-07-28T14:00:46","modified_gmt":"2025-07-28T11:00:46","slug":"recesiunea-gingiilor-mai-mult-decat-o-preocupare-estetica","status":"publish","type":"post","link":"https:\/\/avrupaubkdental.com\/ro\/recesiunea-gingiilor-mai-mult-decat-o-preocupare-estetica\/","title":{"rendered":"Recesiunea gingiilor: Mai mult dec\u00e2t o preocupare estetic\u0103"},"content":{"rendered":"\t\t<div data-elementor-type=\"wp-post\" data-elementor-id=\"8113\" class=\"elementor elementor-8113 elementor-8078\">\n\t\t\t\t\t\t<div class=\"elementor-inner\">\n\t\t\t\t<div class=\"elementor-section-wrap\">\n\t\t\t\t\t\t\t\t\t<section class=\"elementor-section elementor-top-section elementor-element elementor-element-39e762a elementor-section-boxed elementor-section-height-default elementor-section-height-default\" data-id=\"39e762a\" data-element_type=\"section\">\n\t\t\t\t\t\t\t<div class=\"elementor-background-overlay\"><\/div>\n\t\t\t\t\t\t\t<div class=\"elementor-container elementor-column-gap-default\">\n\t\t\t\t\t\t\t<div class=\"elementor-row\">\n\t\t\t\t\t<div class=\"aux-parallax-section elementor-column elementor-col-100 elementor-top-column elementor-element elementor-element-64c7dc4\" data-id=\"64c7dc4\" data-element_type=\"column\" data-settings=\"{&quot;background_background&quot;:&quot;classic&quot;}\">\n\t\t\t<div class=\"elementor-column-wrap elementor-element-populated\">\n\t\t\t\t\t<div class=\"elementor-background-overlay\"><\/div>\n\t\t\t\t\t\t\t<div class=\"elementor-widget-wrap\">\n\t\t\t\t\t\t<div class=\"elementor-element elementor-element-5c52044 elementor-widget elementor-widget-heading\" data-id=\"5c52044\" data-element_type=\"widget\" data-widget_type=\"heading.default\">\n\t\t\t\t<div class=\"elementor-widget-container\">\n\t\t\t<h1 class=\"elementor-heading-title elementor-size-default\">Recesiunea gingiilor: Mai mult dec\u00e2t o preocupare estetic\u0103<\/h1>\t\t<\/div>\n\t\t\t\t<\/div>\n\t\t\t\t\t\t<\/div>\n\t\t\t\t\t<\/div>\n\t\t<\/div>\n\t\t\t\t\t\t\t\t<\/div>\n\t\t\t\t\t<\/div>\n\t\t<\/section>\n\t\t\t\t<section class=\"elementor-section elementor-top-section elementor-element elementor-element-d8125aa elementor-section-boxed elementor-section-height-default elementor-section-height-default\" data-id=\"d8125aa\" data-element_type=\"section\">\n\t\t\t\t\t\t<div class=\"elementor-container elementor-column-gap-default\">\n\t\t\t\t\t\t\t<div class=\"elementor-row\">\n\t\t\t\t\t<div class=\"aux-parallax-section elementor-column elementor-col-50 elementor-top-column elementor-element elementor-element-3383e47\" data-id=\"3383e47\" data-element_type=\"column\">\n\t\t\t<div class=\"elementor-column-wrap elementor-element-populated\">\n\t\t\t\t\t\t\t<div class=\"elementor-widget-wrap\">\n\t\t\t\t\t\t<div class=\"elementor-element elementor-element-4b88edd elementor-widget elementor-widget-text-editor\" data-id=\"4b88edd\" data-element_type=\"widget\" data-widget_type=\"text-editor.default\">\n\t\t\t\t<div class=\"elementor-widget-container\">\n\t\t\t\t\t\t\t\t<div class=\"elementor-text-editor elementor-clearfix\">\n\t\t\t\t<p>Recesiunea gingiilor nu este doar o problem\u0103 care afecteaz\u0103 estetica z\u00e2mbetului. Cauzele subiacente pot duce la probleme grave de s\u0103n\u0103tate dentar\u0103 atunci c\u00e2nd nu sunt tratate. <\/p>\n\t\t\t\t\t<\/div>\n\t\t\t\t\t\t<\/div>\n\t\t\t\t<\/div>\n\t\t\t\t\t\t<\/div>\n\t\t\t\t\t<\/div>\n\t\t<\/div>\n\t\t\t\t<div class=\"aux-parallax-section elementor-column elementor-col-50 elementor-top-column elementor-element elementor-element-837243a\" data-id=\"837243a\" data-element_type=\"column\">\n\t\t\t<div class=\"elementor-column-wrap elementor-element-populated\">\n\t\t\t\t\t\t\t<div class=\"elementor-widget-wrap\">\n\t\t\t\t\t\t<div class=\"elementor-element elementor-element-cfb0b4b elementor-widget elementor-widget-text-editor\" data-id=\"cfb0b4b\" data-element_type=\"widget\" data-widget_type=\"text-editor.default\">\n\t\t\t\t<div class=\"elementor-widget-container\">\n\t\t\t\t\t\t\t\t<div class=\"elementor-text-editor elementor-clearfix\">\n\t\t\t\t<p>Atunci c\u00e2nd gingiile se retrag, r\u0103d\u0103cinile din\u021bilor sunt expuse, ceea ce aduce riscul de sensibilitate, carii \u0219i chiar pierderea din\u021bilor. \u00cen acest articol, discut\u0103m \u00een detaliu cauzele, efectele \u0219i solu\u021biile recesiunii gingivale. <\/p>\n\t\t\t\t\t<\/div>\n\t\t\t\t\t\t<\/div>\n\t\t\t\t<\/div>\n\t\t\t\t\t\t<\/div>\n\t\t\t\t\t<\/div>\n\t\t<\/div>\n\t\t\t\t\t\t\t\t<\/div>\n\t\t\t\t\t<\/div>\n\t\t<\/section>\n\t\t\t\t<section class=\"elementor-section elementor-top-section elementor-element elementor-element-643b4ef elementor-section-boxed elementor-section-height-default elementor-section-height-default\" data-id=\"643b4ef\" data-element_type=\"section\" data-settings=\"{&quot;background_background&quot;:&quot;classic&quot;}\">\n\t\t\t\t\t\t<div class=\"elementor-container elementor-column-gap-default\">\n\t\t\t\t\t\t\t<div class=\"elementor-row\">\n\t\t\t\t\t<div class=\"aux-parallax-section elementor-column elementor-col-66 elementor-top-column elementor-element elementor-element-5ec8e10\" data-id=\"5ec8e10\" data-element_type=\"column\" data-settings=\"{&quot;background_background&quot;:&quot;classic&quot;}\">\n\t\t\t<div class=\"elementor-column-wrap elementor-element-populated\">\n\t\t\t\t\t\t\t<div class=\"elementor-widget-wrap\">\n\t\t\t\t\t\t<div class=\"elementor-element elementor-element-d9ee89e elementor-widget elementor-widget-heading\" data-id=\"d9ee89e\" data-element_type=\"widget\" data-widget_type=\"heading.default\">\n\t\t\t\t<div class=\"elementor-widget-container\">\n\t\t\t<h2 class=\"elementor-heading-title elementor-size-default\">Ce este recesiunea gingival\u0103?<\/h2>\t\t<\/div>\n\t\t\t\t<\/div>\n\t\t\t\t<div class=\"elementor-element elementor-element-245e2d8 elementor-widget elementor-widget-text-editor\" data-id=\"245e2d8\" data-element_type=\"widget\" data-widget_type=\"text-editor.default\">\n\t\t\t\t<div class=\"elementor-widget-container\">\n\t\t\t\t\t\t\t\t<div class=\"elementor-text-editor elementor-clearfix\">\n\t\t\t\t<p>Recesiunea gingival\u0103 apare atunci c\u00e2nd gingia se retrage mai mult din pozi\u021bia sa din jurul dintelui. De\u0219i acest lucru face ca dintele s\u0103 par\u0103 mai lung, poate fi de fapt un semn prevestitor al unei probleme mai mari. Atunci c\u00e2nd suprafa\u021ba r\u0103d\u0103cinii dintelui este expus\u0103, aceast\u0103 zon\u0103 devine vulnerabil\u0103 la factorii externi. \u00cen acela\u0219i timp, \u021besutul osos care sus\u021bine dintele poate sc\u0103dea \u00een timp.   <\/p>\n\t\t\t\t\t<\/div>\n\t\t\t\t\t\t<\/div>\n\t\t\t\t<\/div>\n\t\t\t\t\t\t<\/div>\n\t\t\t\t\t<\/div>\n\t\t<\/div>\n\t\t\t\t<div class=\"aux-parallax-section elementor-column elementor-col-33 elementor-top-column elementor-element elementor-element-21709a2\" data-id=\"21709a2\" data-element_type=\"column\">\n\t\t\t<div class=\"elementor-column-wrap elementor-element-populated\">\n\t\t\t\t\t\t\t<div class=\"elementor-widget-wrap\">\n\t\t\t\t\t\t<div class=\"elementor-element elementor-element-8397b3d elementor-widget elementor-widget-image\" data-id=\"8397b3d\" data-element_type=\"widget\" data-widget_type=\"image.default\">\n\t\t\t\t<div class=\"elementor-widget-container\">\n\t\t\t\t\t\t\t\t<div class=\"elementor-image\">\n\t\t\t\t\t\t\t\t\t\t\t\t<img decoding=\"async\" width=\"1080\" height=\"1350\" src=\"https:\/\/avrupaubkdental.com\/wp-content\/uploads\/2025\/07\/dis-eti-cekilmesi-estetik-kaygidan-daha-fazlasi-1.jpg\" class=\"attachment-full size-full wp-image-8083\" alt=\"\" srcset=\"https:\/\/avrupaubkdental.com\/wp-content\/uploads\/2025\/07\/dis-eti-cekilmesi-estetik-kaygidan-daha-fazlasi-1.jpg 1080w, https:\/\/avrupaubkdental.com\/wp-content\/uploads\/2025\/07\/dis-eti-cekilmesi-estetik-kaygidan-daha-fazlasi-1-200x250.jpg 200w\" sizes=\"(max-width: 1080px) 100vw, 1080px\" \/>\t\t\t\t\t\t\t\t\t\t\t\t\t\t<\/div>\n\t\t\t\t\t\t<\/div>\n\t\t\t\t<\/div>\n\t\t\t\t\t\t<\/div>\n\t\t\t\t\t<\/div>\n\t\t<\/div>\n\t\t\t\t\t\t\t\t<\/div>\n\t\t\t\t\t<\/div>\n\t\t<\/section>\n\t\t\t\t<section class=\"elementor-section elementor-top-section elementor-element elementor-element-44f28db elementor-section-boxed elementor-section-height-default elementor-section-height-default\" data-id=\"44f28db\" data-element_type=\"section\" data-settings=\"{&quot;background_background&quot;:&quot;classic&quot;}\">\n\t\t\t\t\t\t<div class=\"elementor-container elementor-column-gap-default\">\n\t\t\t\t\t\t\t<div class=\"elementor-row\">\n\t\t\t\t\t<div class=\"aux-parallax-section elementor-column elementor-col-33 elementor-top-column elementor-element elementor-element-dc2b9e4\" data-id=\"dc2b9e4\" data-element_type=\"column\">\n\t\t\t<div class=\"elementor-column-wrap elementor-element-populated\">\n\t\t\t\t\t\t\t<div class=\"elementor-widget-wrap\">\n\t\t\t\t\t\t<div class=\"elementor-element elementor-element-7e3f69c elementor-widget elementor-widget-image\" data-id=\"7e3f69c\" data-element_type=\"widget\" data-widget_type=\"image.default\">\n\t\t\t\t<div class=\"elementor-widget-container\">\n\t\t\t\t\t\t\t\t<div class=\"elementor-image\">\n\t\t\t\t\t\t\t\t\t\t\t\t<img decoding=\"async\" width=\"1080\" height=\"1350\" src=\"https:\/\/avrupaubkdental.com\/wp-content\/uploads\/2025\/07\/dis-eti-cekilmesi-estetik-kaygidan-daha-fazlasi-2.jpg\" class=\"attachment-full size-full wp-image-8089\" alt=\"\" srcset=\"https:\/\/avrupaubkdental.com\/wp-content\/uploads\/2025\/07\/dis-eti-cekilmesi-estetik-kaygidan-daha-fazlasi-2.jpg 1080w, https:\/\/avrupaubkdental.com\/wp-content\/uploads\/2025\/07\/dis-eti-cekilmesi-estetik-kaygidan-daha-fazlasi-2-200x250.jpg 200w\" sizes=\"(max-width: 1080px) 100vw, 1080px\" \/>\t\t\t\t\t\t\t\t\t\t\t\t\t\t<\/div>\n\t\t\t\t\t\t<\/div>\n\t\t\t\t<\/div>\n\t\t\t\t\t\t<\/div>\n\t\t\t\t\t<\/div>\n\t\t<\/div>\n\t\t\t\t<div class=\"aux-parallax-section elementor-column elementor-col-66 elementor-top-column elementor-element elementor-element-b683173\" data-id=\"b683173\" data-element_type=\"column\">\n\t\t\t<div class=\"elementor-column-wrap elementor-element-populated\">\n\t\t\t\t\t\t\t<div class=\"elementor-widget-wrap\">\n\t\t\t\t\t\t<div class=\"elementor-element elementor-element-71b2a47 elementor-widget elementor-widget-heading\" data-id=\"71b2a47\" data-element_type=\"widget\" data-widget_type=\"heading.default\">\n\t\t\t\t<div class=\"elementor-widget-container\">\n\t\t\t<h2 class=\"elementor-heading-title elementor-size-default\">Care sunt simptomele?<\/h2>\t\t<\/div>\n\t\t\t\t<\/div>\n\t\t\t\t<div class=\"elementor-element elementor-element-ee51d4d elementor-widget elementor-widget-text-editor\" data-id=\"ee51d4d\" data-element_type=\"widget\" data-widget_type=\"text-editor.default\">\n\t\t\t\t<div class=\"elementor-widget-container\">\n\t\t\t\t\t\t\t\t<div class=\"elementor-text-editor elementor-clearfix\">\n\t\t\t\t<p data-start=\"1343\" data-end=\"1707\">Recesiunea gingival\u0103 progreseaz\u0103 de obicei lent \u0219i poate fi greu de recunoscut la \u00eenceput. Cu toate acestea, \u00een timp, apar simptome precum sensibilitatea dentar\u0103, probleme estetice, alungirea din\u021bilor \u0219i formarea de spa\u021bii \u00eentre din\u021bi. Aceste simptome nu trebuie ignorate \u0219i trebuie evaluate de un medic dentist.  <\/p>\n\t\t\t\t\t<\/div>\n\t\t\t\t\t\t<\/div>\n\t\t\t\t<\/div>\n\t\t\t\t\t\t<\/div>\n\t\t\t\t\t<\/div>\n\t\t<\/div>\n\t\t\t\t\t\t\t\t<\/div>\n\t\t\t\t\t<\/div>\n\t\t<\/section>\n\t\t\t\t<section class=\"elementor-section elementor-top-section elementor-element elementor-element-8f9a5c2 elementor-section-boxed elementor-section-height-default elementor-section-height-default\" data-id=\"8f9a5c2\" data-element_type=\"section\" data-settings=\"{&quot;background_background&quot;:&quot;classic&quot;}\">\n\t\t\t\t\t\t<div class=\"elementor-container elementor-column-gap-default\">\n\t\t\t\t\t\t\t<div class=\"elementor-row\">\n\t\t\t\t\t<div class=\"aux-parallax-section elementor-column elementor-col-66 elementor-top-column elementor-element elementor-element-6f195f9\" data-id=\"6f195f9\" data-element_type=\"column\" data-settings=\"{&quot;background_background&quot;:&quot;classic&quot;}\">\n\t\t\t<div class=\"elementor-column-wrap elementor-element-populated\">\n\t\t\t\t\t\t\t<div class=\"elementor-widget-wrap\">\n\t\t\t\t\t\t<div class=\"elementor-element elementor-element-2316ee7 elementor-widget elementor-widget-heading\" data-id=\"2316ee7\" data-element_type=\"widget\" data-widget_type=\"heading.default\">\n\t\t\t\t<div class=\"elementor-widget-container\">\n\t\t\t<h2 class=\"elementor-heading-title elementor-size-default\">Metode de tratament<\/h2>\t\t<\/div>\n\t\t\t\t<\/div>\n\t\t\t\t<div class=\"elementor-element elementor-element-d3884ca elementor-widget elementor-widget-text-editor\" data-id=\"d3884ca\" data-element_type=\"widget\" data-widget_type=\"text-editor.default\">\n\t\t\t\t<div class=\"elementor-widget-container\">\n\t\t\t\t\t\t\t\t<div class=\"elementor-text-editor elementor-clearfix\">\n\t\t\t\t<p>Atunci c\u00e2nd recesiunea gingival\u0103 este recunoscut\u0103 \u00eentr-un stadiu incipient, aceasta poate fi de obicei oprit\u0103 prin practici adecvate de \u00eengrijire oral\u0103 \u0219i cur\u0103\u021bare profesional\u0103. Cu toate acestea, pot fi necesare interven\u021bii chirurgicale \u00een cazurile avansate. Prin proceduri precum grefarea gingiei, r\u0103d\u0103cina dintelui poate fi \u00eenchis\u0103 \u0219i estetica gingiei poate fi restaurat\u0103. \u00cen acela\u0219i timp, dac\u0103 boala gingiilor este prezent\u0103, aceast\u0103 boal\u0103 trebuie tratat\u0103 mai \u00eent\u00e2i.   <\/p>\n\t\t\t\t\t<\/div>\n\t\t\t\t\t\t<\/div>\n\t\t\t\t<\/div>\n\t\t\t\t<div class=\"elementor-element elementor-element-63bbbb4 elementor-widget elementor-widget-heading\" data-id=\"63bbbb4\" data-element_type=\"widget\" data-widget_type=\"heading.default\">\n\t\t\t\t<div class=\"elementor-widget-container\">\n\t\t\t<h2 class=\"elementor-heading-title elementor-size-default\">S\u0103n\u0103tate dincolo de estetic\u0103<\/h2>\t\t<\/div>\n\t\t\t\t<\/div>\n\t\t\t\t<div class=\"elementor-element elementor-element-24bf56a elementor-widget elementor-widget-text-editor\" data-id=\"24bf56a\" data-element_type=\"widget\" data-widget_type=\"text-editor.default\">\n\t\t\t\t<div class=\"elementor-widget-container\">\n\t\t\t\t\t\t\t\t<div class=\"elementor-text-editor elementor-clearfix\">\n\t\t\t\t<p data-start=\"2830\" data-end=\"3219\">De\u0219i mul\u021bi oameni consider\u0103 recesiunea gingival\u0103 doar ca o problem\u0103 estetic\u0103, cauzele care stau la baza acestei afec\u021biuni pot amenin\u021ba grav s\u0103n\u0103tatea oral\u0103 atunci c\u00e2nd nu sunt tratate. Din acest motiv, este o afec\u021biune care trebuie luat\u0103 \u00een considerare nu numai din punct de vedere al aspectului, ci \u0219i din punct de vedere al s\u0103n\u0103t\u0103\u021bii generale a din\u021bilor \u0219i gingiilor. <\/p>\n\t\t\t\t\t<\/div>\n\t\t\t\t\t\t<\/div>\n\t\t\t\t<\/div>\n\t\t\t\t\t\t<\/div>\n\t\t\t\t\t<\/div>\n\t\t<\/div>\n\t\t\t\t<div class=\"aux-parallax-section elementor-column elementor-col-33 elementor-top-column elementor-element elementor-element-c691ac5\" data-id=\"c691ac5\" data-element_type=\"column\">\n\t\t\t<div class=\"elementor-column-wrap elementor-element-populated\">\n\t\t\t\t\t\t\t<div class=\"elementor-widget-wrap\">\n\t\t\t\t\t\t<div class=\"elementor-element elementor-element-2ac086e elementor-widget elementor-widget-image\" data-id=\"2ac086e\" data-element_type=\"widget\" data-widget_type=\"image.default\">\n\t\t\t\t<div class=\"elementor-widget-container\">\n\t\t\t\t\t\t\t\t<div class=\"elementor-image\">\n\t\t\t\t\t\t\t\t\t\t\t\t<img decoding=\"async\" width=\"1080\" height=\"1350\" src=\"https:\/\/avrupaubkdental.com\/wp-content\/uploads\/2025\/07\/dis-eti-cekilmesi-estetik-kaygidan-daha-fazlasi-3.jpg\" class=\"attachment-full size-full wp-image-8095\" alt=\"\" srcset=\"https:\/\/avrupaubkdental.com\/wp-content\/uploads\/2025\/07\/dis-eti-cekilmesi-estetik-kaygidan-daha-fazlasi-3.jpg 1080w, https:\/\/avrupaubkdental.com\/wp-content\/uploads\/2025\/07\/dis-eti-cekilmesi-estetik-kaygidan-daha-fazlasi-3-200x250.jpg 200w\" sizes=\"(max-width: 1080px) 100vw, 1080px\" \/>\t\t\t\t\t\t\t\t\t\t\t\t\t\t<\/div>\n\t\t\t\t\t\t<\/div>\n\t\t\t\t<\/div>\n\t\t\t\t\t\t<\/div>\n\t\t\t\t\t<\/div>\n\t\t<\/div>\n\t\t\t\t\t\t\t\t<\/div>\n\t\t\t\t\t<\/div>\n\t\t<\/section>\n\t\t\t\t<section class=\"elementor-section elementor-top-section elementor-element elementor-element-33d9791 elementor-section-boxed elementor-section-height-default elementor-section-height-default\" data-id=\"33d9791\" data-element_type=\"section\">\n\t\t\t\t\t\t\t<div class=\"elementor-background-overlay\"><\/div>\n\t\t\t\t\t\t\t<div class=\"elementor-container elementor-column-gap-default\">\n\t\t\t\t\t\t\t<div class=\"elementor-row\">\n\t\t\t\t\t<div class=\"aux-parallax-section elementor-column elementor-col-100 elementor-top-column elementor-element elementor-element-f41da64\" data-id=\"f41da64\" data-element_type=\"column\">\n\t\t\t<div class=\"elementor-column-wrap elementor-element-populated\">\n\t\t\t\t\t\t\t<div class=\"elementor-widget-wrap\">\n\t\t\t\t\t\t<div class=\"elementor-element elementor-element-44ec201 elementor-widget elementor-widget-spacer\" data-id=\"44ec201\" data-element_type=\"widget\" data-widget_type=\"spacer.default\">\n\t\t\t\t<div class=\"elementor-widget-container\">\n\t\t\t\t\t<div class=\"elementor-spacer\">\n\t\t\t<div class=\"elementor-spacer-inner\"><\/div>\n\t\t<\/div>\n\t\t\t\t<\/div>\n\t\t\t\t<\/div>\n\t\t\t\t<div class=\"elementor-element elementor-element-4488dcd elementor-widget elementor-widget-spacer\" data-id=\"4488dcd\" data-element_type=\"widget\" data-widget_type=\"spacer.default\">\n\t\t\t\t<div class=\"elementor-widget-container\">\n\t\t\t\t\t<div class=\"elementor-spacer\">\n\t\t\t<div class=\"elementor-spacer-inner\"><\/div>\n\t\t<\/div>\n\t\t\t\t<\/div>\n\t\t\t\t<\/div>\n\t\t\t\t\t\t<\/div>\n\t\t\t\t\t<\/div>\n\t\t<\/div>\n\t\t\t\t\t\t\t\t<\/div>\n\t\t\t\t\t<\/div>\n\t\t<\/section>\n\t\t\t\t\t\t\t\t\t<\/div>\n\t\t\t<\/div>\n\t\t\t\t\t<\/div>\n\t\t","protected":false},"excerpt":{"rendered":"<p>Recesiunea gingiilor: Mai mult dec\u00e2t o preocupare estetic\u0103 Recesiunea gingiilor nu este doar o problem\u0103 care afecteaz\u0103 estetica z\u00e2mbetului. Cauzele subiacente pot duce la probleme grave de s\u0103n\u0103tate dentar\u0103 atunci c\u00e2nd nu sunt tratate. Atunci c\u00e2nd gingiile se retrag, r\u0103d\u0103cinile din\u021bilor sunt expuse, ceea ce aduce riscul de sensibilitate, carii \u0219i chiar pierderea din\u021bilor. \u00cen [&hellip;]<\/p>\n","protected":false},"author":1,"featured_media":8101,"comment_status":"open","ping_status":"open","sticky":false,"template":"elementor_header_footer","format":"standard","meta":{"_joinchat":[],"footnotes":""},"categories":[29],"tags":[],"class_list":["post-8113","post","type-post","status-publish","format-standard","has-post-thumbnail","hentry","category-uncategorized-ro"],"yoast_head":"<!-- This site is optimized with the Yoast SEO plugin v27.4 - https:\/\/yoast.com\/product\/yoast-seo-wordpress\/ -->\n<title>Recesiunea gingiilor: Mai mult dec\u00e2t o preocupare estetic\u0103 - Avrupa UBK Dental Bayrampa\u015fa<\/title>\n<meta name=\"robots\" content=\"index, follow, max-snippet:-1, max-image-preview:large, max-video-preview:-1\" \/>\n<link rel=\"canonical\" href=\"https:\/\/avrupaubkdental.com\/ro\/recesiunea-gingiilor-mai-mult-decat-o-preocupare-estetica\/\" \/>\n<meta property=\"og:locale\" content=\"ro_RO\" \/>\n<meta property=\"og:type\" content=\"article\" \/>\n<meta property=\"og:title\" content=\"Recesiunea gingiilor: Mai mult dec\u00e2t o preocupare estetic\u0103 - Avrupa UBK Dental Bayrampa\u015fa\" \/>\n<meta property=\"og:description\" content=\"Recesiunea gingiilor: Mai mult dec\u00e2t o preocupare estetic\u0103 Recesiunea gingiilor nu este doar o problem\u0103 care afecteaz\u0103 estetica z\u00e2mbetului. Cauzele subiacente pot duce la probleme grave de s\u0103n\u0103tate dentar\u0103 atunci c\u00e2nd nu sunt tratate. Atunci c\u00e2nd gingiile se retrag, r\u0103d\u0103cinile din\u021bilor sunt expuse, ceea ce aduce riscul de sensibilitate, carii \u0219i chiar pierderea din\u021bilor. \u00cen [&hellip;]\" \/>\n<meta property=\"og:url\" content=\"https:\/\/avrupaubkdental.com\/ro\/recesiunea-gingiilor-mai-mult-decat-o-preocupare-estetica\/\" \/>\n<meta property=\"og:site_name\" content=\"Avrupa UBK Dental Bayrampa\u015fa\" \/>\n<meta property=\"article:published_time\" content=\"2025-07-14T11:58:33+00:00\" \/>\n<meta property=\"article:modified_time\" content=\"2025-07-28T11:00:46+00:00\" \/>\n<meta property=\"og:image\" content=\"https:\/\/avrupaubkdental.com\/wp-content\/uploads\/2025\/07\/dis-eti-cekilmesi-estetik-kaygidan-daha-fazlasi.jpg\" \/>\n\t<meta property=\"og:image:width\" content=\"1660\" \/>\n\t<meta property=\"og:image:height\" content=\"1080\" \/>\n\t<meta property=\"og:image:type\" content=\"image\/jpeg\" \/>\n<meta name=\"author\" content=\"burak\" \/>\n<meta name=\"twitter:card\" content=\"summary_large_image\" \/>\n<meta name=\"twitter:label1\" content=\"Scris de\" \/>\n\t<meta name=\"twitter:data1\" content=\"burak\" \/>\n\t<meta name=\"twitter:label2\" content=\"Timp estimat pentru citire\" \/>\n\t<meta name=\"twitter:data2\" content=\"2 minute\" \/>\n<script type=\"application\/ld+json\" class=\"yoast-schema-graph\">{\"@context\":\"https:\\\/\\\/schema.org\",\"@graph\":[{\"@type\":\"Article\",\"@id\":\"https:\\\/\\\/avrupaubkdental.com\\\/ro\\\/recesiunea-gingiilor-mai-mult-decat-o-preocupare-estetica\\\/#article\",\"isPartOf\":{\"@id\":\"https:\\\/\\\/avrupaubkdental.com\\\/ro\\\/recesiunea-gingiilor-mai-mult-decat-o-preocupare-estetica\\\/\"},\"author\":{\"name\":\"burak\",\"@id\":\"https:\\\/\\\/avrupaubkdental.com\\\/ro\\\/#\\\/schema\\\/person\\\/76c7a1c48e922f069d538d16be02e02e\"},\"headline\":\"Recesiunea gingiilor: Mai mult dec\u00e2t o preocupare estetic\u0103\",\"datePublished\":\"2025-07-14T11:58:33+00:00\",\"dateModified\":\"2025-07-28T11:00:46+00:00\",\"mainEntityOfPage\":{\"@id\":\"https:\\\/\\\/avrupaubkdental.com\\\/ro\\\/recesiunea-gingiilor-mai-mult-decat-o-preocupare-estetica\\\/\"},\"wordCount\":370,\"commentCount\":0,\"publisher\":{\"@id\":\"https:\\\/\\\/avrupaubkdental.com\\\/ro\\\/#organization\"},\"image\":{\"@id\":\"https:\\\/\\\/avrupaubkdental.com\\\/ro\\\/recesiunea-gingiilor-mai-mult-decat-o-preocupare-estetica\\\/#primaryimage\"},\"thumbnailUrl\":\"https:\\\/\\\/avrupaubkdental.com\\\/wp-content\\\/uploads\\\/2025\\\/07\\\/dis-eti-cekilmesi-estetik-kaygidan-daha-fazlasi.jpg\",\"articleSection\":[\"Uncategorized @ro\"],\"inLanguage\":\"ro-RO\",\"potentialAction\":[{\"@type\":\"CommentAction\",\"name\":\"Comment\",\"target\":[\"https:\\\/\\\/avrupaubkdental.com\\\/ro\\\/recesiunea-gingiilor-mai-mult-decat-o-preocupare-estetica\\\/#respond\"]}]},{\"@type\":\"WebPage\",\"@id\":\"https:\\\/\\\/avrupaubkdental.com\\\/ro\\\/recesiunea-gingiilor-mai-mult-decat-o-preocupare-estetica\\\/\",\"url\":\"https:\\\/\\\/avrupaubkdental.com\\\/ro\\\/recesiunea-gingiilor-mai-mult-decat-o-preocupare-estetica\\\/\",\"name\":\"Recesiunea gingiilor: Mai mult dec\u00e2t o preocupare estetic\u0103 - Avrupa UBK Dental Bayrampa\u015fa\",\"isPartOf\":{\"@id\":\"https:\\\/\\\/avrupaubkdental.com\\\/ro\\\/#website\"},\"primaryImageOfPage\":{\"@id\":\"https:\\\/\\\/avrupaubkdental.com\\\/ro\\\/recesiunea-gingiilor-mai-mult-decat-o-preocupare-estetica\\\/#primaryimage\"},\"image\":{\"@id\":\"https:\\\/\\\/avrupaubkdental.com\\\/ro\\\/recesiunea-gingiilor-mai-mult-decat-o-preocupare-estetica\\\/#primaryimage\"},\"thumbnailUrl\":\"https:\\\/\\\/avrupaubkdental.com\\\/wp-content\\\/uploads\\\/2025\\\/07\\\/dis-eti-cekilmesi-estetik-kaygidan-daha-fazlasi.jpg\",\"datePublished\":\"2025-07-14T11:58:33+00:00\",\"dateModified\":\"2025-07-28T11:00:46+00:00\",\"breadcrumb\":{\"@id\":\"https:\\\/\\\/avrupaubkdental.com\\\/ro\\\/recesiunea-gingiilor-mai-mult-decat-o-preocupare-estetica\\\/#breadcrumb\"},\"inLanguage\":\"ro-RO\",\"potentialAction\":[{\"@type\":\"ReadAction\",\"target\":[\"https:\\\/\\\/avrupaubkdental.com\\\/ro\\\/recesiunea-gingiilor-mai-mult-decat-o-preocupare-estetica\\\/\"]}]},{\"@type\":\"ImageObject\",\"inLanguage\":\"ro-RO\",\"@id\":\"https:\\\/\\\/avrupaubkdental.com\\\/ro\\\/recesiunea-gingiilor-mai-mult-decat-o-preocupare-estetica\\\/#primaryimage\",\"url\":\"https:\\\/\\\/avrupaubkdental.com\\\/wp-content\\\/uploads\\\/2025\\\/07\\\/dis-eti-cekilmesi-estetik-kaygidan-daha-fazlasi.jpg\",\"contentUrl\":\"https:\\\/\\\/avrupaubkdental.com\\\/wp-content\\\/uploads\\\/2025\\\/07\\\/dis-eti-cekilmesi-estetik-kaygidan-daha-fazlasi.jpg\",\"width\":1660,\"height\":1080},{\"@type\":\"BreadcrumbList\",\"@id\":\"https:\\\/\\\/avrupaubkdental.com\\\/ro\\\/recesiunea-gingiilor-mai-mult-decat-o-preocupare-estetica\\\/#breadcrumb\",\"itemListElement\":[{\"@type\":\"ListItem\",\"position\":1,\"name\":\"Home\",\"item\":\"https:\\\/\\\/avrupaubkdental.com\\\/ro\\\/\"},{\"@type\":\"ListItem\",\"position\":2,\"name\":\"Recesiunea gingiilor: Mai mult dec\u00e2t o preocupare estetic\u0103\"}]},{\"@type\":\"WebSite\",\"@id\":\"https:\\\/\\\/avrupaubkdental.com\\\/ro\\\/#website\",\"url\":\"https:\\\/\\\/avrupaubkdental.com\\\/ro\\\/\",\"name\":\"Avrupa UBK Dental\",\"description\":\"\",\"publisher\":{\"@id\":\"https:\\\/\\\/avrupaubkdental.com\\\/ro\\\/#organization\"},\"potentialAction\":[{\"@type\":\"SearchAction\",\"target\":{\"@type\":\"EntryPoint\",\"urlTemplate\":\"https:\\\/\\\/avrupaubkdental.com\\\/ro\\\/?s={search_term_string}\"},\"query-input\":{\"@type\":\"PropertyValueSpecification\",\"valueRequired\":true,\"valueName\":\"search_term_string\"}}],\"inLanguage\":\"ro-RO\"},{\"@type\":\"Organization\",\"@id\":\"https:\\\/\\\/avrupaubkdental.com\\\/ro\\\/#organization\",\"name\":\"Avrupa UBK Dental\",\"url\":\"https:\\\/\\\/avrupaubkdental.com\\\/ro\\\/\",\"logo\":{\"@type\":\"ImageObject\",\"inLanguage\":\"ro-RO\",\"@id\":\"https:\\\/\\\/avrupaubkdental.com\\\/ro\\\/#\\\/schema\\\/logo\\\/image\\\/\",\"url\":\"https:\\\/\\\/avrupaubkdental.com\\\/wp-content\\\/uploads\\\/2023\\\/09\\\/cropped-AVR.-DIK-DUZ-SATIR-PNG.png\",\"contentUrl\":\"https:\\\/\\\/avrupaubkdental.com\\\/wp-content\\\/uploads\\\/2023\\\/09\\\/cropped-AVR.-DIK-DUZ-SATIR-PNG.png\",\"width\":150,\"height\":150,\"caption\":\"Avrupa UBK Dental\"},\"image\":{\"@id\":\"https:\\\/\\\/avrupaubkdental.com\\\/ro\\\/#\\\/schema\\\/logo\\\/image\\\/\"},\"sameAs\":[\"https:\\\/\\\/www.instagram.com\\\/avrupaubkdental\\\/\"]},{\"@type\":\"Person\",\"@id\":\"https:\\\/\\\/avrupaubkdental.com\\\/ro\\\/#\\\/schema\\\/person\\\/76c7a1c48e922f069d538d16be02e02e\",\"name\":\"burak\",\"image\":{\"@type\":\"ImageObject\",\"inLanguage\":\"ro-RO\",\"@id\":\"https:\\\/\\\/secure.gravatar.com\\\/avatar\\\/f746707d3bcfbee87fcc797fe3676d9f7bdbc2fe5ebae5f99c9cb63cc0378230?s=96&d=mm&r=g\",\"url\":\"https:\\\/\\\/secure.gravatar.com\\\/avatar\\\/f746707d3bcfbee87fcc797fe3676d9f7bdbc2fe5ebae5f99c9cb63cc0378230?s=96&d=mm&r=g\",\"contentUrl\":\"https:\\\/\\\/secure.gravatar.com\\\/avatar\\\/f746707d3bcfbee87fcc797fe3676d9f7bdbc2fe5ebae5f99c9cb63cc0378230?s=96&d=mm&r=g\",\"caption\":\"burak\"},\"sameAs\":[\"http:\\\/\\\/avrupaubkdental.com\"],\"url\":\"https:\\\/\\\/avrupaubkdental.com\\\/ro\\\/author\\\/burak\\\/\"}]}<\/script>\n<!-- \/ Yoast SEO plugin. -->","yoast_head_json":{"title":"Recesiunea gingiilor: Mai mult dec\u00e2t o preocupare estetic\u0103 - Avrupa UBK Dental Bayrampa\u015fa","robots":{"index":"index","follow":"follow","max-snippet":"max-snippet:-1","max-image-preview":"max-image-preview:large","max-video-preview":"max-video-preview:-1"},"canonical":"https:\/\/avrupaubkdental.com\/ro\/recesiunea-gingiilor-mai-mult-decat-o-preocupare-estetica\/","og_locale":"ro_RO","og_type":"article","og_title":"Recesiunea gingiilor: Mai mult dec\u00e2t o preocupare estetic\u0103 - Avrupa UBK Dental Bayrampa\u015fa","og_description":"Recesiunea gingiilor: Mai mult dec\u00e2t o preocupare estetic\u0103 Recesiunea gingiilor nu este doar o problem\u0103 care afecteaz\u0103 estetica z\u00e2mbetului. Cauzele subiacente pot duce la probleme grave de s\u0103n\u0103tate dentar\u0103 atunci c\u00e2nd nu sunt tratate. Atunci c\u00e2nd gingiile se retrag, r\u0103d\u0103cinile din\u021bilor sunt expuse, ceea ce aduce riscul de sensibilitate, carii \u0219i chiar pierderea din\u021bilor. \u00cen [&hellip;]","og_url":"https:\/\/avrupaubkdental.com\/ro\/recesiunea-gingiilor-mai-mult-decat-o-preocupare-estetica\/","og_site_name":"Avrupa UBK Dental Bayrampa\u015fa","article_published_time":"2025-07-14T11:58:33+00:00","article_modified_time":"2025-07-28T11:00:46+00:00","og_image":[{"width":1660,"height":1080,"url":"https:\/\/avrupaubkdental.com\/wp-content\/uploads\/2025\/07\/dis-eti-cekilmesi-estetik-kaygidan-daha-fazlasi.jpg","type":"image\/jpeg"}],"author":"burak","twitter_card":"summary_large_image","twitter_misc":{"Scris de":"burak","Timp estimat pentru citire":"2 minute"},"schema":{"@context":"https:\/\/schema.org","@graph":[{"@type":"Article","@id":"https:\/\/avrupaubkdental.com\/ro\/recesiunea-gingiilor-mai-mult-decat-o-preocupare-estetica\/#article","isPartOf":{"@id":"https:\/\/avrupaubkdental.com\/ro\/recesiunea-gingiilor-mai-mult-decat-o-preocupare-estetica\/"},"author":{"name":"burak","@id":"https:\/\/avrupaubkdental.com\/ro\/#\/schema\/person\/76c7a1c48e922f069d538d16be02e02e"},"headline":"Recesiunea gingiilor: Mai mult dec\u00e2t o preocupare estetic\u0103","datePublished":"2025-07-14T11:58:33+00:00","dateModified":"2025-07-28T11:00:46+00:00","mainEntityOfPage":{"@id":"https:\/\/avrupaubkdental.com\/ro\/recesiunea-gingiilor-mai-mult-decat-o-preocupare-estetica\/"},"wordCount":370,"commentCount":0,"publisher":{"@id":"https:\/\/avrupaubkdental.com\/ro\/#organization"},"image":{"@id":"https:\/\/avrupaubkdental.com\/ro\/recesiunea-gingiilor-mai-mult-decat-o-preocupare-estetica\/#primaryimage"},"thumbnailUrl":"https:\/\/avrupaubkdental.com\/wp-content\/uploads\/2025\/07\/dis-eti-cekilmesi-estetik-kaygidan-daha-fazlasi.jpg","articleSection":["Uncategorized @ro"],"inLanguage":"ro-RO","potentialAction":[{"@type":"CommentAction","name":"Comment","target":["https:\/\/avrupaubkdental.com\/ro\/recesiunea-gingiilor-mai-mult-decat-o-preocupare-estetica\/#respond"]}]},{"@type":"WebPage","@id":"https:\/\/avrupaubkdental.com\/ro\/recesiunea-gingiilor-mai-mult-decat-o-preocupare-estetica\/","url":"https:\/\/avrupaubkdental.com\/ro\/recesiunea-gingiilor-mai-mult-decat-o-preocupare-estetica\/","name":"Recesiunea gingiilor: Mai mult dec\u00e2t o preocupare estetic\u0103 - Avrupa UBK Dental Bayrampa\u015fa","isPartOf":{"@id":"https:\/\/avrupaubkdental.com\/ro\/#website"},"primaryImageOfPage":{"@id":"https:\/\/avrupaubkdental.com\/ro\/recesiunea-gingiilor-mai-mult-decat-o-preocupare-estetica\/#primaryimage"},"image":{"@id":"https:\/\/avrupaubkdental.com\/ro\/recesiunea-gingiilor-mai-mult-decat-o-preocupare-estetica\/#primaryimage"},"thumbnailUrl":"https:\/\/avrupaubkdental.com\/wp-content\/uploads\/2025\/07\/dis-eti-cekilmesi-estetik-kaygidan-daha-fazlasi.jpg","datePublished":"2025-07-14T11:58:33+00:00","dateModified":"2025-07-28T11:00:46+00:00","breadcrumb":{"@id":"https:\/\/avrupaubkdental.com\/ro\/recesiunea-gingiilor-mai-mult-decat-o-preocupare-estetica\/#breadcrumb"},"inLanguage":"ro-RO","potentialAction":[{"@type":"ReadAction","target":["https:\/\/avrupaubkdental.com\/ro\/recesiunea-gingiilor-mai-mult-decat-o-preocupare-estetica\/"]}]},{"@type":"ImageObject","inLanguage":"ro-RO","@id":"https:\/\/avrupaubkdental.com\/ro\/recesiunea-gingiilor-mai-mult-decat-o-preocupare-estetica\/#primaryimage","url":"https:\/\/avrupaubkdental.com\/wp-content\/uploads\/2025\/07\/dis-eti-cekilmesi-estetik-kaygidan-daha-fazlasi.jpg","contentUrl":"https:\/\/avrupaubkdental.com\/wp-content\/uploads\/2025\/07\/dis-eti-cekilmesi-estetik-kaygidan-daha-fazlasi.jpg","width":1660,"height":1080},{"@type":"BreadcrumbList","@id":"https:\/\/avrupaubkdental.com\/ro\/recesiunea-gingiilor-mai-mult-decat-o-preocupare-estetica\/#breadcrumb","itemListElement":[{"@type":"ListItem","position":1,"name":"Home","item":"https:\/\/avrupaubkdental.com\/ro\/"},{"@type":"ListItem","position":2,"name":"Recesiunea gingiilor: Mai mult dec\u00e2t o preocupare estetic\u0103"}]},{"@type":"WebSite","@id":"https:\/\/avrupaubkdental.com\/ro\/#website","url":"https:\/\/avrupaubkdental.com\/ro\/","name":"Avrupa UBK Dental","description":"","publisher":{"@id":"https:\/\/avrupaubkdental.com\/ro\/#organization"},"potentialAction":[{"@type":"SearchAction","target":{"@type":"EntryPoint","urlTemplate":"https:\/\/avrupaubkdental.com\/ro\/?s={search_term_string}"},"query-input":{"@type":"PropertyValueSpecification","valueRequired":true,"valueName":"search_term_string"}}],"inLanguage":"ro-RO"},{"@type":"Organization","@id":"https:\/\/avrupaubkdental.com\/ro\/#organization","name":"Avrupa UBK Dental","url":"https:\/\/avrupaubkdental.com\/ro\/","logo":{"@type":"ImageObject","inLanguage":"ro-RO","@id":"https:\/\/avrupaubkdental.com\/ro\/#\/schema\/logo\/image\/","url":"https:\/\/avrupaubkdental.com\/wp-content\/uploads\/2023\/09\/cropped-AVR.-DIK-DUZ-SATIR-PNG.png","contentUrl":"https:\/\/avrupaubkdental.com\/wp-content\/uploads\/2023\/09\/cropped-AVR.-DIK-DUZ-SATIR-PNG.png","width":150,"height":150,"caption":"Avrupa UBK Dental"},"image":{"@id":"https:\/\/avrupaubkdental.com\/ro\/#\/schema\/logo\/image\/"},"sameAs":["https:\/\/www.instagram.com\/avrupaubkdental\/"]},{"@type":"Person","@id":"https:\/\/avrupaubkdental.com\/ro\/#\/schema\/person\/76c7a1c48e922f069d538d16be02e02e","name":"burak","image":{"@type":"ImageObject","inLanguage":"ro-RO","@id":"https:\/\/secure.gravatar.com\/avatar\/f746707d3bcfbee87fcc797fe3676d9f7bdbc2fe5ebae5f99c9cb63cc0378230?s=96&d=mm&r=g","url":"https:\/\/secure.gravatar.com\/avatar\/f746707d3bcfbee87fcc797fe3676d9f7bdbc2fe5ebae5f99c9cb63cc0378230?s=96&d=mm&r=g","contentUrl":"https:\/\/secure.gravatar.com\/avatar\/f746707d3bcfbee87fcc797fe3676d9f7bdbc2fe5ebae5f99c9cb63cc0378230?s=96&d=mm&r=g","caption":"burak"},"sameAs":["http:\/\/avrupaubkdental.com"],"url":"https:\/\/avrupaubkdental.com\/ro\/author\/burak\/"}]}},"_links":{"self":[{"href":"https:\/\/avrupaubkdental.com\/ro\/wp-json\/wp\/v2\/posts\/8113","targetHints":{"allow":["GET"]}}],"collection":[{"href":"https:\/\/avrupaubkdental.com\/ro\/wp-json\/wp\/v2\/posts"}],"about":[{"href":"https:\/\/avrupaubkdental.com\/ro\/wp-json\/wp\/v2\/types\/post"}],"author":[{"embeddable":true,"href":"https:\/\/avrupaubkdental.com\/ro\/wp-json\/wp\/v2\/users\/1"}],"replies":[{"embeddable":true,"href":"https:\/\/avrupaubkdental.com\/ro\/wp-json\/wp\/v2\/comments?post=8113"}],"version-history":[{"count":2,"href":"https:\/\/avrupaubkdental.com\/ro\/wp-json\/wp\/v2\/posts\/8113\/revisions"}],"predecessor-version":[{"id":8284,"href":"https:\/\/avrupaubkdental.com\/ro\/wp-json\/wp\/v2\/posts\/8113\/revisions\/8284"}],"wp:featuredmedia":[{"embeddable":true,"href":"https:\/\/avrupaubkdental.com\/ro\/wp-json\/wp\/v2\/media\/8101"}],"wp:attachment":[{"href":"https:\/\/avrupaubkdental.com\/ro\/wp-json\/wp\/v2\/media?parent=8113"}],"wp:term":[{"taxonomy":"category","embeddable":true,"href":"https:\/\/avrupaubkdental.com\/ro\/wp-json\/wp\/v2\/categories?post=8113"},{"taxonomy":"post_tag","embeddable":true,"href":"https:\/\/avrupaubkdental.com\/ro\/wp-json\/wp\/v2\/tags?post=8113"}],"curies":[{"name":"wp","href":"https:\/\/api.w.org\/{rel}","templated":true}]}}