{"id":8447,"date":"2025-08-25T12:23:49","date_gmt":"2025-08-25T09:23:49","guid":{"rendered":"https:\/\/avrupaubkdental.com\/ingrijirea-orala-si-dentara-la-pacientii-diabetici\/"},"modified":"2025-09-23T09:04:52","modified_gmt":"2025-09-23T06:04:52","slug":"ingrijirea-orala-si-dentara-la-pacientii-diabetici","status":"publish","type":"post","link":"https:\/\/avrupaubkdental.com\/ro\/ingrijirea-orala-si-dentara-la-pacientii-diabetici\/","title":{"rendered":"\u00cengrijirea oral\u0103 \u0219i dentar\u0103 la pacien\u021bii diabetici"},"content":{"rendered":"\t\t<div data-elementor-type=\"wp-post\" data-elementor-id=\"8447\" class=\"elementor elementor-8447 elementor-8412\">\n\t\t\t\t\t\t<div class=\"elementor-inner\">\n\t\t\t\t<div class=\"elementor-section-wrap\">\n\t\t\t\t\t\t\t\t\t<section class=\"elementor-section elementor-top-section elementor-element elementor-element-39e762a elementor-section-boxed elementor-section-height-default elementor-section-height-default\" data-id=\"39e762a\" data-element_type=\"section\">\n\t\t\t\t\t\t\t<div class=\"elementor-background-overlay\"><\/div>\n\t\t\t\t\t\t\t<div class=\"elementor-container elementor-column-gap-default\">\n\t\t\t\t\t\t\t<div class=\"elementor-row\">\n\t\t\t\t\t<div class=\"aux-parallax-section elementor-column elementor-col-100 elementor-top-column elementor-element elementor-element-64c7dc4\" data-id=\"64c7dc4\" data-element_type=\"column\" data-settings=\"{&quot;background_background&quot;:&quot;classic&quot;}\">\n\t\t\t<div class=\"elementor-column-wrap elementor-element-populated\">\n\t\t\t\t\t<div class=\"elementor-background-overlay\"><\/div>\n\t\t\t\t\t\t\t<div class=\"elementor-widget-wrap\">\n\t\t\t\t\t\t<div class=\"elementor-element elementor-element-5c52044 elementor-widget elementor-widget-heading\" data-id=\"5c52044\" data-element_type=\"widget\" data-widget_type=\"heading.default\">\n\t\t\t\t<div class=\"elementor-widget-container\">\n\t\t\t<h1 class=\"elementor-heading-title elementor-size-default\">\u00cengrijirea oral\u0103 \u0219i dentar\u0103 la pacien\u021bii diabetici<\/h1>\t\t<\/div>\n\t\t\t\t<\/div>\n\t\t\t\t\t\t<\/div>\n\t\t\t\t\t<\/div>\n\t\t<\/div>\n\t\t\t\t\t\t\t\t<\/div>\n\t\t\t\t\t<\/div>\n\t\t<\/section>\n\t\t\t\t<section class=\"elementor-section elementor-top-section elementor-element elementor-element-d8125aa elementor-section-boxed elementor-section-height-default elementor-section-height-default\" data-id=\"d8125aa\" data-element_type=\"section\">\n\t\t\t\t\t\t<div class=\"elementor-container elementor-column-gap-default\">\n\t\t\t\t\t\t\t<div class=\"elementor-row\">\n\t\t\t\t\t<div class=\"aux-parallax-section elementor-column elementor-col-50 elementor-top-column elementor-element elementor-element-3383e47\" data-id=\"3383e47\" data-element_type=\"column\">\n\t\t\t<div class=\"elementor-column-wrap elementor-element-populated\">\n\t\t\t\t\t\t\t<div class=\"elementor-widget-wrap\">\n\t\t\t\t\t\t<div class=\"elementor-element elementor-element-4b88edd elementor-widget elementor-widget-text-editor\" data-id=\"4b88edd\" data-element_type=\"widget\" data-widget_type=\"text-editor.default\">\n\t\t\t\t<div class=\"elementor-widget-container\">\n\t\t\t\t\t\t\t\t<div class=\"elementor-text-editor elementor-clearfix\">\n\t\t\t\t<p>Diabetul este o afec\u021biune care afecteaz\u0103 multe sisteme diferite ale organismului, inclusiv s\u0103n\u0103tatea oral\u0103 \u0219i dentar\u0103. Dezechilibrele nivelului de zah\u0103r din s\u00e2nge pot sl\u0103bi mecanismele de ap\u0103rare ale organismului \u00een cavitatea bucal\u0103, duc\u00e2nd la o serie de probleme, de la afec\u021biuni ale gingiilor p\u00e2n\u0103 la pierderea din\u021bilor. <\/p>\n\t\t\t\t\t<\/div>\n\t\t\t\t\t\t<\/div>\n\t\t\t\t<\/div>\n\t\t\t\t\t\t<\/div>\n\t\t\t\t\t<\/div>\n\t\t<\/div>\n\t\t\t\t<div class=\"aux-parallax-section elementor-column elementor-col-50 elementor-top-column elementor-element elementor-element-837243a\" data-id=\"837243a\" data-element_type=\"column\">\n\t\t\t<div class=\"elementor-column-wrap elementor-element-populated\">\n\t\t\t\t\t\t\t<div class=\"elementor-widget-wrap\">\n\t\t\t\t\t\t<div class=\"elementor-element elementor-element-cfb0b4b elementor-widget elementor-widget-text-editor\" data-id=\"cfb0b4b\" data-element_type=\"widget\" data-widget_type=\"text-editor.default\">\n\t\t\t\t<div class=\"elementor-widget-container\">\n\t\t\t\t\t\t\t\t<div class=\"elementor-text-editor elementor-clearfix\">\n\t\t\t\t<p>\u00cengrijirea oral\u0103 regulat\u0103 \u0219i con\u0219tient\u0103 joac\u0103 un rol esen\u021bial \u00een men\u021binerea calit\u0103\u021bii vie\u021bii diabeticilor.<\/p>\n\t\t\t\t\t<\/div>\n\t\t\t\t\t\t<\/div>\n\t\t\t\t<\/div>\n\t\t\t\t\t\t<\/div>\n\t\t\t\t\t<\/div>\n\t\t<\/div>\n\t\t\t\t\t\t\t\t<\/div>\n\t\t\t\t\t<\/div>\n\t\t<\/section>\n\t\t\t\t<section class=\"elementor-section elementor-top-section elementor-element elementor-element-643b4ef elementor-section-boxed elementor-section-height-default elementor-section-height-default\" data-id=\"643b4ef\" data-element_type=\"section\" data-settings=\"{&quot;background_background&quot;:&quot;classic&quot;}\">\n\t\t\t\t\t\t<div class=\"elementor-container elementor-column-gap-default\">\n\t\t\t\t\t\t\t<div class=\"elementor-row\">\n\t\t\t\t\t<div class=\"aux-parallax-section elementor-column elementor-col-66 elementor-top-column elementor-element elementor-element-5ec8e10\" data-id=\"5ec8e10\" data-element_type=\"column\" data-settings=\"{&quot;background_background&quot;:&quot;classic&quot;}\">\n\t\t\t<div class=\"elementor-column-wrap elementor-element-populated\">\n\t\t\t\t\t\t\t<div class=\"elementor-widget-wrap\">\n\t\t\t\t\t\t<div class=\"elementor-element elementor-element-d9ee89e elementor-widget elementor-widget-heading\" data-id=\"d9ee89e\" data-element_type=\"widget\" data-widget_type=\"heading.default\">\n\t\t\t\t<div class=\"elementor-widget-container\">\n\t\t\t<h2 class=\"elementor-heading-title elementor-size-default\">Rela\u021bia dintre diabetul zaharat \u0219i s\u0103n\u0103tatea oral\u0103<\/h2>\t\t<\/div>\n\t\t\t\t<\/div>\n\t\t\t\t<div class=\"elementor-element elementor-element-245e2d8 elementor-widget elementor-widget-text-editor\" data-id=\"245e2d8\" data-element_type=\"widget\" data-widget_type=\"text-editor.default\">\n\t\t\t\t<div class=\"elementor-widget-container\">\n\t\t\t\t\t\t\t\t<div class=\"elementor-text-editor elementor-clearfix\">\n\t\t\t\t<p>Diabetul reduce rezisten\u021ba la infec\u021bii \u00een cavitatea bucal\u0103 \u0219i \u00eencetine\u0219te procesele de vindecare. Din acest motiv, inflama\u021biile gingivale, gura uscat\u0103 \u0219i infec\u021biile fungice sunt mai frecvente la diabetici. \u00cen plus, nivelurile ridicate de zah\u0103r din s\u00e2nge creeaz\u0103 un mediu propice dezvolt\u0103rii bacteriilor \u00een cavitatea bucal\u0103. Acest lucru accelereaz\u0103 formarea tartrului \u0219i favorizeaz\u0103 apari\u021bia unor probleme precum retrac\u021bia gingival\u0103.   <\/p>\n\t\t\t\t\t<\/div>\n\t\t\t\t\t\t<\/div>\n\t\t\t\t<\/div>\n\t\t\t\t\t\t<\/div>\n\t\t\t\t\t<\/div>\n\t\t<\/div>\n\t\t\t\t<div class=\"aux-parallax-section elementor-column elementor-col-33 elementor-top-column elementor-element elementor-element-21709a2\" data-id=\"21709a2\" data-element_type=\"column\">\n\t\t\t<div class=\"elementor-column-wrap elementor-element-populated\">\n\t\t\t\t\t\t\t<div class=\"elementor-widget-wrap\">\n\t\t\t\t\t\t<div class=\"elementor-element elementor-element-8397b3d elementor-widget elementor-widget-image\" data-id=\"8397b3d\" data-element_type=\"widget\" data-widget_type=\"image.default\">\n\t\t\t\t<div class=\"elementor-widget-container\">\n\t\t\t\t\t\t\t\t<div class=\"elementor-image\">\n\t\t\t\t\t\t\t\t\t\t\t\t<img decoding=\"async\" width=\"1080\" height=\"1350\" src=\"https:\/\/avrupaubkdental.com\/wp-content\/uploads\/2025\/08\/seker-hastalarinda-agiz-ve-dis-bakimi-1.jpg\" class=\"attachment-full size-full wp-image-8417\" alt=\"\" srcset=\"https:\/\/avrupaubkdental.com\/wp-content\/uploads\/2025\/08\/seker-hastalarinda-agiz-ve-dis-bakimi-1.jpg 1080w, https:\/\/avrupaubkdental.com\/wp-content\/uploads\/2025\/08\/seker-hastalarinda-agiz-ve-dis-bakimi-1-200x250.jpg 200w\" sizes=\"(max-width: 1080px) 100vw, 1080px\" \/>\t\t\t\t\t\t\t\t\t\t\t\t\t\t<\/div>\n\t\t\t\t\t\t<\/div>\n\t\t\t\t<\/div>\n\t\t\t\t\t\t<\/div>\n\t\t\t\t\t<\/div>\n\t\t<\/div>\n\t\t\t\t\t\t\t\t<\/div>\n\t\t\t\t\t<\/div>\n\t\t<\/section>\n\t\t\t\t<section class=\"elementor-section elementor-top-section elementor-element elementor-element-44f28db elementor-section-boxed elementor-section-height-default elementor-section-height-default\" data-id=\"44f28db\" data-element_type=\"section\" data-settings=\"{&quot;background_background&quot;:&quot;classic&quot;}\">\n\t\t\t\t\t\t<div class=\"elementor-container elementor-column-gap-default\">\n\t\t\t\t\t\t\t<div class=\"elementor-row\">\n\t\t\t\t\t<div class=\"aux-parallax-section elementor-column elementor-col-33 elementor-top-column elementor-element elementor-element-dc2b9e4\" data-id=\"dc2b9e4\" data-element_type=\"column\">\n\t\t\t<div class=\"elementor-column-wrap elementor-element-populated\">\n\t\t\t\t\t\t\t<div class=\"elementor-widget-wrap\">\n\t\t\t\t\t\t<div class=\"elementor-element elementor-element-7e3f69c elementor-widget elementor-widget-image\" data-id=\"7e3f69c\" data-element_type=\"widget\" data-widget_type=\"image.default\">\n\t\t\t\t<div class=\"elementor-widget-container\">\n\t\t\t\t\t\t\t\t<div class=\"elementor-image\">\n\t\t\t\t\t\t\t\t\t\t\t\t<img decoding=\"async\" width=\"1080\" height=\"1350\" src=\"https:\/\/avrupaubkdental.com\/wp-content\/uploads\/2025\/08\/seker-hastalarinda-agiz-ve-dis-bakimi-2.jpg\" class=\"attachment-full size-full wp-image-8423\" alt=\"\" srcset=\"https:\/\/avrupaubkdental.com\/wp-content\/uploads\/2025\/08\/seker-hastalarinda-agiz-ve-dis-bakimi-2.jpg 1080w, https:\/\/avrupaubkdental.com\/wp-content\/uploads\/2025\/08\/seker-hastalarinda-agiz-ve-dis-bakimi-2-200x250.jpg 200w\" sizes=\"(max-width: 1080px) 100vw, 1080px\" \/>\t\t\t\t\t\t\t\t\t\t\t\t\t\t<\/div>\n\t\t\t\t\t\t<\/div>\n\t\t\t\t<\/div>\n\t\t\t\t\t\t<\/div>\n\t\t\t\t\t<\/div>\n\t\t<\/div>\n\t\t\t\t<div class=\"aux-parallax-section elementor-column elementor-col-66 elementor-top-column elementor-element elementor-element-b683173\" data-id=\"b683173\" data-element_type=\"column\">\n\t\t\t<div class=\"elementor-column-wrap elementor-element-populated\">\n\t\t\t\t\t\t\t<div class=\"elementor-widget-wrap\">\n\t\t\t\t\t\t<div class=\"elementor-element elementor-element-71b2a47 elementor-widget elementor-widget-heading\" data-id=\"71b2a47\" data-element_type=\"widget\" data-widget_type=\"heading.default\">\n\t\t\t\t<div class=\"elementor-widget-container\">\n\t\t\t<h2 class=\"elementor-heading-title elementor-size-default\">Importan\u021ba controalelor dentare regulate<\/h2>\t\t<\/div>\n\t\t\t\t<\/div>\n\t\t\t\t<div class=\"elementor-element elementor-element-ee51d4d elementor-widget elementor-widget-text-editor\" data-id=\"ee51d4d\" data-element_type=\"widget\" data-widget_type=\"text-editor.default\">\n\t\t\t\t<div class=\"elementor-widget-container\">\n\t\t\t\t\t\t\t\t<div class=\"elementor-text-editor elementor-clearfix\">\n\t\t\t\t<p>Taninurile din cafea \u0219i ceai ader\u0103 la smal\u021bul din\u021bilor \u0219i provoac\u0103 pete g\u0103lbui sau maronii. Mai ales structura aspr\u0103 a smal\u021bului din\u021bilor faciliteaz\u0103 aderen\u021ba acestor substan\u021be. \u00cen cazul consumului continuu, aceste pete devin permanente \u00een timp \u0219i pot ajunge \u00eentr-un punct care nu poate fi \u00eendep\u0103rtat prin periaj normal.  <\/p>\n\t\t\t\t\t<\/div>\n\t\t\t\t\t\t<\/div>\n\t\t\t\t<\/div>\n\t\t\t\t\t\t<\/div>\n\t\t\t\t\t<\/div>\n\t\t<\/div>\n\t\t\t\t\t\t\t\t<\/div>\n\t\t\t\t\t<\/div>\n\t\t<\/section>\n\t\t\t\t<section class=\"elementor-section elementor-top-section elementor-element elementor-element-8f9a5c2 elementor-section-boxed elementor-section-height-default elementor-section-height-default\" data-id=\"8f9a5c2\" data-element_type=\"section\" data-settings=\"{&quot;background_background&quot;:&quot;classic&quot;}\">\n\t\t\t\t\t\t<div class=\"elementor-container elementor-column-gap-default\">\n\t\t\t\t\t\t\t<div class=\"elementor-row\">\n\t\t\t\t\t<div class=\"aux-parallax-section elementor-column elementor-col-66 elementor-top-column elementor-element elementor-element-6f195f9\" data-id=\"6f195f9\" data-element_type=\"column\" data-settings=\"{&quot;background_background&quot;:&quot;classic&quot;}\">\n\t\t\t<div class=\"elementor-column-wrap elementor-element-populated\">\n\t\t\t\t\t\t\t<div class=\"elementor-widget-wrap\">\n\t\t\t\t\t\t<div class=\"elementor-element elementor-element-2316ee7 elementor-widget elementor-widget-heading\" data-id=\"2316ee7\" data-element_type=\"widget\" data-widget_type=\"heading.default\">\n\t\t\t\t<div class=\"elementor-widget-container\">\n\t\t\t<h2 class=\"elementor-heading-title elementor-size-default\">Recomand\u0103ri pentru \u00eengrijirea oral\u0103 la domiciliu<\/h2>\t\t<\/div>\n\t\t\t\t<\/div>\n\t\t\t\t<div class=\"elementor-element elementor-element-d3884ca elementor-widget elementor-widget-text-editor\" data-id=\"d3884ca\" data-element_type=\"widget\" data-widget_type=\"text-editor.default\">\n\t\t\t\t<div class=\"elementor-widget-container\">\n\t\t\t\t\t\t\t\t<div class=\"elementor-text-editor elementor-clearfix\">\n\t\t\t\t<p>Periajul regulat al din\u021bilor \u0219i folosirea a\u021bei dentare sunt esen\u021biale pentru men\u021binerea s\u0103n\u0103t\u0103\u021bii orale la pacien\u021bii diabetici. \u00cen plus, trebuie consumat\u0103 mult\u0103 ap\u0103 pentru a reduce usc\u0103ciunea gurii \u0219i trebuie preferate metodele care cresc produc\u021bia de saliv\u0103, cum ar fi guma de mestecat f\u0103r\u0103 zah\u0103r. Alegerea periu\u021bei \u0219i a pastei de din\u021bi potrivite ajut\u0103, de asemenea, la protejarea gingiilor sensibile.  <\/p>\n\t\t\t\t\t<\/div>\n\t\t\t\t\t\t<\/div>\n\t\t\t\t<\/div>\n\t\t\t\t<div class=\"elementor-element elementor-element-63bbbb4 elementor-widget elementor-widget-heading\" data-id=\"63bbbb4\" data-element_type=\"widget\" data-widget_type=\"heading.default\">\n\t\t\t\t<div class=\"elementor-widget-container\">\n\t\t\t<h2 class=\"elementor-heading-title elementor-size-default\">Impactul nutri\u021biei<\/h2>\t\t<\/div>\n\t\t\t\t<\/div>\n\t\t\t\t<div class=\"elementor-element elementor-element-24bf56a elementor-widget elementor-widget-text-editor\" data-id=\"24bf56a\" data-element_type=\"widget\" data-widget_type=\"text-editor.default\">\n\t\t\t\t<div class=\"elementor-widget-container\">\n\t\t\t\t\t\t\t\t<div class=\"elementor-text-editor elementor-clearfix\">\n\t\t\t\t<p>Controlul glicemiei este un factor decisiv nu numai pentru s\u0103n\u0103tatea general\u0103, ci \u0219i pentru s\u0103n\u0103tatea oral\u0103 \u0219i dentar\u0103. Evitarea alimentelor cu con\u021binut ridicat de zah\u0103r \u0219i acid reduce at\u00e2t cariile dentare, c\u00e2t \u0219i problemele gingivale. O diet\u0103 echilibrat\u0103 ajut\u0103 la men\u021binerea echilibrului bacterian \u00een cavitatea bucal\u0103.  <\/p>\n\t\t\t\t\t<\/div>\n\t\t\t\t\t\t<\/div>\n\t\t\t\t<\/div>\n\t\t\t\t\t\t<\/div>\n\t\t\t\t\t<\/div>\n\t\t<\/div>\n\t\t\t\t<div class=\"aux-parallax-section elementor-column elementor-col-33 elementor-top-column elementor-element elementor-element-c691ac5\" data-id=\"c691ac5\" data-element_type=\"column\">\n\t\t\t<div class=\"elementor-column-wrap elementor-element-populated\">\n\t\t\t\t\t\t\t<div class=\"elementor-widget-wrap\">\n\t\t\t\t\t\t<div class=\"elementor-element elementor-element-2ac086e elementor-widget elementor-widget-image\" data-id=\"2ac086e\" data-element_type=\"widget\" data-widget_type=\"image.default\">\n\t\t\t\t<div class=\"elementor-widget-container\">\n\t\t\t\t\t\t\t\t<div class=\"elementor-image\">\n\t\t\t\t\t\t\t\t\t\t\t\t<img decoding=\"async\" width=\"1080\" height=\"1350\" src=\"https:\/\/avrupaubkdental.com\/wp-content\/uploads\/2025\/08\/seker-hastalarinda-agiz-ve-dis-bakimi-3.jpg\" class=\"attachment-full size-full wp-image-8429\" alt=\"\" srcset=\"https:\/\/avrupaubkdental.com\/wp-content\/uploads\/2025\/08\/seker-hastalarinda-agiz-ve-dis-bakimi-3.jpg 1080w, https:\/\/avrupaubkdental.com\/wp-content\/uploads\/2025\/08\/seker-hastalarinda-agiz-ve-dis-bakimi-3-200x250.jpg 200w\" sizes=\"(max-width: 1080px) 100vw, 1080px\" \/>\t\t\t\t\t\t\t\t\t\t\t\t\t\t<\/div>\n\t\t\t\t\t\t<\/div>\n\t\t\t\t<\/div>\n\t\t\t\t\t\t<\/div>\n\t\t\t\t\t<\/div>\n\t\t<\/div>\n\t\t\t\t\t\t\t\t<\/div>\n\t\t\t\t\t<\/div>\n\t\t<\/section>\n\t\t\t\t<section class=\"elementor-section elementor-top-section elementor-element elementor-element-33d9791 elementor-section-boxed elementor-section-height-default elementor-section-height-default\" data-id=\"33d9791\" data-element_type=\"section\">\n\t\t\t\t\t\t\t<div class=\"elementor-background-overlay\"><\/div>\n\t\t\t\t\t\t\t<div class=\"elementor-container elementor-column-gap-default\">\n\t\t\t\t\t\t\t<div class=\"elementor-row\">\n\t\t\t\t\t<div class=\"aux-parallax-section elementor-column elementor-col-100 elementor-top-column elementor-element elementor-element-f41da64\" data-id=\"f41da64\" data-element_type=\"column\">\n\t\t\t<div class=\"elementor-column-wrap elementor-element-populated\">\n\t\t\t\t\t\t\t<div class=\"elementor-widget-wrap\">\n\t\t\t\t\t\t<div class=\"elementor-element elementor-element-44ec201 elementor-widget elementor-widget-spacer\" data-id=\"44ec201\" data-element_type=\"widget\" data-widget_type=\"spacer.default\">\n\t\t\t\t<div class=\"elementor-widget-container\">\n\t\t\t\t\t<div class=\"elementor-spacer\">\n\t\t\t<div class=\"elementor-spacer-inner\"><\/div>\n\t\t<\/div>\n\t\t\t\t<\/div>\n\t\t\t\t<\/div>\n\t\t\t\t<div class=\"elementor-element elementor-element-4488dcd elementor-widget elementor-widget-spacer\" data-id=\"4488dcd\" data-element_type=\"widget\" data-widget_type=\"spacer.default\">\n\t\t\t\t<div class=\"elementor-widget-container\">\n\t\t\t\t\t<div class=\"elementor-spacer\">\n\t\t\t<div class=\"elementor-spacer-inner\"><\/div>\n\t\t<\/div>\n\t\t\t\t<\/div>\n\t\t\t\t<\/div>\n\t\t\t\t\t\t<\/div>\n\t\t\t\t\t<\/div>\n\t\t<\/div>\n\t\t\t\t\t\t\t\t<\/div>\n\t\t\t\t\t<\/div>\n\t\t<\/section>\n\t\t\t\t\t\t\t\t\t<\/div>\n\t\t\t<\/div>\n\t\t\t\t\t<\/div>\n\t\t","protected":false},"excerpt":{"rendered":"<p>\u00cengrijirea oral\u0103 \u0219i dentar\u0103 la pacien\u021bii diabetici Diabetul este o afec\u021biune care afecteaz\u0103 multe sisteme diferite ale organismului, inclusiv s\u0103n\u0103tatea oral\u0103 \u0219i dentar\u0103. Dezechilibrele nivelului de zah\u0103r din s\u00e2nge pot sl\u0103bi mecanismele de ap\u0103rare ale organismului \u00een cavitatea bucal\u0103, duc\u00e2nd la o serie de probleme, de la afec\u021biuni ale gingiilor p\u00e2n\u0103 la pierderea din\u021bilor. \u00cengrijirea [&hellip;]<\/p>\n","protected":false},"author":1,"featured_media":8435,"comment_status":"open","ping_status":"open","sticky":false,"template":"elementor_header_footer","format":"standard","meta":{"_joinchat":[],"footnotes":""},"categories":[29],"tags":[],"class_list":["post-8447","post","type-post","status-publish","format-standard","has-post-thumbnail","hentry","category-uncategorized-ro"],"yoast_head":"<!-- This site is optimized with the Yoast SEO plugin v27.4 - https:\/\/yoast.com\/product\/yoast-seo-wordpress\/ -->\n<title>\u00cengrijirea oral\u0103 \u0219i dentar\u0103 la pacien\u021bii diabetici - Avrupa UBK Dental Bayrampa\u015fa<\/title>\n<meta name=\"robots\" content=\"index, follow, max-snippet:-1, max-image-preview:large, max-video-preview:-1\" \/>\n<link rel=\"canonical\" href=\"https:\/\/avrupaubkdental.com\/ro\/ingrijirea-orala-si-dentara-la-pacientii-diabetici\/\" \/>\n<meta property=\"og:locale\" content=\"ro_RO\" \/>\n<meta property=\"og:type\" content=\"article\" \/>\n<meta property=\"og:title\" content=\"\u00cengrijirea oral\u0103 \u0219i dentar\u0103 la pacien\u021bii diabetici - Avrupa UBK Dental Bayrampa\u015fa\" \/>\n<meta property=\"og:description\" content=\"\u00cengrijirea oral\u0103 \u0219i dentar\u0103 la pacien\u021bii diabetici Diabetul este o afec\u021biune care afecteaz\u0103 multe sisteme diferite ale organismului, inclusiv s\u0103n\u0103tatea oral\u0103 \u0219i dentar\u0103. Dezechilibrele nivelului de zah\u0103r din s\u00e2nge pot sl\u0103bi mecanismele de ap\u0103rare ale organismului \u00een cavitatea bucal\u0103, duc\u00e2nd la o serie de probleme, de la afec\u021biuni ale gingiilor p\u00e2n\u0103 la pierderea din\u021bilor. \u00cengrijirea [&hellip;]\" \/>\n<meta property=\"og:url\" content=\"https:\/\/avrupaubkdental.com\/ro\/ingrijirea-orala-si-dentara-la-pacientii-diabetici\/\" \/>\n<meta property=\"og:site_name\" content=\"Avrupa UBK Dental Bayrampa\u015fa\" \/>\n<meta property=\"article:published_time\" content=\"2025-08-25T09:23:49+00:00\" \/>\n<meta property=\"article:modified_time\" content=\"2025-09-23T06:04:52+00:00\" \/>\n<meta property=\"og:image\" content=\"https:\/\/avrupaubkdental.com\/wp-content\/uploads\/2025\/08\/seker-hastalarinda-agiz-ve-dis-bakimi.jpg\" \/>\n\t<meta property=\"og:image:width\" content=\"1660\" \/>\n\t<meta property=\"og:image:height\" content=\"1080\" \/>\n\t<meta property=\"og:image:type\" content=\"image\/jpeg\" \/>\n<meta name=\"author\" content=\"burak\" \/>\n<meta name=\"twitter:card\" content=\"summary_large_image\" \/>\n<meta name=\"twitter:label1\" content=\"Scris de\" \/>\n\t<meta name=\"twitter:data1\" content=\"burak\" \/>\n\t<meta name=\"twitter:label2\" content=\"Timp estimat pentru citire\" \/>\n\t<meta name=\"twitter:data2\" content=\"2 minute\" \/>\n<script type=\"application\/ld+json\" class=\"yoast-schema-graph\">{\"@context\":\"https:\\\/\\\/schema.org\",\"@graph\":[{\"@type\":\"Article\",\"@id\":\"https:\\\/\\\/avrupaubkdental.com\\\/ro\\\/ingrijirea-orala-si-dentara-la-pacientii-diabetici\\\/#article\",\"isPartOf\":{\"@id\":\"https:\\\/\\\/avrupaubkdental.com\\\/ro\\\/ingrijirea-orala-si-dentara-la-pacientii-diabetici\\\/\"},\"author\":{\"name\":\"burak\",\"@id\":\"https:\\\/\\\/avrupaubkdental.com\\\/ro\\\/#\\\/schema\\\/person\\\/76c7a1c48e922f069d538d16be02e02e\"},\"headline\":\"\u00cengrijirea oral\u0103 \u0219i dentar\u0103 la pacien\u021bii diabetici\",\"datePublished\":\"2025-08-25T09:23:49+00:00\",\"dateModified\":\"2025-09-23T06:04:52+00:00\",\"mainEntityOfPage\":{\"@id\":\"https:\\\/\\\/avrupaubkdental.com\\\/ro\\\/ingrijirea-orala-si-dentara-la-pacientii-diabetici\\\/\"},\"wordCount\":372,\"commentCount\":0,\"publisher\":{\"@id\":\"https:\\\/\\\/avrupaubkdental.com\\\/ro\\\/#organization\"},\"image\":{\"@id\":\"https:\\\/\\\/avrupaubkdental.com\\\/ro\\\/ingrijirea-orala-si-dentara-la-pacientii-diabetici\\\/#primaryimage\"},\"thumbnailUrl\":\"https:\\\/\\\/avrupaubkdental.com\\\/wp-content\\\/uploads\\\/2025\\\/08\\\/seker-hastalarinda-agiz-ve-dis-bakimi.jpg\",\"articleSection\":[\"Uncategorized @ro\"],\"inLanguage\":\"ro-RO\",\"potentialAction\":[{\"@type\":\"CommentAction\",\"name\":\"Comment\",\"target\":[\"https:\\\/\\\/avrupaubkdental.com\\\/ro\\\/ingrijirea-orala-si-dentara-la-pacientii-diabetici\\\/#respond\"]}]},{\"@type\":\"WebPage\",\"@id\":\"https:\\\/\\\/avrupaubkdental.com\\\/ro\\\/ingrijirea-orala-si-dentara-la-pacientii-diabetici\\\/\",\"url\":\"https:\\\/\\\/avrupaubkdental.com\\\/ro\\\/ingrijirea-orala-si-dentara-la-pacientii-diabetici\\\/\",\"name\":\"\u00cengrijirea oral\u0103 \u0219i dentar\u0103 la pacien\u021bii diabetici - Avrupa UBK Dental Bayrampa\u015fa\",\"isPartOf\":{\"@id\":\"https:\\\/\\\/avrupaubkdental.com\\\/ro\\\/#website\"},\"primaryImageOfPage\":{\"@id\":\"https:\\\/\\\/avrupaubkdental.com\\\/ro\\\/ingrijirea-orala-si-dentara-la-pacientii-diabetici\\\/#primaryimage\"},\"image\":{\"@id\":\"https:\\\/\\\/avrupaubkdental.com\\\/ro\\\/ingrijirea-orala-si-dentara-la-pacientii-diabetici\\\/#primaryimage\"},\"thumbnailUrl\":\"https:\\\/\\\/avrupaubkdental.com\\\/wp-content\\\/uploads\\\/2025\\\/08\\\/seker-hastalarinda-agiz-ve-dis-bakimi.jpg\",\"datePublished\":\"2025-08-25T09:23:49+00:00\",\"dateModified\":\"2025-09-23T06:04:52+00:00\",\"breadcrumb\":{\"@id\":\"https:\\\/\\\/avrupaubkdental.com\\\/ro\\\/ingrijirea-orala-si-dentara-la-pacientii-diabetici\\\/#breadcrumb\"},\"inLanguage\":\"ro-RO\",\"potentialAction\":[{\"@type\":\"ReadAction\",\"target\":[\"https:\\\/\\\/avrupaubkdental.com\\\/ro\\\/ingrijirea-orala-si-dentara-la-pacientii-diabetici\\\/\"]}]},{\"@type\":\"ImageObject\",\"inLanguage\":\"ro-RO\",\"@id\":\"https:\\\/\\\/avrupaubkdental.com\\\/ro\\\/ingrijirea-orala-si-dentara-la-pacientii-diabetici\\\/#primaryimage\",\"url\":\"https:\\\/\\\/avrupaubkdental.com\\\/wp-content\\\/uploads\\\/2025\\\/08\\\/seker-hastalarinda-agiz-ve-dis-bakimi.jpg\",\"contentUrl\":\"https:\\\/\\\/avrupaubkdental.com\\\/wp-content\\\/uploads\\\/2025\\\/08\\\/seker-hastalarinda-agiz-ve-dis-bakimi.jpg\",\"width\":1660,\"height\":1080},{\"@type\":\"BreadcrumbList\",\"@id\":\"https:\\\/\\\/avrupaubkdental.com\\\/ro\\\/ingrijirea-orala-si-dentara-la-pacientii-diabetici\\\/#breadcrumb\",\"itemListElement\":[{\"@type\":\"ListItem\",\"position\":1,\"name\":\"Home\",\"item\":\"https:\\\/\\\/avrupaubkdental.com\\\/ro\\\/\"},{\"@type\":\"ListItem\",\"position\":2,\"name\":\"\u00cengrijirea oral\u0103 \u0219i dentar\u0103 la pacien\u021bii diabetici\"}]},{\"@type\":\"WebSite\",\"@id\":\"https:\\\/\\\/avrupaubkdental.com\\\/ro\\\/#website\",\"url\":\"https:\\\/\\\/avrupaubkdental.com\\\/ro\\\/\",\"name\":\"Avrupa UBK Dental\",\"description\":\"\",\"publisher\":{\"@id\":\"https:\\\/\\\/avrupaubkdental.com\\\/ro\\\/#organization\"},\"potentialAction\":[{\"@type\":\"SearchAction\",\"target\":{\"@type\":\"EntryPoint\",\"urlTemplate\":\"https:\\\/\\\/avrupaubkdental.com\\\/ro\\\/?s={search_term_string}\"},\"query-input\":{\"@type\":\"PropertyValueSpecification\",\"valueRequired\":true,\"valueName\":\"search_term_string\"}}],\"inLanguage\":\"ro-RO\"},{\"@type\":\"Organization\",\"@id\":\"https:\\\/\\\/avrupaubkdental.com\\\/ro\\\/#organization\",\"name\":\"Avrupa UBK Dental\",\"url\":\"https:\\\/\\\/avrupaubkdental.com\\\/ro\\\/\",\"logo\":{\"@type\":\"ImageObject\",\"inLanguage\":\"ro-RO\",\"@id\":\"https:\\\/\\\/avrupaubkdental.com\\\/ro\\\/#\\\/schema\\\/logo\\\/image\\\/\",\"url\":\"https:\\\/\\\/avrupaubkdental.com\\\/wp-content\\\/uploads\\\/2023\\\/09\\\/cropped-AVR.-DIK-DUZ-SATIR-PNG.png\",\"contentUrl\":\"https:\\\/\\\/avrupaubkdental.com\\\/wp-content\\\/uploads\\\/2023\\\/09\\\/cropped-AVR.-DIK-DUZ-SATIR-PNG.png\",\"width\":150,\"height\":150,\"caption\":\"Avrupa UBK Dental\"},\"image\":{\"@id\":\"https:\\\/\\\/avrupaubkdental.com\\\/ro\\\/#\\\/schema\\\/logo\\\/image\\\/\"},\"sameAs\":[\"https:\\\/\\\/www.instagram.com\\\/avrupaubkdental\\\/\"]},{\"@type\":\"Person\",\"@id\":\"https:\\\/\\\/avrupaubkdental.com\\\/ro\\\/#\\\/schema\\\/person\\\/76c7a1c48e922f069d538d16be02e02e\",\"name\":\"burak\",\"image\":{\"@type\":\"ImageObject\",\"inLanguage\":\"ro-RO\",\"@id\":\"https:\\\/\\\/secure.gravatar.com\\\/avatar\\\/f746707d3bcfbee87fcc797fe3676d9f7bdbc2fe5ebae5f99c9cb63cc0378230?s=96&d=mm&r=g\",\"url\":\"https:\\\/\\\/secure.gravatar.com\\\/avatar\\\/f746707d3bcfbee87fcc797fe3676d9f7bdbc2fe5ebae5f99c9cb63cc0378230?s=96&d=mm&r=g\",\"contentUrl\":\"https:\\\/\\\/secure.gravatar.com\\\/avatar\\\/f746707d3bcfbee87fcc797fe3676d9f7bdbc2fe5ebae5f99c9cb63cc0378230?s=96&d=mm&r=g\",\"caption\":\"burak\"},\"sameAs\":[\"http:\\\/\\\/avrupaubkdental.com\"],\"url\":\"https:\\\/\\\/avrupaubkdental.com\\\/ro\\\/author\\\/burak\\\/\"}]}<\/script>\n<!-- \/ Yoast SEO plugin. -->","yoast_head_json":{"title":"\u00cengrijirea oral\u0103 \u0219i dentar\u0103 la pacien\u021bii diabetici - Avrupa UBK Dental Bayrampa\u015fa","robots":{"index":"index","follow":"follow","max-snippet":"max-snippet:-1","max-image-preview":"max-image-preview:large","max-video-preview":"max-video-preview:-1"},"canonical":"https:\/\/avrupaubkdental.com\/ro\/ingrijirea-orala-si-dentara-la-pacientii-diabetici\/","og_locale":"ro_RO","og_type":"article","og_title":"\u00cengrijirea oral\u0103 \u0219i dentar\u0103 la pacien\u021bii diabetici - Avrupa UBK Dental Bayrampa\u015fa","og_description":"\u00cengrijirea oral\u0103 \u0219i dentar\u0103 la pacien\u021bii diabetici Diabetul este o afec\u021biune care afecteaz\u0103 multe sisteme diferite ale organismului, inclusiv s\u0103n\u0103tatea oral\u0103 \u0219i dentar\u0103. Dezechilibrele nivelului de zah\u0103r din s\u00e2nge pot sl\u0103bi mecanismele de ap\u0103rare ale organismului \u00een cavitatea bucal\u0103, duc\u00e2nd la o serie de probleme, de la afec\u021biuni ale gingiilor p\u00e2n\u0103 la pierderea din\u021bilor. \u00cengrijirea [&hellip;]","og_url":"https:\/\/avrupaubkdental.com\/ro\/ingrijirea-orala-si-dentara-la-pacientii-diabetici\/","og_site_name":"Avrupa UBK Dental Bayrampa\u015fa","article_published_time":"2025-08-25T09:23:49+00:00","article_modified_time":"2025-09-23T06:04:52+00:00","og_image":[{"width":1660,"height":1080,"url":"https:\/\/avrupaubkdental.com\/wp-content\/uploads\/2025\/08\/seker-hastalarinda-agiz-ve-dis-bakimi.jpg","type":"image\/jpeg"}],"author":"burak","twitter_card":"summary_large_image","twitter_misc":{"Scris de":"burak","Timp estimat pentru citire":"2 minute"},"schema":{"@context":"https:\/\/schema.org","@graph":[{"@type":"Article","@id":"https:\/\/avrupaubkdental.com\/ro\/ingrijirea-orala-si-dentara-la-pacientii-diabetici\/#article","isPartOf":{"@id":"https:\/\/avrupaubkdental.com\/ro\/ingrijirea-orala-si-dentara-la-pacientii-diabetici\/"},"author":{"name":"burak","@id":"https:\/\/avrupaubkdental.com\/ro\/#\/schema\/person\/76c7a1c48e922f069d538d16be02e02e"},"headline":"\u00cengrijirea oral\u0103 \u0219i dentar\u0103 la pacien\u021bii diabetici","datePublished":"2025-08-25T09:23:49+00:00","dateModified":"2025-09-23T06:04:52+00:00","mainEntityOfPage":{"@id":"https:\/\/avrupaubkdental.com\/ro\/ingrijirea-orala-si-dentara-la-pacientii-diabetici\/"},"wordCount":372,"commentCount":0,"publisher":{"@id":"https:\/\/avrupaubkdental.com\/ro\/#organization"},"image":{"@id":"https:\/\/avrupaubkdental.com\/ro\/ingrijirea-orala-si-dentara-la-pacientii-diabetici\/#primaryimage"},"thumbnailUrl":"https:\/\/avrupaubkdental.com\/wp-content\/uploads\/2025\/08\/seker-hastalarinda-agiz-ve-dis-bakimi.jpg","articleSection":["Uncategorized @ro"],"inLanguage":"ro-RO","potentialAction":[{"@type":"CommentAction","name":"Comment","target":["https:\/\/avrupaubkdental.com\/ro\/ingrijirea-orala-si-dentara-la-pacientii-diabetici\/#respond"]}]},{"@type":"WebPage","@id":"https:\/\/avrupaubkdental.com\/ro\/ingrijirea-orala-si-dentara-la-pacientii-diabetici\/","url":"https:\/\/avrupaubkdental.com\/ro\/ingrijirea-orala-si-dentara-la-pacientii-diabetici\/","name":"\u00cengrijirea oral\u0103 \u0219i dentar\u0103 la pacien\u021bii diabetici - Avrupa UBK Dental Bayrampa\u015fa","isPartOf":{"@id":"https:\/\/avrupaubkdental.com\/ro\/#website"},"primaryImageOfPage":{"@id":"https:\/\/avrupaubkdental.com\/ro\/ingrijirea-orala-si-dentara-la-pacientii-diabetici\/#primaryimage"},"image":{"@id":"https:\/\/avrupaubkdental.com\/ro\/ingrijirea-orala-si-dentara-la-pacientii-diabetici\/#primaryimage"},"thumbnailUrl":"https:\/\/avrupaubkdental.com\/wp-content\/uploads\/2025\/08\/seker-hastalarinda-agiz-ve-dis-bakimi.jpg","datePublished":"2025-08-25T09:23:49+00:00","dateModified":"2025-09-23T06:04:52+00:00","breadcrumb":{"@id":"https:\/\/avrupaubkdental.com\/ro\/ingrijirea-orala-si-dentara-la-pacientii-diabetici\/#breadcrumb"},"inLanguage":"ro-RO","potentialAction":[{"@type":"ReadAction","target":["https:\/\/avrupaubkdental.com\/ro\/ingrijirea-orala-si-dentara-la-pacientii-diabetici\/"]}]},{"@type":"ImageObject","inLanguage":"ro-RO","@id":"https:\/\/avrupaubkdental.com\/ro\/ingrijirea-orala-si-dentara-la-pacientii-diabetici\/#primaryimage","url":"https:\/\/avrupaubkdental.com\/wp-content\/uploads\/2025\/08\/seker-hastalarinda-agiz-ve-dis-bakimi.jpg","contentUrl":"https:\/\/avrupaubkdental.com\/wp-content\/uploads\/2025\/08\/seker-hastalarinda-agiz-ve-dis-bakimi.jpg","width":1660,"height":1080},{"@type":"BreadcrumbList","@id":"https:\/\/avrupaubkdental.com\/ro\/ingrijirea-orala-si-dentara-la-pacientii-diabetici\/#breadcrumb","itemListElement":[{"@type":"ListItem","position":1,"name":"Home","item":"https:\/\/avrupaubkdental.com\/ro\/"},{"@type":"ListItem","position":2,"name":"\u00cengrijirea oral\u0103 \u0219i dentar\u0103 la pacien\u021bii diabetici"}]},{"@type":"WebSite","@id":"https:\/\/avrupaubkdental.com\/ro\/#website","url":"https:\/\/avrupaubkdental.com\/ro\/","name":"Avrupa UBK Dental","description":"","publisher":{"@id":"https:\/\/avrupaubkdental.com\/ro\/#organization"},"potentialAction":[{"@type":"SearchAction","target":{"@type":"EntryPoint","urlTemplate":"https:\/\/avrupaubkdental.com\/ro\/?s={search_term_string}"},"query-input":{"@type":"PropertyValueSpecification","valueRequired":true,"valueName":"search_term_string"}}],"inLanguage":"ro-RO"},{"@type":"Organization","@id":"https:\/\/avrupaubkdental.com\/ro\/#organization","name":"Avrupa UBK Dental","url":"https:\/\/avrupaubkdental.com\/ro\/","logo":{"@type":"ImageObject","inLanguage":"ro-RO","@id":"https:\/\/avrupaubkdental.com\/ro\/#\/schema\/logo\/image\/","url":"https:\/\/avrupaubkdental.com\/wp-content\/uploads\/2023\/09\/cropped-AVR.-DIK-DUZ-SATIR-PNG.png","contentUrl":"https:\/\/avrupaubkdental.com\/wp-content\/uploads\/2023\/09\/cropped-AVR.-DIK-DUZ-SATIR-PNG.png","width":150,"height":150,"caption":"Avrupa UBK Dental"},"image":{"@id":"https:\/\/avrupaubkdental.com\/ro\/#\/schema\/logo\/image\/"},"sameAs":["https:\/\/www.instagram.com\/avrupaubkdental\/"]},{"@type":"Person","@id":"https:\/\/avrupaubkdental.com\/ro\/#\/schema\/person\/76c7a1c48e922f069d538d16be02e02e","name":"burak","image":{"@type":"ImageObject","inLanguage":"ro-RO","@id":"https:\/\/secure.gravatar.com\/avatar\/f746707d3bcfbee87fcc797fe3676d9f7bdbc2fe5ebae5f99c9cb63cc0378230?s=96&d=mm&r=g","url":"https:\/\/secure.gravatar.com\/avatar\/f746707d3bcfbee87fcc797fe3676d9f7bdbc2fe5ebae5f99c9cb63cc0378230?s=96&d=mm&r=g","contentUrl":"https:\/\/secure.gravatar.com\/avatar\/f746707d3bcfbee87fcc797fe3676d9f7bdbc2fe5ebae5f99c9cb63cc0378230?s=96&d=mm&r=g","caption":"burak"},"sameAs":["http:\/\/avrupaubkdental.com"],"url":"https:\/\/avrupaubkdental.com\/ro\/author\/burak\/"}]}},"_links":{"self":[{"href":"https:\/\/avrupaubkdental.com\/ro\/wp-json\/wp\/v2\/posts\/8447","targetHints":{"allow":["GET"]}}],"collection":[{"href":"https:\/\/avrupaubkdental.com\/ro\/wp-json\/wp\/v2\/posts"}],"about":[{"href":"https:\/\/avrupaubkdental.com\/ro\/wp-json\/wp\/v2\/types\/post"}],"author":[{"embeddable":true,"href":"https:\/\/avrupaubkdental.com\/ro\/wp-json\/wp\/v2\/users\/1"}],"replies":[{"embeddable":true,"href":"https:\/\/avrupaubkdental.com\/ro\/wp-json\/wp\/v2\/comments?post=8447"}],"version-history":[{"count":2,"href":"https:\/\/avrupaubkdental.com\/ro\/wp-json\/wp\/v2\/posts\/8447\/revisions"}],"predecessor-version":[{"id":8511,"href":"https:\/\/avrupaubkdental.com\/ro\/wp-json\/wp\/v2\/posts\/8447\/revisions\/8511"}],"wp:featuredmedia":[{"embeddable":true,"href":"https:\/\/avrupaubkdental.com\/ro\/wp-json\/wp\/v2\/media\/8435"}],"wp:attachment":[{"href":"https:\/\/avrupaubkdental.com\/ro\/wp-json\/wp\/v2\/media?parent=8447"}],"wp:term":[{"taxonomy":"category","embeddable":true,"href":"https:\/\/avrupaubkdental.com\/ro\/wp-json\/wp\/v2\/categories?post=8447"},{"taxonomy":"post_tag","embeddable":true,"href":"https:\/\/avrupaubkdental.com\/ro\/wp-json\/wp\/v2\/tags?post=8447"}],"curies":[{"name":"wp","href":"https:\/\/api.w.org\/{rel}","templated":true}]}}