{"id":8621,"date":"2025-09-30T15:38:48","date_gmt":"2025-09-30T12:38:48","guid":{"rendered":"https:\/\/avrupaubkdental.com\/diferentele-dintre-fatetele-laminate-si-cele-din-portelan\/"},"modified":"2025-09-30T15:39:06","modified_gmt":"2025-09-30T12:39:06","slug":"diferentele-dintre-fatetele-laminate-si-cele-din-portelan","status":"publish","type":"post","link":"https:\/\/avrupaubkdental.com\/ro\/diferentele-dintre-fatetele-laminate-si-cele-din-portelan\/","title":{"rendered":"Diferen\u021bele dintre fa\u021betele laminate \u0219i cele din por\u021belan"},"content":{"rendered":"\t\t<div data-elementor-type=\"wp-post\" data-elementor-id=\"8621\" class=\"elementor elementor-8621 elementor-8585\">\n\t\t\t\t\t\t<div class=\"elementor-inner\">\n\t\t\t\t<div class=\"elementor-section-wrap\">\n\t\t\t\t\t\t\t\t\t<section class=\"elementor-section elementor-top-section elementor-element elementor-element-39e762a elementor-section-boxed elementor-section-height-default elementor-section-height-default\" data-id=\"39e762a\" data-element_type=\"section\">\n\t\t\t\t\t\t\t<div class=\"elementor-background-overlay\"><\/div>\n\t\t\t\t\t\t\t<div class=\"elementor-container elementor-column-gap-default\">\n\t\t\t\t\t\t\t<div class=\"elementor-row\">\n\t\t\t\t\t<div class=\"aux-parallax-section elementor-column elementor-col-100 elementor-top-column elementor-element elementor-element-64c7dc4\" data-id=\"64c7dc4\" data-element_type=\"column\" data-settings=\"{&quot;background_background&quot;:&quot;classic&quot;}\">\n\t\t\t<div class=\"elementor-column-wrap elementor-element-populated\">\n\t\t\t\t\t<div class=\"elementor-background-overlay\"><\/div>\n\t\t\t\t\t\t\t<div class=\"elementor-widget-wrap\">\n\t\t\t\t\t\t<div class=\"elementor-element elementor-element-5c52044 elementor-widget elementor-widget-heading\" data-id=\"5c52044\" data-element_type=\"widget\" data-widget_type=\"heading.default\">\n\t\t\t\t<div class=\"elementor-widget-container\">\n\t\t\t<h1 class=\"elementor-heading-title elementor-size-default\">Diferen\u021bele dintre fa\u021betele laminate \u0219i cele din por\u021belan<\/h1>\t\t<\/div>\n\t\t\t\t<\/div>\n\t\t\t\t\t\t<\/div>\n\t\t\t\t\t<\/div>\n\t\t<\/div>\n\t\t\t\t\t\t\t\t<\/div>\n\t\t\t\t\t<\/div>\n\t\t<\/section>\n\t\t\t\t<section class=\"elementor-section elementor-top-section elementor-element elementor-element-d8125aa elementor-section-boxed elementor-section-height-default elementor-section-height-default\" data-id=\"d8125aa\" data-element_type=\"section\">\n\t\t\t\t\t\t<div class=\"elementor-container elementor-column-gap-default\">\n\t\t\t\t\t\t\t<div class=\"elementor-row\">\n\t\t\t\t\t<div class=\"aux-parallax-section elementor-column elementor-col-50 elementor-top-column elementor-element elementor-element-3383e47\" data-id=\"3383e47\" data-element_type=\"column\">\n\t\t\t<div class=\"elementor-column-wrap elementor-element-populated\">\n\t\t\t\t\t\t\t<div class=\"elementor-widget-wrap\">\n\t\t\t\t\t\t<div class=\"elementor-element elementor-element-4b88edd elementor-widget elementor-widget-text-editor\" data-id=\"4b88edd\" data-element_type=\"widget\" data-widget_type=\"text-editor.default\">\n\t\t\t\t<div class=\"elementor-widget-container\">\n\t\t\t\t\t\t\t\t<div class=\"elementor-text-editor elementor-clearfix\">\n\t\t\t\t<p>Stomatologia cosmetic\u0103 ofer\u0103 ast\u0103zi o varietate de op\u021biuni de tratament pentru un z\u00e2mbet s\u0103n\u0103tos \u0219i frumos. Dou\u0103 dintre cele mai populare op\u021biuni sunt fa\u021betele laminate \u0219i fa\u021betele din por\u021belan. <\/p>\n\t\t\t\t\t<\/div>\n\t\t\t\t\t\t<\/div>\n\t\t\t\t<\/div>\n\t\t\t\t\t\t<\/div>\n\t\t\t\t\t<\/div>\n\t\t<\/div>\n\t\t\t\t<div class=\"aux-parallax-section elementor-column elementor-col-50 elementor-top-column elementor-element elementor-element-837243a\" data-id=\"837243a\" data-element_type=\"column\">\n\t\t\t<div class=\"elementor-column-wrap elementor-element-populated\">\n\t\t\t\t\t\t\t<div class=\"elementor-widget-wrap\">\n\t\t\t\t\t\t<div class=\"elementor-element elementor-element-cfb0b4b elementor-widget elementor-widget-text-editor\" data-id=\"cfb0b4b\" data-element_type=\"widget\" data-widget_type=\"text-editor.default\">\n\t\t\t\t<div class=\"elementor-widget-container\">\n\t\t\t\t\t\t\t\t<div class=\"elementor-text-editor elementor-clearfix\">\n\t\t\t\t<p>De\u0219i ambele au ca scop \u00eembun\u0103t\u0103\u021birea esteticii z\u00e2mbetului, ele prezint\u0103 diferen\u021be semnificative \u00een ceea ce prive\u0219te metodele de aplicare, avantajele \u0219i domeniile de utilizare.<\/p>\n\t\t\t\t\t<\/div>\n\t\t\t\t\t\t<\/div>\n\t\t\t\t<\/div>\n\t\t\t\t\t\t<\/div>\n\t\t\t\t\t<\/div>\n\t\t<\/div>\n\t\t\t\t\t\t\t\t<\/div>\n\t\t\t\t\t<\/div>\n\t\t<\/section>\n\t\t\t\t<section class=\"elementor-section elementor-top-section elementor-element elementor-element-643b4ef elementor-section-boxed elementor-section-height-default elementor-section-height-default\" data-id=\"643b4ef\" data-element_type=\"section\" data-settings=\"{&quot;background_background&quot;:&quot;classic&quot;}\">\n\t\t\t\t\t\t<div class=\"elementor-container elementor-column-gap-default\">\n\t\t\t\t\t\t\t<div class=\"elementor-row\">\n\t\t\t\t\t<div class=\"aux-parallax-section elementor-column elementor-col-66 elementor-top-column elementor-element elementor-element-5ec8e10\" data-id=\"5ec8e10\" data-element_type=\"column\" data-settings=\"{&quot;background_background&quot;:&quot;classic&quot;}\">\n\t\t\t<div class=\"elementor-column-wrap elementor-element-populated\">\n\t\t\t\t\t\t\t<div class=\"elementor-widget-wrap\">\n\t\t\t\t\t\t<div class=\"elementor-element elementor-element-d9ee89e elementor-widget elementor-widget-heading\" data-id=\"d9ee89e\" data-element_type=\"widget\" data-widget_type=\"heading.default\">\n\t\t\t\t<div class=\"elementor-widget-container\">\n\t\t\t<h2 class=\"elementor-heading-title elementor-size-default\">Ce este o fa\u021bet\u0103 dentar\u0103 laminat\u0103?<\/h2>\t\t<\/div>\n\t\t\t\t<\/div>\n\t\t\t\t<div class=\"elementor-element elementor-element-245e2d8 elementor-widget elementor-widget-text-editor\" data-id=\"245e2d8\" data-element_type=\"widget\" data-widget_type=\"text-editor.default\">\n\t\t\t\t<div class=\"elementor-widget-container\">\n\t\t\t\t\t\t\t\t<div class=\"elementor-text-editor elementor-clearfix\">\n\t\t\t\t<p>Fa\u021betele laminate, cunoscute colocvial \u0219i sub denumirea de por\u021belan laminat, se aplic\u0103 prin lipirea unor straturi foarte sub\u021biri de por\u021belan pe suprafa\u021ba frontal\u0103 a dintelui. Este necesar\u0103 o interven\u021bie minim\u0103 asupra structurii dintelui, p\u0103str\u00e2nd \u00een mare m\u0103sur\u0103 dintele natural. Acestea sunt adesea folosite pentru a corecta decolorarea din\u021bilor, abaterile minore de aliniere sau fracturile mici. Structura lor sub\u021bire \u0219i transparent\u0103 ofer\u0103 un aspect remarcabil de natural.    <\/p>\n\t\t\t\t\t<\/div>\n\t\t\t\t\t\t<\/div>\n\t\t\t\t<\/div>\n\t\t\t\t\t\t<\/div>\n\t\t\t\t\t<\/div>\n\t\t<\/div>\n\t\t\t\t<div class=\"aux-parallax-section elementor-column elementor-col-33 elementor-top-column elementor-element elementor-element-21709a2\" data-id=\"21709a2\" data-element_type=\"column\">\n\t\t\t<div class=\"elementor-column-wrap elementor-element-populated\">\n\t\t\t\t\t\t\t<div class=\"elementor-widget-wrap\">\n\t\t\t\t\t\t<div class=\"elementor-element elementor-element-8397b3d elementor-widget elementor-widget-image\" data-id=\"8397b3d\" data-element_type=\"widget\" data-widget_type=\"image.default\">\n\t\t\t\t<div class=\"elementor-widget-container\">\n\t\t\t\t\t\t\t\t<div class=\"elementor-image\">\n\t\t\t\t\t\t\t\t\t\t\t\t<img decoding=\"async\" width=\"1080\" height=\"1350\" src=\"https:\/\/avrupaubkdental.com\/wp-content\/uploads\/2025\/09\/lamina-dis-kaplama-ile-porselen-kaplama-arasindaki-farklar-1.jpg\" class=\"attachment-full size-full wp-image-8590\" alt=\"\" srcset=\"https:\/\/avrupaubkdental.com\/wp-content\/uploads\/2025\/09\/lamina-dis-kaplama-ile-porselen-kaplama-arasindaki-farklar-1.jpg 1080w, https:\/\/avrupaubkdental.com\/wp-content\/uploads\/2025\/09\/lamina-dis-kaplama-ile-porselen-kaplama-arasindaki-farklar-1-200x250.jpg 200w\" sizes=\"(max-width: 1080px) 100vw, 1080px\" \/>\t\t\t\t\t\t\t\t\t\t\t\t\t\t<\/div>\n\t\t\t\t\t\t<\/div>\n\t\t\t\t<\/div>\n\t\t\t\t\t\t<\/div>\n\t\t\t\t\t<\/div>\n\t\t<\/div>\n\t\t\t\t\t\t\t\t<\/div>\n\t\t\t\t\t<\/div>\n\t\t<\/section>\n\t\t\t\t<section class=\"elementor-section elementor-top-section elementor-element elementor-element-44f28db elementor-section-boxed elementor-section-height-default elementor-section-height-default\" data-id=\"44f28db\" data-element_type=\"section\" data-settings=\"{&quot;background_background&quot;:&quot;classic&quot;}\">\n\t\t\t\t\t\t<div class=\"elementor-container elementor-column-gap-default\">\n\t\t\t\t\t\t\t<div class=\"elementor-row\">\n\t\t\t\t\t<div class=\"aux-parallax-section elementor-column elementor-col-33 elementor-top-column elementor-element elementor-element-dc2b9e4\" data-id=\"dc2b9e4\" data-element_type=\"column\">\n\t\t\t<div class=\"elementor-column-wrap elementor-element-populated\">\n\t\t\t\t\t\t\t<div class=\"elementor-widget-wrap\">\n\t\t\t\t\t\t<div class=\"elementor-element elementor-element-7e3f69c elementor-widget elementor-widget-image\" data-id=\"7e3f69c\" data-element_type=\"widget\" data-widget_type=\"image.default\">\n\t\t\t\t<div class=\"elementor-widget-container\">\n\t\t\t\t\t\t\t\t<div class=\"elementor-image\">\n\t\t\t\t\t\t\t\t\t\t\t\t<img decoding=\"async\" width=\"1080\" height=\"1350\" src=\"https:\/\/avrupaubkdental.com\/wp-content\/uploads\/2025\/09\/lamina-dis-kaplama-ile-porselen-kaplama-arasindaki-farklar-2.jpg\" class=\"attachment-full size-full wp-image-8596\" alt=\"\" srcset=\"https:\/\/avrupaubkdental.com\/wp-content\/uploads\/2025\/09\/lamina-dis-kaplama-ile-porselen-kaplama-arasindaki-farklar-2.jpg 1080w, https:\/\/avrupaubkdental.com\/wp-content\/uploads\/2025\/09\/lamina-dis-kaplama-ile-porselen-kaplama-arasindaki-farklar-2-200x250.jpg 200w\" sizes=\"(max-width: 1080px) 100vw, 1080px\" \/>\t\t\t\t\t\t\t\t\t\t\t\t\t\t<\/div>\n\t\t\t\t\t\t<\/div>\n\t\t\t\t<\/div>\n\t\t\t\t\t\t<\/div>\n\t\t\t\t\t<\/div>\n\t\t<\/div>\n\t\t\t\t<div class=\"aux-parallax-section elementor-column elementor-col-66 elementor-top-column elementor-element elementor-element-b683173\" data-id=\"b683173\" data-element_type=\"column\">\n\t\t\t<div class=\"elementor-column-wrap elementor-element-populated\">\n\t\t\t\t\t\t\t<div class=\"elementor-widget-wrap\">\n\t\t\t\t\t\t<div class=\"elementor-element elementor-element-71b2a47 elementor-widget elementor-widget-heading\" data-id=\"71b2a47\" data-element_type=\"widget\" data-widget_type=\"heading.default\">\n\t\t\t\t<div class=\"elementor-widget-container\">\n\t\t\t<h2 class=\"elementor-heading-title elementor-size-default\">Ce este o fa\u021bet\u0103 de por\u021belan?<\/h2>\t\t<\/div>\n\t\t\t\t<\/div>\n\t\t\t\t<div class=\"elementor-element elementor-element-ee51d4d elementor-widget elementor-widget-text-editor\" data-id=\"ee51d4d\" data-element_type=\"widget\" data-widget_type=\"text-editor.default\">\n\t\t\t\t<div class=\"elementor-widget-container\">\n\t\t\t\t\t\t\t\t<div class=\"elementor-text-editor elementor-clearfix\">\n\t\t\t\t<p>Fa\u021betele de por\u021belan sunt solu\u021bii restauratoare care acoper\u0103 \u00eentregul dinte. Deoarece necesit\u0103 mai mult\u0103 \u0219lefuire, o por\u021biune mai mare a dintelui este redus\u0103 \u00een dimensiune \u0219i apoi acoperit\u0103 cu por\u021belan. Sunt utilizate pentru a cre\u0219te durabilitatea \u00een cazurile de carii, fracturi mari, din\u021bi care au suferit tratamente de canal sau deform\u0103ri structurale severe. Aceste fa\u021bete sunt mai durabile \u0219i mai rezistente dec\u00e2t fa\u021betele laminate.   <\/p>\n\t\t\t\t\t<\/div>\n\t\t\t\t\t\t<\/div>\n\t\t\t\t<\/div>\n\t\t\t\t<div class=\"elementor-element elementor-element-31806d5 elementor-widget elementor-widget-heading\" data-id=\"31806d5\" data-element_type=\"widget\" data-widget_type=\"heading.default\">\n\t\t\t\t<div class=\"elementor-widget-container\">\n\t\t\t<h2 class=\"elementor-heading-title elementor-size-default\">Diferen\u021be dintre cele dou\u0103 acoperiri<\/h2>\t\t<\/div>\n\t\t\t\t<\/div>\n\t\t\t\t<div class=\"elementor-element elementor-element-5e029f3 elementor-widget elementor-widget-text-editor\" data-id=\"5e029f3\" data-element_type=\"widget\" data-widget_type=\"text-editor.default\">\n\t\t\t\t<div class=\"elementor-widget-container\">\n\t\t\t\t\t\t\t\t<div class=\"elementor-text-editor elementor-clearfix\">\n\t\t\t\t<p>Fa\u021betele laminate sunt o procedur\u0103 minim invaziv\u0103 conceput\u0103 \u00een principal din motive estetice. Fa\u021betele din por\u021belan, pe de alt\u0103 parte, reprezint\u0103 o solu\u021bie puternic\u0103 at\u00e2t din motive estetice, c\u00e2t \u0219i func\u021bionale \u0219i sunt preferate \u00een special \u00een cazurile de pierdere semnificativ\u0103 a din\u021bilor. Fa\u021betele laminate ofer\u0103 un aspect mai natural, \u00een timp ce fa\u021betele din por\u021belan se remarc\u0103 prin durabilitatea lor.  <\/p>\n\t\t\t\t\t<\/div>\n\t\t\t\t\t\t<\/div>\n\t\t\t\t<\/div>\n\t\t\t\t\t\t<\/div>\n\t\t\t\t\t<\/div>\n\t\t<\/div>\n\t\t\t\t\t\t\t\t<\/div>\n\t\t\t\t\t<\/div>\n\t\t<\/section>\n\t\t\t\t<section class=\"elementor-section elementor-top-section elementor-element elementor-element-8f9a5c2 elementor-section-boxed elementor-section-height-default elementor-section-height-default\" data-id=\"8f9a5c2\" data-element_type=\"section\" data-settings=\"{&quot;background_background&quot;:&quot;classic&quot;}\">\n\t\t\t\t\t\t<div class=\"elementor-container elementor-column-gap-default\">\n\t\t\t\t\t\t\t<div class=\"elementor-row\">\n\t\t\t\t\t<div class=\"aux-parallax-section elementor-column elementor-col-66 elementor-top-column elementor-element elementor-element-6f195f9\" data-id=\"6f195f9\" data-element_type=\"column\" data-settings=\"{&quot;background_background&quot;:&quot;classic&quot;}\">\n\t\t\t<div class=\"elementor-column-wrap elementor-element-populated\">\n\t\t\t\t\t\t\t<div class=\"elementor-widget-wrap\">\n\t\t\t\t\t\t<div class=\"elementor-element elementor-element-ad27ada elementor-widget elementor-widget-heading\" data-id=\"ad27ada\" data-element_type=\"widget\" data-widget_type=\"heading.default\">\n\t\t\t\t<div class=\"elementor-widget-container\">\n\t\t\t<h2 class=\"elementor-heading-title elementor-size-default\">Care ar trebui preferat \u00een ce situa\u021bie?<\/h2>\t\t<\/div>\n\t\t\t\t<\/div>\n\t\t\t\t<div class=\"elementor-element elementor-element-24bf56a elementor-widget elementor-widget-text-editor\" data-id=\"24bf56a\" data-element_type=\"widget\" data-widget_type=\"text-editor.default\">\n\t\t\t\t<div class=\"elementor-widget-container\">\n\t\t\t\t\t\t\t\t<div class=\"elementor-text-editor elementor-clearfix\">\n\t\t\t\t<p>Alegerea se face \u00een func\u021bie de nevoile individuale \u0219i de structura dentar\u0103. Pentru persoanele cu preocup\u0103ri doar estetice \u0219i din\u021bi puternici, fa\u021betele laminate sunt solu\u021bia ideal\u0103. Cu toate acestea, pentru persoanele cu leziuni severe ale din\u021bilor, plombe mari sau sl\u0103biciuni structurale, fa\u021betele din por\u021belan sunt mai potrivite. Prin urmare, cea mai bun\u0103 decizie se ia dup\u0103 o examinare am\u0103nun\u021bit\u0103 de c\u0103tre un medic stomatolog specialist.   <\/p>\n\t\t\t\t\t<\/div>\n\t\t\t\t\t\t<\/div>\n\t\t\t\t<\/div>\n\t\t\t\t\t\t<\/div>\n\t\t\t\t\t<\/div>\n\t\t<\/div>\n\t\t\t\t<div class=\"aux-parallax-section elementor-column elementor-col-33 elementor-top-column elementor-element elementor-element-c691ac5\" data-id=\"c691ac5\" data-element_type=\"column\">\n\t\t\t<div class=\"elementor-column-wrap elementor-element-populated\">\n\t\t\t\t\t\t\t<div class=\"elementor-widget-wrap\">\n\t\t\t\t\t\t<div class=\"elementor-element elementor-element-2ac086e elementor-widget elementor-widget-image\" data-id=\"2ac086e\" data-element_type=\"widget\" data-widget_type=\"image.default\">\n\t\t\t\t<div class=\"elementor-widget-container\">\n\t\t\t\t\t\t\t\t<div class=\"elementor-image\">\n\t\t\t\t\t\t\t\t\t\t\t\t<img decoding=\"async\" width=\"1080\" height=\"1350\" src=\"https:\/\/avrupaubkdental.com\/wp-content\/uploads\/2025\/09\/lamina-dis-kaplama-ile-porselen-kaplama-arasindaki-farklar-3.jpg\" class=\"attachment-full size-full wp-image-8602\" alt=\"\" srcset=\"https:\/\/avrupaubkdental.com\/wp-content\/uploads\/2025\/09\/lamina-dis-kaplama-ile-porselen-kaplama-arasindaki-farklar-3.jpg 1080w, https:\/\/avrupaubkdental.com\/wp-content\/uploads\/2025\/09\/lamina-dis-kaplama-ile-porselen-kaplama-arasindaki-farklar-3-200x250.jpg 200w\" sizes=\"(max-width: 1080px) 100vw, 1080px\" \/>\t\t\t\t\t\t\t\t\t\t\t\t\t\t<\/div>\n\t\t\t\t\t\t<\/div>\n\t\t\t\t<\/div>\n\t\t\t\t\t\t<\/div>\n\t\t\t\t\t<\/div>\n\t\t<\/div>\n\t\t\t\t\t\t\t\t<\/div>\n\t\t\t\t\t<\/div>\n\t\t<\/section>\n\t\t\t\t<section class=\"elementor-section elementor-top-section elementor-element elementor-element-33d9791 elementor-section-boxed elementor-section-height-default elementor-section-height-default\" data-id=\"33d9791\" data-element_type=\"section\">\n\t\t\t\t\t\t\t<div class=\"elementor-background-overlay\"><\/div>\n\t\t\t\t\t\t\t<div class=\"elementor-container elementor-column-gap-default\">\n\t\t\t\t\t\t\t<div class=\"elementor-row\">\n\t\t\t\t\t<div class=\"aux-parallax-section elementor-column elementor-col-100 elementor-top-column elementor-element elementor-element-f41da64\" data-id=\"f41da64\" data-element_type=\"column\">\n\t\t\t<div class=\"elementor-column-wrap elementor-element-populated\">\n\t\t\t\t\t\t\t<div class=\"elementor-widget-wrap\">\n\t\t\t\t\t\t<div class=\"elementor-element elementor-element-44ec201 elementor-widget elementor-widget-spacer\" data-id=\"44ec201\" data-element_type=\"widget\" data-widget_type=\"spacer.default\">\n\t\t\t\t<div class=\"elementor-widget-container\">\n\t\t\t\t\t<div class=\"elementor-spacer\">\n\t\t\t<div class=\"elementor-spacer-inner\"><\/div>\n\t\t<\/div>\n\t\t\t\t<\/div>\n\t\t\t\t<\/div>\n\t\t\t\t<div class=\"elementor-element elementor-element-4488dcd elementor-widget elementor-widget-spacer\" data-id=\"4488dcd\" data-element_type=\"widget\" data-widget_type=\"spacer.default\">\n\t\t\t\t<div class=\"elementor-widget-container\">\n\t\t\t\t\t<div class=\"elementor-spacer\">\n\t\t\t<div class=\"elementor-spacer-inner\"><\/div>\n\t\t<\/div>\n\t\t\t\t<\/div>\n\t\t\t\t<\/div>\n\t\t\t\t\t\t<\/div>\n\t\t\t\t\t<\/div>\n\t\t<\/div>\n\t\t\t\t\t\t\t\t<\/div>\n\t\t\t\t\t<\/div>\n\t\t<\/section>\n\t\t\t\t\t\t\t\t\t<\/div>\n\t\t\t<\/div>\n\t\t\t\t\t<\/div>\n\t\t","protected":false},"excerpt":{"rendered":"<p>Diferen\u021bele dintre fa\u021betele laminate \u0219i cele din por\u021belan Stomatologia cosmetic\u0103 ofer\u0103 ast\u0103zi o varietate de op\u021biuni de tratament pentru un z\u00e2mbet s\u0103n\u0103tos \u0219i frumos. Dou\u0103 dintre cele mai populare op\u021biuni sunt fa\u021betele laminate \u0219i fa\u021betele din por\u021belan. De\u0219i ambele au ca scop \u00eembun\u0103t\u0103\u021birea esteticii z\u00e2mbetului, ele prezint\u0103 diferen\u021be semnificative \u00een ceea ce prive\u0219te metodele de [&hellip;]<\/p>\n","protected":false},"author":1,"featured_media":8608,"comment_status":"open","ping_status":"open","sticky":false,"template":"elementor_header_footer","format":"standard","meta":{"_joinchat":[],"footnotes":""},"categories":[29],"tags":[],"class_list":["post-8621","post","type-post","status-publish","format-standard","has-post-thumbnail","hentry","category-uncategorized-ro"],"yoast_head":"<!-- This site is optimized with the Yoast SEO plugin v27.4 - https:\/\/yoast.com\/product\/yoast-seo-wordpress\/ -->\n<title>Diferen\u021bele dintre fa\u021betele laminate \u0219i cele din por\u021belan - Avrupa UBK Dental Bayrampa\u015fa<\/title>\n<meta name=\"robots\" content=\"index, follow, max-snippet:-1, max-image-preview:large, max-video-preview:-1\" \/>\n<link rel=\"canonical\" href=\"https:\/\/avrupaubkdental.com\/ro\/diferentele-dintre-fatetele-laminate-si-cele-din-portelan\/\" \/>\n<meta property=\"og:locale\" content=\"ro_RO\" \/>\n<meta property=\"og:type\" content=\"article\" \/>\n<meta property=\"og:title\" content=\"Diferen\u021bele dintre fa\u021betele laminate \u0219i cele din por\u021belan - Avrupa UBK Dental Bayrampa\u015fa\" \/>\n<meta property=\"og:description\" content=\"Diferen\u021bele dintre fa\u021betele laminate \u0219i cele din por\u021belan Stomatologia cosmetic\u0103 ofer\u0103 ast\u0103zi o varietate de op\u021biuni de tratament pentru un z\u00e2mbet s\u0103n\u0103tos \u0219i frumos. Dou\u0103 dintre cele mai populare op\u021biuni sunt fa\u021betele laminate \u0219i fa\u021betele din por\u021belan. De\u0219i ambele au ca scop \u00eembun\u0103t\u0103\u021birea esteticii z\u00e2mbetului, ele prezint\u0103 diferen\u021be semnificative \u00een ceea ce prive\u0219te metodele de [&hellip;]\" \/>\n<meta property=\"og:url\" content=\"https:\/\/avrupaubkdental.com\/ro\/diferentele-dintre-fatetele-laminate-si-cele-din-portelan\/\" \/>\n<meta property=\"og:site_name\" content=\"Avrupa UBK Dental Bayrampa\u015fa\" \/>\n<meta property=\"article:published_time\" content=\"2025-09-30T12:38:48+00:00\" \/>\n<meta property=\"article:modified_time\" content=\"2025-09-30T12:39:06+00:00\" \/>\n<meta property=\"og:image\" content=\"https:\/\/avrupaubkdental.com\/wp-content\/uploads\/2025\/09\/lamina-dis-kaplama-ile-porselen-kaplama-arasindaki-farklarv2.jpg\" \/>\n\t<meta property=\"og:image:width\" content=\"1660\" \/>\n\t<meta property=\"og:image:height\" content=\"1080\" \/>\n\t<meta property=\"og:image:type\" content=\"image\/jpeg\" \/>\n<meta name=\"author\" content=\"burak\" \/>\n<meta name=\"twitter:card\" content=\"summary_large_image\" \/>\n<meta name=\"twitter:label1\" content=\"Scris de\" \/>\n\t<meta name=\"twitter:data1\" content=\"burak\" \/>\n\t<meta name=\"twitter:label2\" content=\"Timp estimat pentru citire\" \/>\n\t<meta name=\"twitter:data2\" content=\"2 minute\" \/>\n<script type=\"application\/ld+json\" class=\"yoast-schema-graph\">{\"@context\":\"https:\\\/\\\/schema.org\",\"@graph\":[{\"@type\":\"Article\",\"@id\":\"https:\\\/\\\/avrupaubkdental.com\\\/ro\\\/diferentele-dintre-fatetele-laminate-si-cele-din-portelan\\\/#article\",\"isPartOf\":{\"@id\":\"https:\\\/\\\/avrupaubkdental.com\\\/ro\\\/diferentele-dintre-fatetele-laminate-si-cele-din-portelan\\\/\"},\"author\":{\"name\":\"burak\",\"@id\":\"https:\\\/\\\/avrupaubkdental.com\\\/ro\\\/#\\\/schema\\\/person\\\/76c7a1c48e922f069d538d16be02e02e\"},\"headline\":\"Diferen\u021bele dintre fa\u021betele laminate \u0219i cele din por\u021belan\",\"datePublished\":\"2025-09-30T12:38:48+00:00\",\"dateModified\":\"2025-09-30T12:39:06+00:00\",\"mainEntityOfPage\":{\"@id\":\"https:\\\/\\\/avrupaubkdental.com\\\/ro\\\/diferentele-dintre-fatetele-laminate-si-cele-din-portelan\\\/\"},\"wordCount\":420,\"commentCount\":0,\"publisher\":{\"@id\":\"https:\\\/\\\/avrupaubkdental.com\\\/ro\\\/#organization\"},\"image\":{\"@id\":\"https:\\\/\\\/avrupaubkdental.com\\\/ro\\\/diferentele-dintre-fatetele-laminate-si-cele-din-portelan\\\/#primaryimage\"},\"thumbnailUrl\":\"https:\\\/\\\/avrupaubkdental.com\\\/wp-content\\\/uploads\\\/2025\\\/09\\\/lamina-dis-kaplama-ile-porselen-kaplama-arasindaki-farklarv2.jpg\",\"articleSection\":[\"Uncategorized @ro\"],\"inLanguage\":\"ro-RO\",\"potentialAction\":[{\"@type\":\"CommentAction\",\"name\":\"Comment\",\"target\":[\"https:\\\/\\\/avrupaubkdental.com\\\/ro\\\/diferentele-dintre-fatetele-laminate-si-cele-din-portelan\\\/#respond\"]}]},{\"@type\":\"WebPage\",\"@id\":\"https:\\\/\\\/avrupaubkdental.com\\\/ro\\\/diferentele-dintre-fatetele-laminate-si-cele-din-portelan\\\/\",\"url\":\"https:\\\/\\\/avrupaubkdental.com\\\/ro\\\/diferentele-dintre-fatetele-laminate-si-cele-din-portelan\\\/\",\"name\":\"Diferen\u021bele dintre fa\u021betele laminate \u0219i cele din por\u021belan - Avrupa UBK Dental Bayrampa\u015fa\",\"isPartOf\":{\"@id\":\"https:\\\/\\\/avrupaubkdental.com\\\/ro\\\/#website\"},\"primaryImageOfPage\":{\"@id\":\"https:\\\/\\\/avrupaubkdental.com\\\/ro\\\/diferentele-dintre-fatetele-laminate-si-cele-din-portelan\\\/#primaryimage\"},\"image\":{\"@id\":\"https:\\\/\\\/avrupaubkdental.com\\\/ro\\\/diferentele-dintre-fatetele-laminate-si-cele-din-portelan\\\/#primaryimage\"},\"thumbnailUrl\":\"https:\\\/\\\/avrupaubkdental.com\\\/wp-content\\\/uploads\\\/2025\\\/09\\\/lamina-dis-kaplama-ile-porselen-kaplama-arasindaki-farklarv2.jpg\",\"datePublished\":\"2025-09-30T12:38:48+00:00\",\"dateModified\":\"2025-09-30T12:39:06+00:00\",\"breadcrumb\":{\"@id\":\"https:\\\/\\\/avrupaubkdental.com\\\/ro\\\/diferentele-dintre-fatetele-laminate-si-cele-din-portelan\\\/#breadcrumb\"},\"inLanguage\":\"ro-RO\",\"potentialAction\":[{\"@type\":\"ReadAction\",\"target\":[\"https:\\\/\\\/avrupaubkdental.com\\\/ro\\\/diferentele-dintre-fatetele-laminate-si-cele-din-portelan\\\/\"]}]},{\"@type\":\"ImageObject\",\"inLanguage\":\"ro-RO\",\"@id\":\"https:\\\/\\\/avrupaubkdental.com\\\/ro\\\/diferentele-dintre-fatetele-laminate-si-cele-din-portelan\\\/#primaryimage\",\"url\":\"https:\\\/\\\/avrupaubkdental.com\\\/wp-content\\\/uploads\\\/2025\\\/09\\\/lamina-dis-kaplama-ile-porselen-kaplama-arasindaki-farklarv2.jpg\",\"contentUrl\":\"https:\\\/\\\/avrupaubkdental.com\\\/wp-content\\\/uploads\\\/2025\\\/09\\\/lamina-dis-kaplama-ile-porselen-kaplama-arasindaki-farklarv2.jpg\",\"width\":1660,\"height\":1080},{\"@type\":\"BreadcrumbList\",\"@id\":\"https:\\\/\\\/avrupaubkdental.com\\\/ro\\\/diferentele-dintre-fatetele-laminate-si-cele-din-portelan\\\/#breadcrumb\",\"itemListElement\":[{\"@type\":\"ListItem\",\"position\":1,\"name\":\"Home\",\"item\":\"https:\\\/\\\/avrupaubkdental.com\\\/ro\\\/\"},{\"@type\":\"ListItem\",\"position\":2,\"name\":\"Diferen\u021bele dintre fa\u021betele laminate \u0219i cele din por\u021belan\"}]},{\"@type\":\"WebSite\",\"@id\":\"https:\\\/\\\/avrupaubkdental.com\\\/ro\\\/#website\",\"url\":\"https:\\\/\\\/avrupaubkdental.com\\\/ro\\\/\",\"name\":\"Avrupa UBK Dental\",\"description\":\"\",\"publisher\":{\"@id\":\"https:\\\/\\\/avrupaubkdental.com\\\/ro\\\/#organization\"},\"potentialAction\":[{\"@type\":\"SearchAction\",\"target\":{\"@type\":\"EntryPoint\",\"urlTemplate\":\"https:\\\/\\\/avrupaubkdental.com\\\/ro\\\/?s={search_term_string}\"},\"query-input\":{\"@type\":\"PropertyValueSpecification\",\"valueRequired\":true,\"valueName\":\"search_term_string\"}}],\"inLanguage\":\"ro-RO\"},{\"@type\":\"Organization\",\"@id\":\"https:\\\/\\\/avrupaubkdental.com\\\/ro\\\/#organization\",\"name\":\"Avrupa UBK Dental\",\"url\":\"https:\\\/\\\/avrupaubkdental.com\\\/ro\\\/\",\"logo\":{\"@type\":\"ImageObject\",\"inLanguage\":\"ro-RO\",\"@id\":\"https:\\\/\\\/avrupaubkdental.com\\\/ro\\\/#\\\/schema\\\/logo\\\/image\\\/\",\"url\":\"https:\\\/\\\/avrupaubkdental.com\\\/wp-content\\\/uploads\\\/2023\\\/09\\\/cropped-AVR.-DIK-DUZ-SATIR-PNG.png\",\"contentUrl\":\"https:\\\/\\\/avrupaubkdental.com\\\/wp-content\\\/uploads\\\/2023\\\/09\\\/cropped-AVR.-DIK-DUZ-SATIR-PNG.png\",\"width\":150,\"height\":150,\"caption\":\"Avrupa UBK Dental\"},\"image\":{\"@id\":\"https:\\\/\\\/avrupaubkdental.com\\\/ro\\\/#\\\/schema\\\/logo\\\/image\\\/\"},\"sameAs\":[\"https:\\\/\\\/www.instagram.com\\\/avrupaubkdental\\\/\"]},{\"@type\":\"Person\",\"@id\":\"https:\\\/\\\/avrupaubkdental.com\\\/ro\\\/#\\\/schema\\\/person\\\/76c7a1c48e922f069d538d16be02e02e\",\"name\":\"burak\",\"image\":{\"@type\":\"ImageObject\",\"inLanguage\":\"ro-RO\",\"@id\":\"https:\\\/\\\/secure.gravatar.com\\\/avatar\\\/f746707d3bcfbee87fcc797fe3676d9f7bdbc2fe5ebae5f99c9cb63cc0378230?s=96&d=mm&r=g\",\"url\":\"https:\\\/\\\/secure.gravatar.com\\\/avatar\\\/f746707d3bcfbee87fcc797fe3676d9f7bdbc2fe5ebae5f99c9cb63cc0378230?s=96&d=mm&r=g\",\"contentUrl\":\"https:\\\/\\\/secure.gravatar.com\\\/avatar\\\/f746707d3bcfbee87fcc797fe3676d9f7bdbc2fe5ebae5f99c9cb63cc0378230?s=96&d=mm&r=g\",\"caption\":\"burak\"},\"sameAs\":[\"http:\\\/\\\/avrupaubkdental.com\"],\"url\":\"https:\\\/\\\/avrupaubkdental.com\\\/ro\\\/author\\\/burak\\\/\"}]}<\/script>\n<!-- \/ Yoast SEO plugin. -->","yoast_head_json":{"title":"Diferen\u021bele dintre fa\u021betele laminate \u0219i cele din por\u021belan - Avrupa UBK Dental Bayrampa\u015fa","robots":{"index":"index","follow":"follow","max-snippet":"max-snippet:-1","max-image-preview":"max-image-preview:large","max-video-preview":"max-video-preview:-1"},"canonical":"https:\/\/avrupaubkdental.com\/ro\/diferentele-dintre-fatetele-laminate-si-cele-din-portelan\/","og_locale":"ro_RO","og_type":"article","og_title":"Diferen\u021bele dintre fa\u021betele laminate \u0219i cele din por\u021belan - Avrupa UBK Dental Bayrampa\u015fa","og_description":"Diferen\u021bele dintre fa\u021betele laminate \u0219i cele din por\u021belan Stomatologia cosmetic\u0103 ofer\u0103 ast\u0103zi o varietate de op\u021biuni de tratament pentru un z\u00e2mbet s\u0103n\u0103tos \u0219i frumos. Dou\u0103 dintre cele mai populare op\u021biuni sunt fa\u021betele laminate \u0219i fa\u021betele din por\u021belan. De\u0219i ambele au ca scop \u00eembun\u0103t\u0103\u021birea esteticii z\u00e2mbetului, ele prezint\u0103 diferen\u021be semnificative \u00een ceea ce prive\u0219te metodele de [&hellip;]","og_url":"https:\/\/avrupaubkdental.com\/ro\/diferentele-dintre-fatetele-laminate-si-cele-din-portelan\/","og_site_name":"Avrupa UBK Dental Bayrampa\u015fa","article_published_time":"2025-09-30T12:38:48+00:00","article_modified_time":"2025-09-30T12:39:06+00:00","og_image":[{"width":1660,"height":1080,"url":"https:\/\/avrupaubkdental.com\/wp-content\/uploads\/2025\/09\/lamina-dis-kaplama-ile-porselen-kaplama-arasindaki-farklarv2.jpg","type":"image\/jpeg"}],"author":"burak","twitter_card":"summary_large_image","twitter_misc":{"Scris de":"burak","Timp estimat pentru citire":"2 minute"},"schema":{"@context":"https:\/\/schema.org","@graph":[{"@type":"Article","@id":"https:\/\/avrupaubkdental.com\/ro\/diferentele-dintre-fatetele-laminate-si-cele-din-portelan\/#article","isPartOf":{"@id":"https:\/\/avrupaubkdental.com\/ro\/diferentele-dintre-fatetele-laminate-si-cele-din-portelan\/"},"author":{"name":"burak","@id":"https:\/\/avrupaubkdental.com\/ro\/#\/schema\/person\/76c7a1c48e922f069d538d16be02e02e"},"headline":"Diferen\u021bele dintre fa\u021betele laminate \u0219i cele din por\u021belan","datePublished":"2025-09-30T12:38:48+00:00","dateModified":"2025-09-30T12:39:06+00:00","mainEntityOfPage":{"@id":"https:\/\/avrupaubkdental.com\/ro\/diferentele-dintre-fatetele-laminate-si-cele-din-portelan\/"},"wordCount":420,"commentCount":0,"publisher":{"@id":"https:\/\/avrupaubkdental.com\/ro\/#organization"},"image":{"@id":"https:\/\/avrupaubkdental.com\/ro\/diferentele-dintre-fatetele-laminate-si-cele-din-portelan\/#primaryimage"},"thumbnailUrl":"https:\/\/avrupaubkdental.com\/wp-content\/uploads\/2025\/09\/lamina-dis-kaplama-ile-porselen-kaplama-arasindaki-farklarv2.jpg","articleSection":["Uncategorized @ro"],"inLanguage":"ro-RO","potentialAction":[{"@type":"CommentAction","name":"Comment","target":["https:\/\/avrupaubkdental.com\/ro\/diferentele-dintre-fatetele-laminate-si-cele-din-portelan\/#respond"]}]},{"@type":"WebPage","@id":"https:\/\/avrupaubkdental.com\/ro\/diferentele-dintre-fatetele-laminate-si-cele-din-portelan\/","url":"https:\/\/avrupaubkdental.com\/ro\/diferentele-dintre-fatetele-laminate-si-cele-din-portelan\/","name":"Diferen\u021bele dintre fa\u021betele laminate \u0219i cele din por\u021belan - Avrupa UBK Dental Bayrampa\u015fa","isPartOf":{"@id":"https:\/\/avrupaubkdental.com\/ro\/#website"},"primaryImageOfPage":{"@id":"https:\/\/avrupaubkdental.com\/ro\/diferentele-dintre-fatetele-laminate-si-cele-din-portelan\/#primaryimage"},"image":{"@id":"https:\/\/avrupaubkdental.com\/ro\/diferentele-dintre-fatetele-laminate-si-cele-din-portelan\/#primaryimage"},"thumbnailUrl":"https:\/\/avrupaubkdental.com\/wp-content\/uploads\/2025\/09\/lamina-dis-kaplama-ile-porselen-kaplama-arasindaki-farklarv2.jpg","datePublished":"2025-09-30T12:38:48+00:00","dateModified":"2025-09-30T12:39:06+00:00","breadcrumb":{"@id":"https:\/\/avrupaubkdental.com\/ro\/diferentele-dintre-fatetele-laminate-si-cele-din-portelan\/#breadcrumb"},"inLanguage":"ro-RO","potentialAction":[{"@type":"ReadAction","target":["https:\/\/avrupaubkdental.com\/ro\/diferentele-dintre-fatetele-laminate-si-cele-din-portelan\/"]}]},{"@type":"ImageObject","inLanguage":"ro-RO","@id":"https:\/\/avrupaubkdental.com\/ro\/diferentele-dintre-fatetele-laminate-si-cele-din-portelan\/#primaryimage","url":"https:\/\/avrupaubkdental.com\/wp-content\/uploads\/2025\/09\/lamina-dis-kaplama-ile-porselen-kaplama-arasindaki-farklarv2.jpg","contentUrl":"https:\/\/avrupaubkdental.com\/wp-content\/uploads\/2025\/09\/lamina-dis-kaplama-ile-porselen-kaplama-arasindaki-farklarv2.jpg","width":1660,"height":1080},{"@type":"BreadcrumbList","@id":"https:\/\/avrupaubkdental.com\/ro\/diferentele-dintre-fatetele-laminate-si-cele-din-portelan\/#breadcrumb","itemListElement":[{"@type":"ListItem","position":1,"name":"Home","item":"https:\/\/avrupaubkdental.com\/ro\/"},{"@type":"ListItem","position":2,"name":"Diferen\u021bele dintre fa\u021betele laminate \u0219i cele din por\u021belan"}]},{"@type":"WebSite","@id":"https:\/\/avrupaubkdental.com\/ro\/#website","url":"https:\/\/avrupaubkdental.com\/ro\/","name":"Avrupa UBK Dental","description":"","publisher":{"@id":"https:\/\/avrupaubkdental.com\/ro\/#organization"},"potentialAction":[{"@type":"SearchAction","target":{"@type":"EntryPoint","urlTemplate":"https:\/\/avrupaubkdental.com\/ro\/?s={search_term_string}"},"query-input":{"@type":"PropertyValueSpecification","valueRequired":true,"valueName":"search_term_string"}}],"inLanguage":"ro-RO"},{"@type":"Organization","@id":"https:\/\/avrupaubkdental.com\/ro\/#organization","name":"Avrupa UBK Dental","url":"https:\/\/avrupaubkdental.com\/ro\/","logo":{"@type":"ImageObject","inLanguage":"ro-RO","@id":"https:\/\/avrupaubkdental.com\/ro\/#\/schema\/logo\/image\/","url":"https:\/\/avrupaubkdental.com\/wp-content\/uploads\/2023\/09\/cropped-AVR.-DIK-DUZ-SATIR-PNG.png","contentUrl":"https:\/\/avrupaubkdental.com\/wp-content\/uploads\/2023\/09\/cropped-AVR.-DIK-DUZ-SATIR-PNG.png","width":150,"height":150,"caption":"Avrupa UBK Dental"},"image":{"@id":"https:\/\/avrupaubkdental.com\/ro\/#\/schema\/logo\/image\/"},"sameAs":["https:\/\/www.instagram.com\/avrupaubkdental\/"]},{"@type":"Person","@id":"https:\/\/avrupaubkdental.com\/ro\/#\/schema\/person\/76c7a1c48e922f069d538d16be02e02e","name":"burak","image":{"@type":"ImageObject","inLanguage":"ro-RO","@id":"https:\/\/secure.gravatar.com\/avatar\/f746707d3bcfbee87fcc797fe3676d9f7bdbc2fe5ebae5f99c9cb63cc0378230?s=96&d=mm&r=g","url":"https:\/\/secure.gravatar.com\/avatar\/f746707d3bcfbee87fcc797fe3676d9f7bdbc2fe5ebae5f99c9cb63cc0378230?s=96&d=mm&r=g","contentUrl":"https:\/\/secure.gravatar.com\/avatar\/f746707d3bcfbee87fcc797fe3676d9f7bdbc2fe5ebae5f99c9cb63cc0378230?s=96&d=mm&r=g","caption":"burak"},"sameAs":["http:\/\/avrupaubkdental.com"],"url":"https:\/\/avrupaubkdental.com\/ro\/author\/burak\/"}]}},"_links":{"self":[{"href":"https:\/\/avrupaubkdental.com\/ro\/wp-json\/wp\/v2\/posts\/8621","targetHints":{"allow":["GET"]}}],"collection":[{"href":"https:\/\/avrupaubkdental.com\/ro\/wp-json\/wp\/v2\/posts"}],"about":[{"href":"https:\/\/avrupaubkdental.com\/ro\/wp-json\/wp\/v2\/types\/post"}],"author":[{"embeddable":true,"href":"https:\/\/avrupaubkdental.com\/ro\/wp-json\/wp\/v2\/users\/1"}],"replies":[{"embeddable":true,"href":"https:\/\/avrupaubkdental.com\/ro\/wp-json\/wp\/v2\/comments?post=8621"}],"version-history":[{"count":3,"href":"https:\/\/avrupaubkdental.com\/ro\/wp-json\/wp\/v2\/posts\/8621\/revisions"}],"predecessor-version":[{"id":8624,"href":"https:\/\/avrupaubkdental.com\/ro\/wp-json\/wp\/v2\/posts\/8621\/revisions\/8624"}],"wp:featuredmedia":[{"embeddable":true,"href":"https:\/\/avrupaubkdental.com\/ro\/wp-json\/wp\/v2\/media\/8608"}],"wp:attachment":[{"href":"https:\/\/avrupaubkdental.com\/ro\/wp-json\/wp\/v2\/media?parent=8621"}],"wp:term":[{"taxonomy":"category","embeddable":true,"href":"https:\/\/avrupaubkdental.com\/ro\/wp-json\/wp\/v2\/categories?post=8621"},{"taxonomy":"post_tag","embeddable":true,"href":"https:\/\/avrupaubkdental.com\/ro\/wp-json\/wp\/v2\/tags?post=8621"}],"curies":[{"name":"wp","href":"https:\/\/api.w.org\/{rel}","templated":true}]}}